{"id":233056,"date":"2025-07-07T16:56:12","date_gmt":"2025-07-07T16:56:12","guid":{"rendered":"https:\/\/www.europesays.com\/fr\/233056\/"},"modified":"2025-07-07T16:56:12","modified_gmt":"2025-07-07T16:56:12","slug":"les-rafales-font-chuter-des-arbres-sur-la-chaussee","status":"publish","type":"post","link":"https:\/\/www.europesays.com\/fr\/233056\/","title":{"rendered":"les rafales font chuter des arbres sur la chauss\u00e9e"},"content":{"rendered":"<p>L\u2019orage \u2013 bref mais intense \u2014 qui s\u2019est abattu sur l\u2019agglom\u00e9ration grenobloise, ce lundi 7\u00a0juillet vers 17\u00a0h\u00a030, a provoqu\u00e9 la chute de plusieurs arbres sur la chauss\u00e9e, notamment \u00e0 Meylan, Saint-Martin-d\u2019H\u00e8res\u2026 et jusque sous les fen\u00eatres de la direction d\u00e9partementale des services d\u2019incendie et de secours (Sdis 38), \u00e0 Fontaine, o\u00f9 une voiture, heureusement vide d\u2019occupant, a \u00e9t\u00e9 partiellement \u00e9cras\u00e9e.<\/p>\n<p>Ce contenu est bloqu\u00e9 car vous n&rsquo;avez pas accept\u00e9 les cookies et autres traceurs.<\/p>\n<p>En cliquant sur \u00ab J\u2019accepte \u00bb, les cookies et autres traceurs seront d\u00e9pos\u00e9s et vous pourrez visualiser les contenus  (<a href=\"\" class=\"consentModule_policy\" target=\"_blank\" title=\"Consulter la politique de protection des donn\u00e9es du fournisseur\">plus d&rsquo;informations<\/a>).<\/p>\n<p>En cliquant sur \u00ab J\u2019accepte tous les cookies \u00bb, vous autorisez des d\u00e9p\u00f4ts de cookies et autres traceurs pour le stockage de vos donn\u00e9es sur nos sites et applications \u00e0 des fins de personnalisation et de ciblage publicitaire.<\/p>\n<p class=\"consentModule_secondaryText\">Vous gardez la possibilit\u00e9 de retirer votre consentement \u00e0 tout moment en consultant notre <a href=\"https:\/\/www.ledauphine.com\/protection-des-donnees\" target=\"_blank\" title=\"Consulter notre politique de protection des donn\u00e9es\" rel=\"nofollow noopener\">politique de protection des donn\u00e9es<\/a>. <br \/>&#13;<br \/>\n            <a href=\"https:\/\/www.ledauphine.com\/faits-divers-justice\/2025\/07\/07\/javascript:Didomi.notice.show()\" class=\"consentModule_cmp\" rel=\"nofollow noopener\" target=\"_blank\">G\u00e9rer mes choix<\/a>&#13;\n        <\/p>\n<p>&#13;<br \/>\n                        J&rsquo;accepte&#13;<br \/>\n            J&rsquo;accepte tous les cookies&#13;\n        <\/p>\n","protected":false},"excerpt":{"rendered":"L\u2019orage \u2013 bref mais intense \u2014 qui s\u2019est abattu sur l\u2019agglom\u00e9ration grenobloise, ce lundi 7\u00a0juillet vers 17\u00a0h\u00a030, a&hellip;\n","protected":false},"author":2,"featured_media":233057,"comment_status":"","ping_status":"","sticky":false,"template":"","format":"standard","meta":{"footnotes":""},"categories":[9566],"tags":[119,1111,11,2430,112,1777,674,274,107,1011,27,2731,2732,108,9597,12,25,9448],"class_list":{"0":"post-233056","1":"post","2":"type-post","3":"status-publish","4":"format-standard","5":"has-post-thumbnail","7":"category-grenoble","8":"tag-accident","9":"tag-actu","10":"tag-actualites","11":"tag-auvergne-rhone-alpes","12":"tag-edition-grenoble-agglomeration","13":"tag-eu","14":"tag-europe","15":"tag-faits-divers-justice","16":"tag-fil-info","17":"tag-fr","18":"tag-france","19":"tag-grenoble","20":"tag-grenoble-bassin","21":"tag-isere","22":"tag-meylan","23":"tag-news","24":"tag-republique-francaise","25":"tag-saint-martin-dheres"},"share_on_mastodon":{"url":"https:\/\/pubeurope.com\/@fr\/114813008860907270","error":""},"_links":{"self":[{"href":"https:\/\/www.europesays.com\/fr\/wp-json\/wp\/v2\/posts\/233056","targetHints":{"allow":["GET"]}}],"collection":[{"href":"https:\/\/www.europesays.com\/fr\/wp-json\/wp\/v2\/posts"}],"about":[{"href":"https:\/\/www.europesays.com\/fr\/wp-json\/wp\/v2\/types\/post"}],"author":[{"embeddable":true,"href":"https:\/\/www.europesays.com\/fr\/wp-json\/wp\/v2\/users\/2"}],"replies":[{"embeddable":true,"href":"https:\/\/www.europesays.com\/fr\/wp-json\/wp\/v2\/comments?post=233056"}],"version-history":[{"count":0,"href":"https:\/\/www.europesays.com\/fr\/wp-json\/wp\/v2\/posts\/233056\/revisions"}],"wp:featuredmedia":[{"embeddable":true,"href":"https:\/\/www.europesays.com\/fr\/wp-json\/wp\/v2\/media\/233057"}],"wp:attachment":[{"href":"https:\/\/www.europesays.com\/fr\/wp-json\/wp\/v2\/media?parent=233056"}],"wp:term":[{"taxonomy":"category","embeddable":true,"href":"https:\/\/www.europesays.com\/fr\/wp-json\/wp\/v2\/categories?post=233056"},{"taxonomy":"post_tag","embeddable":true,"href":"https:\/\/www.europesays.com\/fr\/wp-json\/wp\/v2\/tags?post=233056"}],"curies":[{"name":"wp","href":"https:\/\/api.w.org\/{rel}","templated":true}]}}