{"id":233060,"date":"2025-07-07T16:58:09","date_gmt":"2025-07-07T16:58:09","guid":{"rendered":"https:\/\/www.europesays.com\/fr\/233060\/"},"modified":"2025-07-07T16:58:09","modified_gmt":"2025-07-07T16:58:09","slug":"un-rennais-investi-dans-le-sport-condamne","status":"publish","type":"post","link":"https:\/\/www.europesays.com\/fr\/233060\/","title":{"rendered":"un Rennais \u00ab\u00a0investi dans le sport\u00a0\u00bb condamn\u00e9"},"content":{"rendered":"<p>            Par<br \/>\n        <strong><br \/>\n            <a href=\"https:\/\/actu.fr\/auteur\/redaction-rennes\" title=\"Consulter tous les articles de R\u00e9daction Rennes\" rel=\"nofollow noopener\" target=\"_blank\">R\u00e9daction Rennes<\/a><br \/>\n        <\/strong><\/p>\n<p>        Publi\u00e9 le<\/p>\n<p>            7 juil. 2025 \u00e0 17h48        <\/p>\n<p>Un <strong>ancien footballeur amateur<\/strong> du Cercle Paul-Bert (CPB) de Cleunay a \u00e9t\u00e9 jug\u00e9 mardi 1er\u00a0juillet 2025 par le tribunal correctionnel de <a href=\"https:\/\/actu.fr\/rennes\/\" rel=\"nofollow noopener\" target=\"_blank\">Rennes<\/a> (Ille-et-Vilaine), pour avoir accept\u00e9 \u00ab\u2009une mission\u2009\u00bb consistant \u00e0 <strong>transporter de la drogue<\/strong> entre la capitale bretonne et <a href=\"https:\/\/actu.fr\/bretagne\/lannion_22113\" rel=\"nofollow noopener\" target=\"_blank\">Lannion<\/a> (C\u00f4tes-d\u2019Armor).<\/p>\n<p class=\" wall-content\">Est\u00e9ban, \u00e2g\u00e9 de <strong>24\u00a0ans,<\/strong> avait \u00e9t\u00e9 interpell\u00e9 sur l\u2019aire d\u2019Armor et d\u2019Argoat, entre <a href=\"https:\/\/actu.fr\/bretagne\/saint-gilles_35275\" rel=\"nofollow noopener\" target=\"_blank\">Saint-Gilles<\/a> et <a href=\"https:\/\/actu.fr\/bretagne\/pace_35210\" rel=\"nofollow noopener\" target=\"_blank\">Pac\u00e9<\/a>, dans la nuit au 3 au 4\u00a0d\u00e9cembre 2023\u2009: les douaniers avaient retrouv\u00e9 dans sa voiture <strong>77 g de r\u00e9sine de cannabis, une \u00ab\u2009dague\u2009\u00bb (poignard ou \u00e9p\u00e9e courte, N.D.L.R.) et 7\u2009690 euros en liquide.<\/strong><\/p>\n<p>Une \u00ab\u2009mission\u2009\u00bb propos\u00e9e sur Telegram<\/p>\n<p class=\" wall-content\">Lors de son audition, il avait reconnu avoir accept\u00e9 cette \u00ab\u2009mission\u2009\u00bb propos\u00e9e sur le r\u00e9seau social <a href=\"https:\/\/actu.fr\/societe\/telegram-un-pretre-un-grand-pere-55-hommes-interpelles-en-france-pour-pedocriminalite_62673134.html\" rel=\"nofollow noopener\" target=\"_blank\">Telegram<\/a> dans un <strong>groupe de discussion<\/strong> consacr\u00e9 au trafic de stup\u00e9fiants. Il \u00e9tait <strong>charg\u00e9 de \u00ab\u2009transmettre une somme et des stup\u00e9fiants \u00e0 un tiers\u2009\u00bb<\/strong> \u00e0 Lannion, pr\u00e9cise-t-on lors de son proc\u00e8s.<\/p>\n<p class=\" wall-content\">Reste que cette \u00ab\u2009mission isol\u00e9e\u2009\u00bb et \u00ab\u2009tr\u00e8s peu r\u00e9mun\u00e9r\u00e9e\u2009\u00bb avait \u00e9t\u00e9 \u00ab\u2009accept\u00e9e sans recul\u2009\u00bb par son client, observe son avocate\u2009: le jeune footballeur, qui avait r\u00e9cup\u00e9r\u00e9 les 7\u2009690 euros \u00ab\u2009apr\u00e8s le sport\u2009\u00bb, devait <strong>toucher \u00ab\u2009100\u00a0euros\u2009\u00bb<\/strong> pour ce convoyage.<\/p>\n<p class=\" wall-content\">Il affirme par ailleurs qu\u2019<strong>il ignorait l\u2019origine des fonds<\/strong> qui lui avaient \u00e9t\u00e9 remis et qu\u2019il n\u2019a jamais pris part \u00e0 un trafic.<\/p>\n<p>Sa m\u00e8re \u00ab\u2009tombe des nues\u2009\u00bb<\/p>\n<p class=\" wall-content\">Sa propre m\u00e8re est d\u2019ailleurs \u00ab\u2009tomb\u00e9e des nues\u2009\u00bb quand elle a appris que ce fils \u00ab\u2009investi dans le sport depuis des ann\u00e9es\u2009\u00bb avait pris part un tel convoyage\u2009: ses deux enfants \u00ab\u2009n\u2019\u00e9taient <strong>pas dans le besoin\u2009\u00bb<\/strong> financi\u00e8rement.<\/p>\n<p class=\" wall-content\">Depuis, Est\u00e9ban affirme avoir arr\u00eat\u00e9 de \u00ab\u2009consommer\u2009\u00bb des stup\u00e9fiants\u2009: il a d\u00e9m\u00e9nag\u00e9 \u00e0 Annemasse (Haute-Savoie) et<strong> travaille \u00e0 pr\u00e9sent pour une association humanitaire<\/strong> en Suisse o\u00f9 il fait du \u00ab\u2009fundraising\u2009\u00bb, c\u2019est-\u00e0-dire de la collecte de fonds aupr\u00e8s de particuliers, d\u2019entreprises ou de fondations.<\/p>\n<p class=\" wall-content\">Il a finalement \u00e9cop\u00e9 de<strong> huit mois de prison avec sursis,<\/strong> d\u2019une interdiction de d\u00e9tenir une arme pendant trois ans. Il devra enfin payer une <strong>amende de 700\u00a0euros<\/strong> aux douanes.<\/p>\n<p class=\" wall-content\"><strong>LBe (PressPepper)<\/strong><\/p>\n<p class=\" wall-content\">Suivez toute l\u2019actualit\u00e9 de vos villes et m\u00e9dias favoris en vous inscrivant \u00e0 <a href=\"https:\/\/moncompte.actu.fr\" title=\"D\u00e9couvez Mon Actu\" rel=\"nofollow noopener\" data-trk=\"{&quot;cta&quot;:{&quot;action&quot;:&quot;https:\\\/\\\/moncompte.actu.fr&quot;,&quot;category&quot;:&quot;mon compte&quot;,&quot;from&quot;:&quot;article footer&quot;,&quot;name&quot;:&quot;Mon actu&quot;,&quot;type&quot;:&quot;cta&quot;}}\" target=\"_blank\">Mon Actu<\/a>.<\/p>\n","protected":false},"excerpt":{"rendered":"Par R\u00e9daction Rennes Publi\u00e9 le 7 juil. 2025 \u00e0 17h48 Un ancien footballeur amateur du Cercle Paul-Bert (CPB)&hellip;\n","protected":false},"author":2,"featured_media":233061,"comment_status":"","ping_status":"","sticky":false,"template":"","format":"standard","meta":{"footnotes":""},"categories":[2821],"tags":[1111,11,829,1777,674,118,1011,27,303,12,584,25],"class_list":{"0":"post-233060","1":"post","2":"type-post","3":"status-publish","4":"format-standard","5":"has-post-thumbnail","7":"category-rennes","8":"tag-actu","9":"tag-actualites","10":"tag-bretagne","11":"tag-eu","12":"tag-europe","13":"tag-faits-divers","14":"tag-fr","15":"tag-france","16":"tag-justice","17":"tag-news","18":"tag-rennes","19":"tag-republique-francaise"},"share_on_mastodon":{"url":"https:\/\/pubeurope.com\/@fr\/114813016655104427","error":""},"_links":{"self":[{"href":"https:\/\/www.europesays.com\/fr\/wp-json\/wp\/v2\/posts\/233060","targetHints":{"allow":["GET"]}}],"collection":[{"href":"https:\/\/www.europesays.com\/fr\/wp-json\/wp\/v2\/posts"}],"about":[{"href":"https:\/\/www.europesays.com\/fr\/wp-json\/wp\/v2\/types\/post"}],"author":[{"embeddable":true,"href":"https:\/\/www.europesays.com\/fr\/wp-json\/wp\/v2\/users\/2"}],"replies":[{"embeddable":true,"href":"https:\/\/www.europesays.com\/fr\/wp-json\/wp\/v2\/comments?post=233060"}],"version-history":[{"count":0,"href":"https:\/\/www.europesays.com\/fr\/wp-json\/wp\/v2\/posts\/233060\/revisions"}],"wp:featuredmedia":[{"embeddable":true,"href":"https:\/\/www.europesays.com\/fr\/wp-json\/wp\/v2\/media\/233061"}],"wp:attachment":[{"href":"https:\/\/www.europesays.com\/fr\/wp-json\/wp\/v2\/media?parent=233060"}],"wp:term":[{"taxonomy":"category","embeddable":true,"href":"https:\/\/www.europesays.com\/fr\/wp-json\/wp\/v2\/categories?post=233060"},{"taxonomy":"post_tag","embeddable":true,"href":"https:\/\/www.europesays.com\/fr\/wp-json\/wp\/v2\/tags?post=233060"}],"curies":[{"name":"wp","href":"https:\/\/api.w.org\/{rel}","templated":true}]}}