{"id":233070,"date":"2025-07-07T17:03:09","date_gmt":"2025-07-07T17:03:09","guid":{"rendered":"https:\/\/www.europesays.com\/fr\/233070\/"},"modified":"2025-07-07T17:03:09","modified_gmt":"2025-07-07T17:03:09","slug":"une-bande-de-voleurs-a-velo-nouvelle-hantise-des-commerces-du-centre-ville","status":"publish","type":"post","link":"https:\/\/www.europesays.com\/fr\/233070\/","title":{"rendered":"une bande de voleurs \u00e0 v\u00e9lo, nouvelle hantise des commerces du centre-ville"},"content":{"rendered":"<p>Pas moins de 6 commerces ont \u00e9t\u00e9 cambriol\u00e9s dans la nuit de dimanche \u00e0 lundi. Les forces de l\u2019ordre sont \u00e0 la recherche d\u2019une paire de cambrioleurs qui se d\u00e9place \u00e0 deux-roues.<\/p>\n<p class=\"fig-paragraph\">Ils \u00e9cument, de nuit, le centre de ville\u00a0<a href=\"https:\/\/www.lefigaro.fr\/nantes\" target=\"_blank\" data-fig-type=\"Section\" rel=\"noopener\" data-gtm-custom-categorie=\"navigation\" data-gtm-custom-action=\"crossclick\" data-gtm-custom-label=\"Contextuel\" data-gtm-event=\"customEventSPE\" data-fig-domain=\"LEFIGARO\">de Nantes<\/a>, \u00e0 l\u2019aff\u00fbt de vitrines all\u00e9chantes. La police de la cit\u00e9 des ducs est \u00e0 l\u2019aff\u00fbt de deux malfrats \u00e0 v\u00e9lo, suspect\u00e9s d\u2019\u00eatre les auteurs d\u2019une quinzaine de vols nocturnes dont ont \u00e9t\u00e9 victimes autant\u00a0<a href=\"http:\/\/www.lefigaro.fr\/nantes\/le-centre-de-nantes-confronte-a-la-fermeture-de-plus-en-plus-de-commerces-20240622\" target=\"_blank\" data-fig-type=\"NewsFlash\" rel=\"noopener\" data-gtm-custom-categorie=\"navigation\" data-gtm-custom-action=\"crossclick\" data-gtm-custom-label=\"Contextuel\" data-gtm-event=\"customEventSPE\" data-fig-domain=\"LEFIGARO\">de commer\u00e7ants et de restaurateurs de l\u2019hypercentre nantais<\/a>. Or il y a urgence\u00a0: l\u2019app\u00e9tit des voleurs s\u2019est r\u00e9cemment chang\u00e9 en boulimie. Pas moins de six adresses ont \u00e9t\u00e9 d\u00e9valis\u00e9es en l\u2019espace de quelques heures, dans la seule nuit du dimanche 6 au lundi 7 juillet.<\/p>\n<p class=\"fig-paragraph\">Un\u00a0<a href=\"http:\/\/www.lefigaro.fr\/economie\/cecile-guillou-dirigeante-de-proximite-20241222\" target=\"_blank\" data-fig-type=\"Article\" rel=\"noopener\" data-gtm-custom-categorie=\"navigation\" data-gtm-custom-action=\"crossclick\" data-gtm-custom-label=\"Contextuel\" data-gtm-event=\"customEventSPE\" data-fig-domain=\"LEFIGARO\">magasin Picard<\/a>, une guinguette, un vendeur de tacos, un vendeur de kebab, deux tables\u00a0<a href=\"https:\/\/madame.lefigaro.fr\/bien-etre\/pourquoi-il-faut-eviter-de-manger-des-poke-bowls-130921-198064\" target=\"_blank\" data-fig-type=\"Article\" rel=\"noopener\" data-gtm-custom-categorie=\"navigation\" data-gtm-custom-action=\"crossclick\" data-gtm-custom-label=\"Contextuel\" data-gtm-event=\"customEventSPE\" data-fig-domain=\"MADAME\">\u00e0 pok\u00e9s<\/a>\u00a0et divers autres restaurants figurent parmi les victimes de ces vols par effraction. Plusieurs plaintes ont \u00e9t\u00e9 d\u00e9pos\u00e9es. Selon la police, les voleurs op\u00e8rent toujours selon le m\u00eame mode op\u00e9ratoire, en for\u00e7ant les portes d\u2019entr\u00e9es des \u00e9tablissements avant de s\u2019emparer des coffres-forts ou de leur contenu, quand ils le peuvent, et de d\u00e9valiser les fonds de caisse.<\/p>\n<p>                                    <a class=\"fig-a11y-skip a11y-hidden\" href=\"#fig-a11y-skip-main-inarticle\"><br \/>\n        Passer la publicit\u00e9<br \/>\n    <\/a><\/p>\n<p class=\"fig-paragraph\">\u00abCette nuit, ils ont m\u00eame arrach\u00e9 tout le syst\u00e8me de vid\u00e9osurveillance d\u2019un commer\u00e7ant, sans doute pour \u00e9viter d\u2019\u00eatre reconnus. Les cam\u00e9ras des autres commer\u00e7ants pourront peut-\u00eatre \u00eatre exploit\u00e9es\u00bb, indique une source polici\u00e8re nantaise. Cette s\u00e9rie de vols \u00e0 v\u00e9lo a \u00e9t\u00e9 identifi\u00e9e depuis la fin du mois de juin par les forces de l\u2019ordre. Les investigations se poursuivent, indique le commissariat central de Nantes. Les enqu\u00eateurs finalisent une synth\u00e8se des faits et des diff\u00e9rents pr\u00e9judices. Les cambrioleurs sur deux-roues, eux, roulent encore.<\/p>\n","protected":false},"excerpt":{"rendered":"Pas moins de 6 commerces ont \u00e9t\u00e9 cambriol\u00e9s dans la nuit de dimanche \u00e0 lundi. Les forces de&hellip;\n","protected":false},"author":2,"featured_media":233071,"comment_status":"","ping_status":"","sticky":false,"template":"","format":"standard","meta":{"footnotes":""},"categories":[2818],"tags":[1111,11,6941,1777,674,1011,27,766,12,2636,25],"class_list":{"0":"post-233070","1":"post","2":"type-post","3":"status-publish","4":"format-standard","5":"has-post-thumbnail","7":"category-nantes","8":"tag-actu","9":"tag-actualites","10":"tag-braquage","11":"tag-eu","12":"tag-europe","13":"tag-fr","14":"tag-france","15":"tag-nantes","16":"tag-news","17":"tag-pays-de-la-loire","18":"tag-republique-francaise"},"share_on_mastodon":{"url":"https:\/\/pubeurope.com\/@fr\/114813036556832328","error":""},"_links":{"self":[{"href":"https:\/\/www.europesays.com\/fr\/wp-json\/wp\/v2\/posts\/233070","targetHints":{"allow":["GET"]}}],"collection":[{"href":"https:\/\/www.europesays.com\/fr\/wp-json\/wp\/v2\/posts"}],"about":[{"href":"https:\/\/www.europesays.com\/fr\/wp-json\/wp\/v2\/types\/post"}],"author":[{"embeddable":true,"href":"https:\/\/www.europesays.com\/fr\/wp-json\/wp\/v2\/users\/2"}],"replies":[{"embeddable":true,"href":"https:\/\/www.europesays.com\/fr\/wp-json\/wp\/v2\/comments?post=233070"}],"version-history":[{"count":0,"href":"https:\/\/www.europesays.com\/fr\/wp-json\/wp\/v2\/posts\/233070\/revisions"}],"wp:featuredmedia":[{"embeddable":true,"href":"https:\/\/www.europesays.com\/fr\/wp-json\/wp\/v2\/media\/233071"}],"wp:attachment":[{"href":"https:\/\/www.europesays.com\/fr\/wp-json\/wp\/v2\/media?parent=233070"}],"wp:term":[{"taxonomy":"category","embeddable":true,"href":"https:\/\/www.europesays.com\/fr\/wp-json\/wp\/v2\/categories?post=233070"},{"taxonomy":"post_tag","embeddable":true,"href":"https:\/\/www.europesays.com\/fr\/wp-json\/wp\/v2\/tags?post=233070"}],"curies":[{"name":"wp","href":"https:\/\/api.w.org\/{rel}","templated":true}]}}