{"id":233072,"date":"2025-07-07T17:04:10","date_gmt":"2025-07-07T17:04:10","guid":{"rendered":"https:\/\/www.europesays.com\/fr\/233072\/"},"modified":"2025-07-07T17:04:10","modified_gmt":"2025-07-07T17:04:10","slug":"a-18-ans-alexandre-fait-1-800-km-a-velo-pour-aider-les-enfants-malades","status":"publish","type":"post","link":"https:\/\/www.europesays.com\/fr\/233072\/","title":{"rendered":"\u00e0 18 ans, Alexandre fait 1 800 km \u00e0 v\u00e9lo pour aider les enfants malades"},"content":{"rendered":"<p>            Par<br \/>\n        <strong><br \/>\n            <a href=\"https:\/\/actu.fr\/auteur\/thomas-bernard\" title=\"Consulter tous les articles de Thomas Bernard\" target=\"_blank\" rel=\"noopener\">Thomas Bernard<\/a><br \/>\n        <\/strong><\/p>\n<p>        Publi\u00e9 le<\/p>\n<p>            7 juil. 2025 \u00e0 18h59        <\/p>\n<p>\u00c0 l\u2019heure o\u00f9 184 coureurs participent au <a href=\"https:\/\/actu.fr\/tag\/tour-de-france-2025\" target=\"_blank\" rel=\"noopener\">Tour de France 2025<\/a>, un Nantais vit sa \u00ab\u2009Grande Boucle\u2009\u00bb. Ce lundi 7\u00a0juillet 2025, pr\u00e8s des escaliers de la butte Sainte-Anne dans le quartier Chantenay, un cycliste au maillot blanc et jaune se pr\u00e9pare \u00e0 l\u2019aventure d\u2019une vie.<\/p>\n<p class=\" wall-content\"><strong>Alexandre Bouchet<\/strong>, 18\u00a0ans depuis le 1er\u00a0juillet, sera sur son v\u00e9lo pendant deux semaines. Contrairement aux cyclistes du Tour de France, le jeune homme ne va pas se contenter des fronti\u00e8res hexagonales pour son p\u00e9riple \u00e0 v\u00e9lo.<\/p>\n<p class=\" wall-content\">Au d\u00e9part de la cit\u00e9 des ducs de Bretagne, Alexandre veut<a href=\"https:\/\/www.alexandrebouchet.fr\/\" target=\"_blank\" rel=\"noopener\"> rallier \u00e0 bicyclette la ville de Tanger au Maroc, en passant par l\u2019Espagne<\/a>. Un d\u00e9fi humain au profit de <a href=\"https:\/\/www.chainedelespoir.org\/\" target=\"_blank\" rel=\"noopener\">La Cha\u00eene de l\u2019Espoir<\/a>, association qui vient en <strong>aide aux enfants malades et donne acc\u00e8s aux soins m\u00e9dico-chirurgicaux pour les personnes vuln\u00e9rables<\/strong>.<\/p>\n<p class=\" wall-content\">Nous avons rencontr\u00e9 le jeune homme quelques minutes avant son d\u00e9part pour l\u2019aventure.<\/p>\n<p>\u00ab\u2009Le contact humanitaire, \u00e7a me parle beaucoup\u2009\u00bb<\/p>\n<p class=\" wall-content\">De la butte Sainte-Anne \u00e0 Tanger, il n\u2019y a qu\u2019un pas, enfin <strong>1\u2009749\u00a0km de distance pour \u00eatre pr\u00e9cis<\/strong>. D\u00e8s 12h, ce lundi 7\u00a0juillet, une cinquantaine de personnes a partag\u00e9 un moment convivial avant le grand d\u00e9fi d\u2019Alexandre.<\/p>\n<p class=\" wall-content\">Tomb\u00e9 amoureux du v\u00e9lo, il y a quatre ans, le tout r\u00e9cent bachelier, avec mention, voulait allier <strong>\u00ab\u2009sa passion du v\u00e9lo \u00e0 une bonne cause\u2009\u00bb<\/strong>.<\/p>\n<p class=\" wall-content\">Le v\u00e9lo et le caritatif, ce n\u2019est pas nouveau pour le Nantais. En 2023, alors \u00e2g\u00e9 de 15\u00a0ans, le cycliste <strong>rejoint Paris en quatre jours<\/strong> pour r\u00e9pondre \u00e0 un d\u00e9fi de La Cha\u00eene de l\u2019Espoir, son premier contact avec l\u2019association.<\/p>\n<blockquote class=\"ac-article-quote wall-content\">\n<p>Cette association m&rsquo;a touch\u00e9 car elle vient en aide aux enfants partout dans le monde qui n&rsquo;ont pas acc\u00e8s aux soins. \u00c7a aurait pu arriver \u00e0 des amis ou \u00e0 moi. J&rsquo;ai envie de contribuer en aidant l&rsquo;asso. Le contact humanitaire \u00e7a me parle beaucoup.<\/p>\n<p>    <strong>Alexandre Bouchet<\/strong>\n            <\/p><\/blockquote>\n<p class=\" wall-content\">Des b\u00e9n\u00e9voles de l\u2019association sont venus encourager Alexandre avant son d\u00e9part. Tous ont salu\u00e9 \u00ab\u2009l\u2019implication remarquable\u2009\u00bb du jeune homme.<\/p>\n<p class=\" wall-content\">Pour concr\u00e9tiser son projet, le lyc\u00e9en, est aid\u00e9 de Tristan, rattach\u00e9 \u00e0 la Cha\u00eene de l\u2019Espoir. Sponsoring, budget pr\u00e9visionnel, logistique, r\u00e9servation, nourriture, Alexandre et Tristan ont travaill\u00e9 de concert pour pr\u00e9parer le parcours.<\/p>\n<p class=\" wall-content\">Alexandre a d\u00e9j\u00e0 lanc\u00e9 <a href=\"https:\/\/www.helloasso.com\/associations\/la-chaine-de-l-espoir\/collectes\/defi-velo-nantes-tanger-au-profit-de-la-chaine-de-l-espoir\" target=\"_blank\" rel=\"noopener\">une collecte de fonds au profit de l\u2019association<\/a> dont le premier palier est fix\u00e9 \u00e0 <strong>1\u2009800\u00a0euros<\/strong>. \u00c0 l\u2019heure actuelle, la cagnotte atteint 1\u2009600\u00a0euros. \u00ab\u2009Avec ces 1\u2009800\u00a0euros, <strong>le but est d\u2019op\u00e9rer deux enfants atteints du bec-de-li\u00e8vre\u2009\u00bb<\/strong>, d\u00e9crit Alexandre.<\/p>\n<p class=\" wall-content\"><a href=\"https:\/\/www.instagram.com\/p\/DLw_6MZNT5F\/embed\" title=\"Ouvrir le lien sur Instagram\" target=\"_blank\" rel=\"noopener\">Visualiser le contenu sur Instagram<\/a><\/p>\n<p class=\" wall-content\">Chaque ann\u00e9e, l\u2019association finance l\u2019op\u00e9ration d\u2019une dizaine d\u2019enfants atteints d\u2019une pathologie cardiaque (dont le pays d\u2019origine ne dispose pas des structures de soins adapt\u00e9es) \u00e0 Nantes.<\/p>\n<p class=\" wall-content\">Des enfants accueillis par 35\u00a0familles en Loire-Atlantique, dont Na\u00efma pr\u00e9sente ce lundi 7\u00a0juillet.<\/p>\n<p class=\" wall-content\">En fonction de la cagnotte, Alexandre esp\u00e8re pouvoir financer des op\u00e9rations pour des enfants malades.<\/p>\n<p>120 \u00e0 130\u00a0km par jour<\/p>\n<p class=\" wall-content\">\u00ab\u2009Il n\u2019y a pas grand-chose sur le v\u00e9lo pour deux semaines\u2009\u00bb, glisse une supportrice d\u2019Alexandre.<\/p>\n<p class=\" wall-content\">\u00c0 premi\u00e8re vue, <strong>le deux-roues semble \u00ab\u2009l\u00e9ger\u2009\u00bb<\/strong> pour une travers\u00e9e de 1\u2009800\u00a0km. \u00ab\u2009Je suis tr\u00e8s minimaliste\u2009\u00bb, rigole le jeune homme.<\/p>\n<p class=\" wall-content\">Trousse de toilettes, cuissard et maillot de rechange, barres de c\u00e9r\u00e9ales, gourdes, drapeau du Maroc, tongs, trois chambres \u00e0 air et du mat\u00e9riel pour changer les roues\u2009: le cycliste a pris \u00ab\u2009tout ce qu\u2019il fallait\u2009\u00bb.<\/p>\n<p class=\" wall-content\">En moyenne, Alexandre va parcourir entre <strong>120 et 130\u00a0km par jour<\/strong>. L\u2019\u00e9tape la plus longue est de 180\u00a0km en Espagne, pays o\u00f9 il s\u2019est \u00ab\u2009d\u00e9j\u00e0 entra\u00een\u00e9 l\u2019ann\u00e9e derni\u00e8re\u2009\u00bb. Cet \u00e9t\u00e9, la t\u00e2che s\u2019annonce plus intense avec dix jours de travers\u00e9e dans le pays de Cervant\u00e8s et ses passages dans les Pyr\u00e9n\u00e9es. \u00ab\u2009C\u2019est le bapt\u00eame de tous les cyclistes\u2009\u00bb, sourit le Nantais.<\/p>\n<blockquote class=\"ac-article-quote wall-content\">\n<p>J&rsquo;ai envie de faire des rencontres et d\u00e9couvrir des paysages. \u00c0 v\u00e9lo, on voit des choses qu&rsquo;on ne voit nulle part ailleurs. On ne prend pas le temps quand on est en voiture.<\/p>\n<p>    <strong>Alexandre Bouchet<\/strong>\n            <\/p><\/blockquote>\n<p class=\" wall-content\">Sur les routes, Alexandre fera face \u00e0 la chaleur, aux orages et aux routes escarp\u00e9es. Le cycliste vise une arriv\u00e9e \u00e0 14h pour rejoindre la ville \u00e9tape, pour autant, la journ\u00e9e ne sera pas termin\u00e9e puisque. Le futur \u00e9tudiant \u00e0 l\u2019Esca Angers en profitera pour alimenter ses comptes <a href=\"https:\/\/www.instagram.com\/nantes_tanger_a_velo\/\" target=\"_blank\" rel=\"noopener\">Instagram<\/a> et <a href=\"https:\/\/www.tiktok.com\/@nantes_tanger_a_velo\" target=\"_blank\" rel=\"noopener\">Tik Tok<\/a>, d\u00e9di\u00e9s \u00e0 son projet. Le but\u2009? Faire <strong>partager son quotidien sur les routes<\/strong> \u00e0 sa communaut\u00e9.<\/p>\n<p>    <img   decoding=\"async\" loading=\"lazy\" src=\"https:\/\/www.europesays.com\/fr\/wp-content\/uploads\/2025\/07\/alexandre-bouchet-nantes-chaine-de-lespoir-960x640.jpeg\" alt=\"Ce lundi 7 juillet 2025, Alexandre est parti pour une aventure de 1800 km. \" width=\"960\" height=\"640\"\/><br \/>\n    Ce lundi 7\u00a0juillet 2025, Alexandre est parti pour une aventure de 1\u2009800\u00a0km. (\u00a9Thomas Bernard \/ actu Nantes)<\/p>\n<p class=\" wall-content\">\u00ab\u2009Je suis impressionn\u00e9e qu\u2019il fasse \u00e7a si jeune. Je suis impressionn\u00e9e de sa d\u00e9termination, car il peut y avoir des obstacles quand on lance un tel projet. D\u2019autant plus, cette ann\u00e9e il y avait le bac ou le concours des grandes \u00e9coles. <strong>Je suis fi\u00e8re de lui\u2009\u00bb<\/strong>, confie Isabelle, la m\u00e8re d\u2019Alexandre, qui alimentera le <a href=\"https:\/\/www.alexandrebouchet.fr\/\" target=\"_blank\" rel=\"noopener\">site internet de son fils<\/a> pendant son aventure cycliste.<\/p>\n<p class=\" wall-content\">\u00c0 12h58, le jeune homme s\u2019\u00e9clipse du moment convivial pour enfiler ses chaussures de v\u00e9lo de route et son casque. L\u2019heure du grand d\u00e9part est arriv\u00e9e. Sur son v\u00e9lo, il remercie et salue ses proches avant de descendre la rue de l\u2019Hermitage en direction de la <a href=\"https:\/\/actu.fr\/pays-de-la-loire\/la-roche-sur-yon_85191\" target=\"_blank\" rel=\"noopener\">Roche-sur-Yon<\/a>, ville o\u00f9 r\u00e9sident ses grands-parents.<\/p>\n<p class=\" wall-content\">La premi\u00e8re des <strong>15 \u00e9tapes<\/strong> pour rejoindre Tanger, lieu d\u2019arriv\u00e9 d\u2019un d\u00e9fi humanitaire pas comme les autres pour (re) donner espoir \u00e0 des enfants dans le besoin.<\/p>\n<p class=\" wall-content\">Suivez toute l\u2019actualit\u00e9 de vos villes et m\u00e9dias favoris en vous inscrivant \u00e0 <a href=\"https:\/\/moncompte.actu.fr\" title=\"D\u00e9couvez Mon Actu\" rel=\"nofollow noopener\" data-trk=\"{&quot;cta&quot;:{&quot;action&quot;:&quot;https:\\\/\\\/moncompte.actu.fr&quot;,&quot;category&quot;:&quot;mon compte&quot;,&quot;from&quot;:&quot;article footer&quot;,&quot;name&quot;:&quot;Mon actu&quot;,&quot;type&quot;:&quot;cta&quot;}}\" target=\"_blank\">Mon Actu<\/a>.<\/p>\n<p>                    <script async src=\"\/\/www.instagram.com\/embed.js\"><\/script><script async src=\"\/\/www.tiktok.com\/embed.js\"><\/script><\/p>\n","protected":false},"excerpt":{"rendered":"Par Thomas Bernard Publi\u00e9 le 7 juil. 2025 \u00e0 18h59 \u00c0 l\u2019heure o\u00f9 184 coureurs participent au Tour&hellip;\n","protected":false},"author":2,"featured_media":233073,"comment_status":"","ping_status":"","sticky":false,"template":"","format":"standard","meta":{"footnotes":""},"categories":[2818],"tags":[1111,11,1777,674,1011,27,766,12,2636,25,104,3400,208],"class_list":{"0":"post-233072","1":"post","2":"type-post","3":"status-publish","4":"format-standard","5":"has-post-thumbnail","7":"category-nantes","8":"tag-actu","9":"tag-actualites","10":"tag-eu","11":"tag-europe","12":"tag-fr","13":"tag-france","14":"tag-nantes","15":"tag-news","16":"tag-pays-de-la-loire","17":"tag-republique-francaise","18":"tag-societe","19":"tag-solidarite","20":"tag-velo"},"share_on_mastodon":{"url":"https:\/\/pubeurope.com\/@fr\/114813040526510514","error":""},"_links":{"self":[{"href":"https:\/\/www.europesays.com\/fr\/wp-json\/wp\/v2\/posts\/233072","targetHints":{"allow":["GET"]}}],"collection":[{"href":"https:\/\/www.europesays.com\/fr\/wp-json\/wp\/v2\/posts"}],"about":[{"href":"https:\/\/www.europesays.com\/fr\/wp-json\/wp\/v2\/types\/post"}],"author":[{"embeddable":true,"href":"https:\/\/www.europesays.com\/fr\/wp-json\/wp\/v2\/users\/2"}],"replies":[{"embeddable":true,"href":"https:\/\/www.europesays.com\/fr\/wp-json\/wp\/v2\/comments?post=233072"}],"version-history":[{"count":0,"href":"https:\/\/www.europesays.com\/fr\/wp-json\/wp\/v2\/posts\/233072\/revisions"}],"wp:featuredmedia":[{"embeddable":true,"href":"https:\/\/www.europesays.com\/fr\/wp-json\/wp\/v2\/media\/233073"}],"wp:attachment":[{"href":"https:\/\/www.europesays.com\/fr\/wp-json\/wp\/v2\/media?parent=233072"}],"wp:term":[{"taxonomy":"category","embeddable":true,"href":"https:\/\/www.europesays.com\/fr\/wp-json\/wp\/v2\/categories?post=233072"},{"taxonomy":"post_tag","embeddable":true,"href":"https:\/\/www.europesays.com\/fr\/wp-json\/wp\/v2\/tags?post=233072"}],"curies":[{"name":"wp","href":"https:\/\/api.w.org\/{rel}","templated":true}]}}