{"id":233076,"date":"2025-07-07T17:06:11","date_gmt":"2025-07-07T17:06:11","guid":{"rendered":"https:\/\/www.europesays.com\/fr\/233076\/"},"modified":"2025-07-07T17:06:11","modified_gmt":"2025-07-07T17:06:11","slug":"a-bordeaux-le-maire-deroule-son-plan-solaire-et-embarque-un-collectif","status":"publish","type":"post","link":"https:\/\/www.europesays.com\/fr\/233076\/","title":{"rendered":"A Bordeaux, le maire d\u00e9roule son plan solaire et embarque un collectif"},"content":{"rendered":"<p>C\u2019est sous un soleil de plomb que Pierre Hurmic, maire de Bordeaux, a officiellement lanc\u00e9, le 1er juillet, les travaux de solarisation de la base sous-marine. \u00ab\u00a0Un b\u00e2timent historique construit par les Allemands pendant la seconde guerre mondiale qui abrite un lieu culturel et aura une troisi\u00e8me vie avec la production d\u2019\u00e9nergie \u00bb, se r\u00e9jouit Laurent Guillemin, adjoint au maire de Bordeaux. Ce projet s\u2019\u00e9tendra sur 22.000 m\u00b2 avec 13.000 m2 de panneaux photovolta\u00efques install\u00e9s sur la toiture et certains pares-bombes, pour une production annuelle \u00e0 plus de 3,4 GWh, soit l\u2019\u00e9quivalent de la consommation moyenne de 770 foyers bordelais. \u00ab\u00a0Il s\u2019agira de la plus grande centrale solaire sur un b\u00e2timent historique prot\u00e9g\u00e9\u00a0en France\u00a0\u00bb, souligne le maire de Bordeaux, Pierre Hurmic. L\u2019architecte des &#8230;<\/p>\n<p class=\"blocCut__title\">\n\t\t\t\t\t\t\t\t\t[80% reste \u00e0 lire]\n\t\t\t\t\t\t\t<\/p>\n<p class=\"blocCut__title--type2\">Article r\u00e9serv\u00e9 aux abonn\u00e9s<\/p>\n<p class=\"blocCut__title--type3\">Gazette des Communes, Club Techni.Cit\u00e9s<\/p>\n<p class=\"blocCut__title--type2\">VOUS N&rsquo;\u00eaTES PAS ABONN\u00e9 ?<\/p>\n<p class=\"blocCut__title--type4\">D\u00e9couvrez nos formules et acc\u00e9dez aux articles en illimit\u00e9<\/p>\n<p>\t\t\t\t\t\t\t\t<a href=\"https:\/\/www.abonnement.infopro-digital.com\/la-gazette-des-communes\/formule\/1111\/CTA-P\" target=\"_blank\" class=\"btn__full buttonTypeA buttonTypeA--1\" rel=\"noopener\">Je m\u2019abonne<\/a><\/p>\n","protected":false},"excerpt":{"rendered":"C\u2019est sous un soleil de plomb que Pierre Hurmic, maire de Bordeaux, a officiellement lanc\u00e9, le 1er juillet,&hellip;\n","protected":false},"author":2,"featured_media":233077,"comment_status":"","ping_status":"","sticky":false,"template":"","format":"standard","meta":{"footnotes":""},"categories":[2817],"tags":[1111,9247,9245,47,11,2349,1997,9244,2830,1777,674,1011,27,37195,12,2219,1306,25,9246],"class_list":{"0":"post-233076","1":"post","2":"type-post","3":"status-publish","4":"format-standard","5":"has-post-thumbnail","7":"category-bordeaux","8":"tag-actu","9":"tag-actu-experts-technique","10":"tag-actu-technique","11":"tag-actualite","12":"tag-actualites","13":"tag-articles-reserves","14":"tag-bordeaux","15":"tag-club-technicites","16":"tag-energies-renouvelables","17":"tag-eu","18":"tag-europe","19":"tag-fr","20":"tag-france","21":"tag-hlerivrain","22":"tag-news","23":"tag-nouvelle-aquitaine","24":"tag-regions","25":"tag-republique-francaise","26":"tag-toute-lactu-technique"},"share_on_mastodon":{"url":"https:\/\/pubeurope.com\/@fr\/114813048154019602","error":""},"_links":{"self":[{"href":"https:\/\/www.europesays.com\/fr\/wp-json\/wp\/v2\/posts\/233076","targetHints":{"allow":["GET"]}}],"collection":[{"href":"https:\/\/www.europesays.com\/fr\/wp-json\/wp\/v2\/posts"}],"about":[{"href":"https:\/\/www.europesays.com\/fr\/wp-json\/wp\/v2\/types\/post"}],"author":[{"embeddable":true,"href":"https:\/\/www.europesays.com\/fr\/wp-json\/wp\/v2\/users\/2"}],"replies":[{"embeddable":true,"href":"https:\/\/www.europesays.com\/fr\/wp-json\/wp\/v2\/comments?post=233076"}],"version-history":[{"count":0,"href":"https:\/\/www.europesays.com\/fr\/wp-json\/wp\/v2\/posts\/233076\/revisions"}],"wp:featuredmedia":[{"embeddable":true,"href":"https:\/\/www.europesays.com\/fr\/wp-json\/wp\/v2\/media\/233077"}],"wp:attachment":[{"href":"https:\/\/www.europesays.com\/fr\/wp-json\/wp\/v2\/media?parent=233076"}],"wp:term":[{"taxonomy":"category","embeddable":true,"href":"https:\/\/www.europesays.com\/fr\/wp-json\/wp\/v2\/categories?post=233076"},{"taxonomy":"post_tag","embeddable":true,"href":"https:\/\/www.europesays.com\/fr\/wp-json\/wp\/v2\/tags?post=233076"}],"curies":[{"name":"wp","href":"https:\/\/api.w.org\/{rel}","templated":true}]}}