{"id":233082,"date":"2025-07-07T17:10:16","date_gmt":"2025-07-07T17:10:16","guid":{"rendered":"https:\/\/www.europesays.com\/fr\/233082\/"},"modified":"2025-07-07T17:10:16","modified_gmt":"2025-07-07T17:10:16","slug":"ou-voir-des-feux-dartifice-a-lille-et-dans-le-nord-pour-le-14-juillet","status":"publish","type":"post","link":"https:\/\/www.europesays.com\/fr\/233082\/","title":{"rendered":"o\u00f9 voir des feux d\u2019artifice \u00e0 Lille et dans le Nord pour le 14-Juillet\u00a0?"},"content":{"rendered":"<p>            Par<br \/>\n        <strong><br \/>\n            <a href=\"https:\/\/actu.fr\/auteur\/amandine-vachez\" title=\"Consulter tous les articles de Amandine Vachez\" target=\"_blank\" rel=\"noopener\">Amandine Vachez<\/a><br \/>\n        <\/strong><\/p>\n<p>        Publi\u00e9 le<\/p>\n<p>            7 juil. 2025 \u00e0 18h06        <\/p>\n<p>Des feux classiques ou des <b>shows pyrotechniques<\/b> en musique modernes\u2009: vous aurez l\u2019embarras du choix sur le secteur. On vous liste quelques-uns des<b> feux d\u2019artifice<\/b> annonc\u00e9s, dans la<b> m\u00e9tropole de Lille<\/b>, mais aussi plus largement dans le<b> Nord. <\/b>Ces spectacles f\u00e9eriques, notamment pour les plus jeunes, succ\u00e8dent la plupart du temps \u00e0 un grand <b>concert gratuit.<\/b> Le programme annonc\u00e9, pour le <b>14-Juillet\u00a02025\u2009<\/b>!<\/p>\n<p>Dans la m\u00e9tropole lilloise<\/p>\n<ul class=\" wall-content\">\n<li><b>Armenti\u00e8res\u2009: <\/b>lundi 14\u00a0juillet \u00e0 23\u2009h \u2013 avenue L\u00e9on Blum, jardin des Portes de France \u2013 <a href=\"https:\/\/www.ville-armentieres.fr\/\" target=\"_blank\" rel=\"noopener\">plus d\u2019infos<\/a>\u2009;<\/li>\n<li><b>Haubourdin (et Loos)\u2009: <\/b>dimanche 13\u00a0juillet vers 23\u2009h\u200915 \u2013 parc du ch\u00e2teau de la Pierrette \u2013 <a href=\"https:\/\/actu.fr\/hauts-de-france\/loos_59360\/haubourdin-un-chanteur-a-lenorme-tube-et-une-star-des-annees-80-en-concert-gratuit-dans-le-parc-dun-chateau_62858085.html\" target=\"_blank\" rel=\"noopener\">plus d\u2019infos<\/a>\u2009;<\/li>\n<li><b>La Madeleine\u2009:<\/b> dimanche 13\u00a0juillet d\u00e8s 23\u2009h \u2013 place des Fusill\u00e9s et D\u00e9port\u00e9s \u2013 <a href=\"https:\/\/actu.fr\/hauts-de-france\/la-madeleine_59368\/concert-du-14-juillet-la-madeleine-voit-grand-avec-quatre-chanteuses-mythiques-des-annees-2000_62785611.html\" target=\"_blank\" rel=\"noopener\">plus d\u2019infos<\/a>\u2009;<\/li>\n<li><b>Lambersart\u2009: <\/b>lundi 14\u00a0juillet \u00e0 23\u2009h, plaine du Colys\u00e9e (sur les berges de la De\u00fble) \u2013 <a href=\"https:\/\/lambersart.fr\/decouvrez-le-programme-du-14-juillet-0\" target=\"_blank\" rel=\"noopener\">plus d\u2019infos<\/a>\u2009;<\/li>\n<li><b>Lille\u2009: <\/b>lundi 14\u00a0juillet d\u00e8s 23\u2009h \u2013 Esplanade du Champ de Mars \u2013 <a href=\"https:\/\/www.lille.fr\/A-l-affiche\/Actualites\/Festivites-du-14-juillet-a-Lille\" target=\"_blank\" rel=\"noopener\">plus d\u2019infos<\/a>\u2009;<\/li>\n<li><b>Lomme\u2009:<\/b> lundi 14\u00a0juillet \u00e0 23\u2009h \u2013 Parc naturel urbain \u2013 <a href=\"https:\/\/www.calameo.com\/read\/004801840b6a97e5af43a\" target=\"_blank\" rel=\"noopener\">plus d\u2019infos<\/a>\u2009;<\/li>\n<li><b>Lys-lez-Lannoy\u2009:<\/b> lundi 14\u00a0juillet \u00e0 23\u2009h \u2013 ferme du Gauquier \u2013 <a href=\"https:\/\/lyslezlannoy.fr\/agenda\/fete-nationale\/\" target=\"_blank\" rel=\"noopener\">plus d\u2019infos<\/a>\u2009;<\/li>\n<li><b>Marcq-en-Bar\u0153ul\u2009: <\/b>dimanche 13\u00a0juillet \u00e0 23\u2009h \u2013 Hippodrome \u2013 <a href=\"https:\/\/actu.fr\/hauts-de-france\/marcq-en-baroeul_59378\/marcq-en-baroeul-voici-la-star-francaise-qui-sera-en-concert-gratuit-pour-les-fetes-du-14-juillet_62779244.html\" target=\"_blank\" rel=\"noopener\">plus d\u2019infos<\/a>\u2009;<\/li>\n<\/ul>\n<ul class=\" wall-content\">\n<li><b>Mons-en-Bar\u0153ul\u2009: <\/b>dimanche 13\u00a0juillet \u00e0 23\u2009h \u2013 \u00e9co-parc du Baroeul \u2013 <a href=\"https:\/\/www.monsenbaroeul.fr\/agenda\/soiree-musicale-et-pyrotechnique-du-13-juillet\" target=\"_blank\" rel=\"noopener\">plus d\u2019infos<\/a>\u2009;<\/li>\n<li><b>Roncq\u2009: <\/b>lundi 14\u00a0juillet \u00e0 23\u2009h, parc Yves-Cro\u00ebs \u2013 <a href=\"https:\/\/www.roncq.fr\/actualite\/actualites?view=article&amp;id=13732&amp;catid=52\" target=\"_blank\" rel=\"noopener\">plus d\u2019infos<\/a>\u2009;<\/li>\n<li><b>Saint-Andr\u00e9-lez-Lille\u2009: <\/b>dimanche 13\u00a0juillet \u00e0 23\u2009h au parc Vandamme \u2013 <a href=\"https:\/\/www.villesaintandre.fr\/agenda\/36815\/10258-feu-d-artifice.htm\" target=\"_blank\" rel=\"noopener\">plus d\u2019infos<\/a>\u2009;<\/li>\n<li><b>Seclin\u2009: <\/b>samedi 12\u00a0juillet \u00e0 23\u2009h, Dr\u00e8ve de l\u2019h\u00f4pital (face \u00e0 l\u2019H\u00f4tel de Ville) \u2013 <a href=\"https:\/\/www.calameo.com\/read\/007299534aa984e7a77ca\" target=\"_blank\" rel=\"noopener\">plus d\u2019infos<\/a>\u2009;<\/li>\n<li><b>Tourcoing\u2009: <\/b>dimanche 13\u00a0juillet \u00e0 23\u2009h \u2013 parvis Saint-Christophe \u2013 <a href=\"https:\/\/www.tourcoing.fr\/Actualites\/Fete-Nationale-du-14-juillet\" target=\"_blank\" rel=\"noopener\">plus d\u2019infos<\/a>\u2009;<\/li>\n<li><b>Villeneuve-d\u2019Ascq\u2009: <\/b>dimanche 13\u00a0juillet \u00e0 23\u2009h \u2013 plaine Canteleu \u2013 <a href=\"https:\/\/www.villeneuvedascq.fr\/agenda\/194\/evenement\/36207583\/feu-dartifice-6234396\" target=\"_blank\" rel=\"noopener\">plus d\u2019infos<\/a>\u2009;<\/li>\n<li><b>Wattignies\u2009: <\/b>dimanche 13 juillet \u00e0 22\u2009h\u200945 \u2013 Point J-Sport \u2013 Rue Lindbergh \u2013 <a href=\"https:\/\/www.mairie-wattignies.com\/evenements\/fete-nationale-3\/\" target=\"_blank\" rel=\"noopener\">plus d\u2019infos<\/a>\u2009;<\/li>\n<li><b>Wattrelos\u2009: <\/b>dimanche 13\u00a0juillet \u00e0 23\u2009h au plan d\u2019eau du parc du Lion \u2013 <a href=\"https:\/\/www.facebook.com\/VilleDeWattrelos\" target=\"_blank\" rel=\"noopener\">plus d\u2019infos<\/a>.<\/li>\n<\/ul>\n<p>Ailleurs dans le Nord<\/p>\n<p class=\" wall-content\">Voici ce qui est annonc\u00e9 dans d\u2019autres villes nordistes\u2009:<\/p>\n<ul class=\" wall-content\">\n<li><b>Bailleul\u2009: <\/b>lundi 14\u00a0juillet \u00e0 23\u2009h\u200915 sur la Grand-Place \u2013 <a href=\"https:\/\/www.ville-bailleul.fr\/bailleul-en-fete-pour-le-14-juillet\" target=\"_blank\" rel=\"noopener\">plus d\u2019infos<\/a>\u2009;<\/li>\n<li><b>Bray-Dunes\u2009:<\/b> dimanche 13\u00a0juillet \u00e0 23\u2009h sur la digue de mer \u2013 <a href=\"https:\/\/www.facebook.com\/BrayDunesActu\/videos\/720381017308050\" target=\"_blank\" rel=\"noopener\">plus d\u2019infos\u2009<\/a>;<\/li>\n<li><b>Cambrai\u2009:<\/b> lundi 14\u00a0juillet \u00e0 23\u2009h, place Aristide Briand \u2013 <a href=\"https:\/\/www.villedecambrai.com\/decouvrir\/actualites\/2025-juillet\/10657-fete-nationale-du-14-juillet-2025\" target=\"_blank\" rel=\"noopener\">plus d\u2019infos<\/a>\u2009;<\/li>\n<li><b>Douai\u2009: <\/b>lundi 14\u00a0juillet \u00e0 23\u2009h, parc de loisirs Jacques Vernier \u2013 <a href=\"https:\/\/www.douai.fr\/fetes-de-gayant-2025\" target=\"_blank\" rel=\"noopener\">plus d\u2019infos<\/a>\u2009;<\/li>\n<li><b>Hautmont\u2009:<\/b> dimanche 13\u00a0juillet \u00e0 23\u2009h \u2013<b> <\/b>place du 8-Mai \u2013 <a href=\"https:\/\/www.mairie-hautmont.fr\/festivites-dete-2025\/\" target=\"_blank\" rel=\"noopener\">plus d\u2019infos<\/a>\u2009;<\/li>\n<li><b>Valenciennes\u2009: <\/b>lundi 14\u00a0juillet (apr\u00e8s le concert) \u2013 parking Lacuzon \u2013 <a href=\"https:\/\/www.valenciennes.fr\/%F0%9F%94%A5-concert-gratuit-14-juillet-%F0%9F%93%8D-valenciennes-parking-lacuzon%F0%9F%93%85-lundi-14-juillet-2025%F0%9F%95%98-des-19h%F0%9F%8E%86-feu-dartifice-juste-apres-avant-que-gim\/\" target=\"_blank\" rel=\"noopener\">plus d\u2019infos<\/a>\u2009;<\/li>\n<li><b>Wallers-Arenberg\u2009:<\/b> dimanche 13\u00a0juillet (apr\u00e8s le concert) \u2013 site minier \u2013 <a href=\"https:\/\/www.wallers-arenberg.fr\/mairie\/quoi-de-neuf\/nouvelles\/2025-juin\/6151-festivites-de-la-fete-nationale\" target=\"_blank\" rel=\"noopener\">plus d\u2019infos<\/a>.<\/li>\n<\/ul>\n<p class=\" wall-content\">Pour savoir quel est le programme dans votre ville ou une ville pr\u00e8s de chez vous (si nous ne l\u2019avons pas mise dans cette s\u00e9lection non exhaustive), renseignez-vous aupr\u00e8s de la mairie concern\u00e9e. Vous pouvez aussi nous aider \u00e0 remplir cet article, en <a href=\"http:\/\/actu.fr\/cdn-cgi\/l\/email-protection#ee8f838f808a87808bc0988f8d868b94ae8f8d9a9bc0889c\" target=\"_blank\" rel=\"noopener\">nous transmettant les infos par mail<\/a>.<\/p>\n<p class=\" wall-content\">Suivez toute l\u2019actualit\u00e9 de vos villes et m\u00e9dias favoris en vous inscrivant \u00e0 <a href=\"https:\/\/moncompte.actu.fr\" title=\"D\u00e9couvez Mon Actu\" rel=\"nofollow noopener\" data-trk=\"{&quot;cta&quot;:{&quot;action&quot;:&quot;https:\\\/\\\/moncompte.actu.fr&quot;,&quot;category&quot;:&quot;mon compte&quot;,&quot;from&quot;:&quot;article footer&quot;,&quot;name&quot;:&quot;Mon actu&quot;,&quot;type&quot;:&quot;cta&quot;}}\" target=\"_blank\">Mon Actu<\/a>.<\/p>\n","protected":false},"excerpt":{"rendered":"Par Amandine Vachez Publi\u00e9 le 7 juil. 2025 \u00e0 18h06 Des feux classiques ou des shows pyrotechniques en&hellip;\n","protected":false},"author":2,"featured_media":233083,"comment_status":"","ping_status":"","sticky":false,"template":"","format":"standard","meta":{"footnotes":""},"categories":[2815],"tags":[1111,11,1777,674,16701,1011,27,811,1307,1652,12,25],"class_list":{"0":"post-233082","1":"post","2":"type-post","3":"status-publish","4":"format-standard","5":"has-post-thumbnail","7":"category-lille","8":"tag-actu","9":"tag-actualites","10":"tag-eu","11":"tag-europe","12":"tag-feu-dartifice","13":"tag-fr","14":"tag-france","15":"tag-hauts-de-france","16":"tag-lille","17":"tag-loisirs-culture","18":"tag-news","19":"tag-republique-francaise"},"share_on_mastodon":{"url":"https:\/\/pubeurope.com\/@fr\/114813064062677164","error":""},"_links":{"self":[{"href":"https:\/\/www.europesays.com\/fr\/wp-json\/wp\/v2\/posts\/233082","targetHints":{"allow":["GET"]}}],"collection":[{"href":"https:\/\/www.europesays.com\/fr\/wp-json\/wp\/v2\/posts"}],"about":[{"href":"https:\/\/www.europesays.com\/fr\/wp-json\/wp\/v2\/types\/post"}],"author":[{"embeddable":true,"href":"https:\/\/www.europesays.com\/fr\/wp-json\/wp\/v2\/users\/2"}],"replies":[{"embeddable":true,"href":"https:\/\/www.europesays.com\/fr\/wp-json\/wp\/v2\/comments?post=233082"}],"version-history":[{"count":0,"href":"https:\/\/www.europesays.com\/fr\/wp-json\/wp\/v2\/posts\/233082\/revisions"}],"wp:featuredmedia":[{"embeddable":true,"href":"https:\/\/www.europesays.com\/fr\/wp-json\/wp\/v2\/media\/233083"}],"wp:attachment":[{"href":"https:\/\/www.europesays.com\/fr\/wp-json\/wp\/v2\/media?parent=233082"}],"wp:term":[{"taxonomy":"category","embeddable":true,"href":"https:\/\/www.europesays.com\/fr\/wp-json\/wp\/v2\/categories?post=233082"},{"taxonomy":"post_tag","embeddable":true,"href":"https:\/\/www.europesays.com\/fr\/wp-json\/wp\/v2\/tags?post=233082"}],"curies":[{"name":"wp","href":"https:\/\/api.w.org\/{rel}","templated":true}]}}