{"id":233098,"date":"2025-07-07T17:20:10","date_gmt":"2025-07-07T17:20:10","guid":{"rendered":"https:\/\/www.europesays.com\/fr\/233098\/"},"modified":"2025-07-07T17:20:10","modified_gmt":"2025-07-07T17:20:10","slug":"mercato-paris-fc-ca-avance-avec-le-defenseur-bresilien-otavio-benjamin-andre-toujours-dans-le-viseur","status":"publish","type":"post","link":"https:\/\/www.europesays.com\/fr\/233098\/","title":{"rendered":"Mercato Paris FC\u00a0: \u00e7a avance avec le d\u00e9fenseur br\u00e9silien Ot\u00e1vio, Benjamin Andr\u00e9 toujours dans le viseur"},"content":{"rendered":"<p class=\"paragraph text_align_left lp-f-body-02\">Il n\u2019y avait qu\u2019une seule recrue pr\u00e9sente lors de la reprise collective du <a href=\"https:\/\/www.leparisien.fr\/sports\/football\/ligue-1\/on-a-demarre-tres-fort-pourquoi-la-campagne-dabonnements-du-paris-fc-est-deja-un-succes-02-07-2025-J3QWAULN2NC5VJNBYIOUXR3DXY.php\" target=\"_self\" rel=\"nofollow noopener\">Paris FC<\/a> ce lundi matin. Le lat\u00e9ral gauche <a href=\"https:\/\/www.leparisien.fr\/sports\/football\/paris-fc\/mercato-paris-fc-le-club-officialise-larrivee-de-nhoa-sangui-qui-signe-jusquen-2030-24-06-2025-L4GLBJP4WRDSTAPIR4IO3RVQKI.php\" target=\"_blank\" rel=\"noreferrer nofollow noopener\">Nhoa Sangui<\/a> (ex-Reims), qui s\u2019est engag\u00e9 pour cinq ans, a d\u00e9couvert le centre d\u2019entra\u00eenement d\u2019Orly. Il a effectu\u00e9 les tests physiques de reprise mais n\u2019\u00e9tait pas pr\u00e9sent sur le terrain avec ses nouveaux co\u00e9quipiers.<\/p>\n<p class=\"paragraph text_align_left lp-f-body-02\">L\u2019autre recrue \u00e0 ce jour, <a href=\"https:\/\/www.leparisien.fr\/sports\/football\/paris-fc\/mercato-paris-fc-projet-de-jeu-salaire-naturalisation-comment-le-promu-parisien-a-attire-moses-simon-25-06-2025-66WAZIR7DRE6LNOGP7M3B2WCW4.php\" target=\"_self\" rel=\"nofollow noopener\">Moses Simon,<\/a> qui a disput\u00e9 trois matchs avec sa s\u00e9lection du Nigeria au mois de juin, a obtenu une rallonge de vacances et arrivera le lundi 14 juillet.<\/p>\n<p class=\"paragraph text_align_left lp-f-body-02\">D\u2019ici l\u00e0, d\u2019autres renforts pourraient signer. C\u2019est en tout cas la volont\u00e9 de la direction et du staff. \u00ab La direction y travaille, on esp\u00e8re que dans quelques jours, on aura des bonnes nouvelles, lance St\u00e9phane Gilli qui va s\u2019entretenir individuellement avec tous les joueurs. Mais c\u2019est une \u00e9vidence que plus t\u00f4t les recrues seront avec nous, mieux ce sera. \u00bb<\/p>\n<p class=\"paragraph text_align_left lp-f-body-02\">Selon les plans \u00e9tablis, il manquerait encore un gardien, un lat\u00e9ral droit, un d\u00e9fenseur central, un voire deux milieux, un attaquant de pointe et un attaquant excentr\u00e9.<\/p>\n<p>Kolodziejczak prolonge un an<\/p>\n<p class=\"paragraph text_align_left lp-f-body-02\">Si Timoth\u00e9e Kolodziejczak va resigner ce mardi pour un an, l\u2019arriv\u00e9e d\u2019un nouveau d\u00e9fenseur axial gauche semble en bonne voie. Les n\u00e9gociations avancent bien pour Ot\u00e1vio Ata\u00edde (23 ans), d\u00e9fenseur central br\u00e9silien qui \u00e9volue \u00e0 Porto.<\/p>\n<p class=\"paragraph text_align_left lp-f-body-02\">Arriv\u00e9 du FC Famalic\u00e3o pour 12 millions d\u2019euros en janvier 2024 pour pr\u00e9parer l\u2019apr\u00e8s Pepe, l\u2019ancien de Flamengo a moins jou\u00e9 avec Porto lors de la deuxi\u00e8me partie de saison.<\/p>\n<p class=\"paragraph text_align_left lp-f-body-02\">Lors de la Coupe du monde des clubs, il n\u2019a disput\u00e9 que 3 minutes en rentrant en jeu face \u00e0 l\u2019Inter Miami. Porto, o\u00f9 il est sous contrat jusqu\u2019en 2028, ne serait pas contre le fait de le vendre. Si sa clause lib\u00e9ratoire \u00e9tait au d\u00e9part de 50 millions, sa valeur marchande a baiss\u00e9 et le transfert pourrait se r\u00e9gler autour de 10 millions d\u2019euros.<\/p>\n<p class=\"paragraph text_align_left lp-f-body-02\">La confiance r\u00e8gne sur ce dossier. Ot\u00e1vio Ata\u00edde avait \u00e9galement \u00e9t\u00e9 suivi par Lille, un club d\u00e9cid\u00e9ment li\u00e9 au Paris FC lors de ce mercato.<\/p>\n<p class=\"paragraph text_align_left lp-f-body-02\">Le promu est en effet en discussion avec le capitaine lillois Benjamin Andr\u00e9, 35 ans le 3 ao\u00fbt et 438 matchs en L1. Les conditions propos\u00e9es, que ce soit la dur\u00e9e du contrat (3 ans) ou le salaire, font forc\u00e9ment r\u00e9fl\u00e9chir l\u2019exp\u00e9riment\u00e9 milieu de terrain. Mais Andr\u00e9, qui a encore un an de contrat au Losc, dispose aussi d\u2019autres pistes, notamment dans des championnats exotiques, et est encore en r\u00e9flexion.<\/p>\n<p class=\"paragraph text_align_left lp-f-body-02\">Du c\u00f4t\u00e9 de Lille, on affirme n\u00e9anmoins qu\u2019aucune discussion n\u2019a encore eu lieu avec le Paris FC et on s\u2019\u00e9tonne m\u00eame qu\u2019un accord contractuel ait \u00e9t\u00e9 d\u00e9j\u00e0 trouv\u00e9 entre le joueur et le club parisien. Mais compte tenu de la proximit\u00e9 et des liens entre le pr\u00e9sident Olivier Letang et Benjamin Andr\u00e9, le club nordiste ne devrait pas se montrer trop inflexible si la volont\u00e9 du joueur est bien de rejoindre Paris.<\/p>\n<p>Mandanda ne viendra pas, la piste Hamari Traor\u00e9 toujours d\u2019actualit\u00e9<\/p>\n<p class=\"paragraph text_align_left lp-f-body-02\">Le futur club pensionnaire de Jean-Bouin avait \u00e9galement \u00e9chang\u00e9 avec Steve Mandanda pour un poste de num\u00e9ro 1 bis derri\u00e8re l\u2019international espoir Obed Nkambadio. L\u2019ancien gardien international (40 ans) a d\u00e9j\u00e0 \u00e9cart\u00e9 plusieurs clubs de L1 et L2. Si la tendance est qu\u2019il arr\u00eate sa carri\u00e8re, il avait regard\u00e9 le projet du Paris FC avec une certaine attention. Mais la piste ne semble plus d\u2019actualit\u00e9, le PFC recherchant plut\u00f4t un profil \u00ab interm\u00e9diaire \u00bb entre Nkambadio (22 ans) et R\u00e9my Riou (37 ans).<\/p>\n<p class=\"paragraph text_align_left lp-f-body-02\">Enfin, Hamari Traor\u00e9, l\u2019ancien capitaine de Rennes qui avait effectu\u00e9 ses d\u00e9buts en France au Paris FC en 2012, figure toujours en bonne place dans la liste des lat\u00e9raux droits cibl\u00e9s par le club parisien. Mais les positions financi\u00e8res entre son club de la Real Sociedad, le Paris FC et lui, sont encore tr\u00e8s \u00e9loign\u00e9es.<\/p>\n","protected":false},"excerpt":{"rendered":"Il n\u2019y avait qu\u2019une seule recrue pr\u00e9sente lors de la reprise collective du Paris FC ce lundi matin.&hellip;\n","protected":false},"author":2,"featured_media":233099,"comment_status":"","ping_status":"","sticky":false,"template":"","format":"standard","meta":{"footnotes":""},"categories":[1888],"tags":[11,1777,674,63,1011,27,66,12,626,25,60],"class_list":{"0":"post-233098","1":"post","2":"type-post","3":"status-publish","4":"format-standard","5":"has-post-thumbnail","7":"category-paris","8":"tag-actualites","9":"tag-eu","10":"tag-europe","11":"tag-football","12":"tag-fr","13":"tag-france","14":"tag-ligue-1","15":"tag-news","16":"tag-paris","17":"tag-republique-francaise","18":"tag-sports"},"share_on_mastodon":{"url":"https:\/\/pubeurope.com\/@fr\/114813103240766036","error":""},"_links":{"self":[{"href":"https:\/\/www.europesays.com\/fr\/wp-json\/wp\/v2\/posts\/233098","targetHints":{"allow":["GET"]}}],"collection":[{"href":"https:\/\/www.europesays.com\/fr\/wp-json\/wp\/v2\/posts"}],"about":[{"href":"https:\/\/www.europesays.com\/fr\/wp-json\/wp\/v2\/types\/post"}],"author":[{"embeddable":true,"href":"https:\/\/www.europesays.com\/fr\/wp-json\/wp\/v2\/users\/2"}],"replies":[{"embeddable":true,"href":"https:\/\/www.europesays.com\/fr\/wp-json\/wp\/v2\/comments?post=233098"}],"version-history":[{"count":0,"href":"https:\/\/www.europesays.com\/fr\/wp-json\/wp\/v2\/posts\/233098\/revisions"}],"wp:featuredmedia":[{"embeddable":true,"href":"https:\/\/www.europesays.com\/fr\/wp-json\/wp\/v2\/media\/233099"}],"wp:attachment":[{"href":"https:\/\/www.europesays.com\/fr\/wp-json\/wp\/v2\/media?parent=233098"}],"wp:term":[{"taxonomy":"category","embeddable":true,"href":"https:\/\/www.europesays.com\/fr\/wp-json\/wp\/v2\/categories?post=233098"},{"taxonomy":"post_tag","embeddable":true,"href":"https:\/\/www.europesays.com\/fr\/wp-json\/wp\/v2\/tags?post=233098"}],"curies":[{"name":"wp","href":"https:\/\/api.w.org\/{rel}","templated":true}]}}