{"id":233107,"date":"2025-07-07T17:25:16","date_gmt":"2025-07-07T17:25:16","guid":{"rendered":"https:\/\/www.europesays.com\/fr\/233107\/"},"modified":"2025-07-07T17:25:16","modified_gmt":"2025-07-07T17:25:16","slug":"realise-une-acquisition-en-allemagne","status":"publish","type":"post","link":"https:\/\/www.europesays.com\/fr\/233107\/","title":{"rendered":"r\u00e9alise une acquisition en Allemagne"},"content":{"rendered":"<p>        <img decoding=\"async\" src=\"https:\/\/www.europesays.com\/fr\/wp-content\/uploads\/2025\/07\/380-c.jpg\" alt=\"bourse Ipsos\"\/><\/p>\n<p>(CercleFinance.com) &#8211; Ipsos annonce l&rsquo;acquisition de la division Sant\u00e9 d&rsquo;InMoment en Allemagne.<\/p>\n<p>Le groupe estime que cette acquisition apportera une vraie valeur ajout\u00e9e aux clients locaux et internationaux d&rsquo;Ipsos dans les secteurs pharmaceutique et MedTech.<\/p>\n<p>Ils b\u00e9n\u00e9ficieront d&rsquo;une expertise plus large dans les domaines th\u00e9rapeutiques et d&rsquo;un portefeuille m\u00e9thodologique plus complet, indique le groupe.<\/p>\n<p>Ben Page, Directeur G\u00e9n\u00e9ral d&rsquo;Ipsos, a d\u00e9clar\u00e9 : &lsquo; Cette op\u00e9ration permet de d\u00e9velopper un nouveau centre de comp\u00e9tences \u00e0 Hambourg pour notre ligne de services Sant\u00e9 &#8211; en compl\u00e9ment des sites existants de Nuremberg, Munich et Francfort. &lsquo;<\/p>\n<p>Copyright \u00a9 2025 CercleFinance.com. Tous droits r\u00e9serv\u00e9s.<\/p>\n<p>Vous avez aim\u00e9 cet article ? Partagez-le avec vos amis avec les boutons ci-dessous.<\/p>\n<p>        <a target=\"_blank\" title=\"Twitter\" href=\"https:\/\/twitter.com\/share?url=https:\/\/www.abcbourse.com\/marches\/ipsos-realise-une-acquisition-en-allemagne_668828&amp;text=Ipsos: r\u00e9alise une acquisition en Allemagne&amp;via=abcbourse\" rel=\"nofollow noopener\">&#13;<br \/>\n            <img decoding=\"async\" src=\"https:\/\/www.europesays.com\/fr\/wp-content\/uploads\/2025\/04\/share_twitter.png\" class=\"mr10\" alt=\"Twitter\"\/>&#13;<br \/>\n        <\/a><br \/>\n        <a target=\"_blank\" title=\"Facebook\" href=\"https:\/\/www.facebook.com\/sharer.php?u=https:\/\/www.abcbourse.com\/marches\/ipsos-realise-une-acquisition-en-allemagne_668828&amp;t=Ipsos: r\u00e9alise une acquisition en Allemagne\" rel=\"nofollow noopener\">&#13;<br \/>\n            <img decoding=\"async\" src=\"https:\/\/www.europesays.com\/fr\/wp-content\/uploads\/2025\/04\/share_fb.png\" alt=\"Facebook\" class=\"mr10\"\/>&#13;<br \/>\n        <\/a><br \/>\n        <a target=\"_blank\" title=\"Linkedin\" href=\"https:\/\/www.linkedin.com\/shareArticle?mini=true&amp;url=https:\/\/www.abcbourse.com\/marches\/ipsos-realise-une-acquisition-en-allemagne_668828&amp;title=Ipsos: r\u00e9alise une acquisition en Allemagne\" rel=\"nofollow noopener\">&#13;<br \/>\n            <img decoding=\"async\" src=\"https:\/\/www.europesays.com\/fr\/wp-content\/uploads\/2025\/04\/share_linkedin.png\" alt=\"Linkedin\" class=\"mr10\"\/>&#13;<br \/>\n        <\/a><br \/>\n        <a target=\"_blank\" title=\"Envoyer par mail\" href=\"mailto:?subject=Ipsos: r\u00e9alise une acquisition en Allemagne&amp;body=https:\/\/www.abcbourse.com\/marches\/ipsos-realise-une-acquisition-en-allemagne_668828\" rel=\"nofollow\">&#13;<br \/>\n            <img decoding=\"async\" src=\"https:\/\/www.europesays.com\/fr\/wp-content\/uploads\/2025\/04\/share_email.png\" alt=\"email\"\/>&#13;<br \/>\n        <\/a><br \/>\n    <script async src=\"https:\/\/platform.twitter.com\/widgets.js\" charset=\"utf-8\"><\/script><\/p>\n","protected":false},"excerpt":{"rendered":"(CercleFinance.com) &#8211; Ipsos annonce l&rsquo;acquisition de la division Sant\u00e9 d&rsquo;InMoment en Allemagne. Le groupe estime que cette acquisition&hellip;\n","protected":false},"author":2,"featured_media":233108,"comment_status":"","ping_status":"","sticky":false,"template":"","format":"standard","meta":{"footnotes":""},"categories":[1587],"tags":[11,672,1804,1805,1803,1777,674,1801,12,1802],"class_list":{"0":"post-233107","1":"post","2":"type-post","3":"status-publish","4":"format-standard","5":"has-post-thumbnail","7":"category-allemagne","8":"tag-actualites","9":"tag-allemagne","10":"tag-bundesrepublik-deutschland","11":"tag-de","12":"tag-deutschland","13":"tag-eu","14":"tag-europe","15":"tag-germany","16":"tag-news","17":"tag-republique-federale-dallemagne"},"share_on_mastodon":{"url":"https:\/\/pubeurope.com\/@fr\/114813123127878297","error":""},"_links":{"self":[{"href":"https:\/\/www.europesays.com\/fr\/wp-json\/wp\/v2\/posts\/233107","targetHints":{"allow":["GET"]}}],"collection":[{"href":"https:\/\/www.europesays.com\/fr\/wp-json\/wp\/v2\/posts"}],"about":[{"href":"https:\/\/www.europesays.com\/fr\/wp-json\/wp\/v2\/types\/post"}],"author":[{"embeddable":true,"href":"https:\/\/www.europesays.com\/fr\/wp-json\/wp\/v2\/users\/2"}],"replies":[{"embeddable":true,"href":"https:\/\/www.europesays.com\/fr\/wp-json\/wp\/v2\/comments?post=233107"}],"version-history":[{"count":0,"href":"https:\/\/www.europesays.com\/fr\/wp-json\/wp\/v2\/posts\/233107\/revisions"}],"wp:featuredmedia":[{"embeddable":true,"href":"https:\/\/www.europesays.com\/fr\/wp-json\/wp\/v2\/media\/233108"}],"wp:attachment":[{"href":"https:\/\/www.europesays.com\/fr\/wp-json\/wp\/v2\/media?parent=233107"}],"wp:term":[{"taxonomy":"category","embeddable":true,"href":"https:\/\/www.europesays.com\/fr\/wp-json\/wp\/v2\/categories?post=233107"},{"taxonomy":"post_tag","embeddable":true,"href":"https:\/\/www.europesays.com\/fr\/wp-json\/wp\/v2\/tags?post=233107"}],"curies":[{"name":"wp","href":"https:\/\/api.w.org\/{rel}","templated":true}]}}