{"id":233119,"date":"2025-07-07T17:33:11","date_gmt":"2025-07-07T17:33:11","guid":{"rendered":"https:\/\/www.europesays.com\/fr\/233119\/"},"modified":"2025-07-07T17:33:11","modified_gmt":"2025-07-07T17:33:11","slug":"xv-de-france-tout-a-ete-mis-en-place-pour-eviter-un-nouveau-scandale-en-nouvelle-zelande","status":"publish","type":"post","link":"https:\/\/www.europesays.com\/fr\/233119\/","title":{"rendered":"XV de France : Tout a \u00e9t\u00e9 mis en place pour \u00e9viter un nouveau scandale en Nouvelle-Z\u00e9lande !"},"content":{"rendered":"<p>Un an apr\u00e8s une tourn\u00e9e agit\u00e9e en Am\u00e9rique du Sud, l\u2019\u00e9quipe de France de rugby a mis en place un protocole de vie rigoureux pour son d\u00e9placement en Nouvelle-Z\u00e9lande. Objectif : tirer d\u00e9finitivement un trait sur les d\u00e9rapages du pass\u00e9.<\/p>\n<p>Un lourd passif \u00e0 effacer<\/p>\n<p>L\u2019\u00e9t\u00e9 2024 reste une cicatrice profonde pour le rugby tricolore. Alors que les Bleus c\u00e9l\u00e9braient une victoire en Argentine, une nuit trop arros\u00e9e \u00e0 Mendoza avait vir\u00e9 au d\u00e9sastre. Entre propos racistes tenus en ligne par Melvyn Jaminet et une affaire judiciaire impliquant Hugo Auradou et Oscar Jegou, la tourn\u00e9e s\u2019\u00e9tait achev\u00e9e dans un climat d\u00e9l\u00e9t\u00e8re.<\/p>\n<p>Si Jaminet reste \u00e9cart\u00e9 de la s\u00e9lection, les deux autres joueurs ont \u00e9t\u00e9 blanchis par la justice argentine. Pourtant, les images ternies de cette s\u00e9quence planent encore sur le groupe France. Et la tourn\u00e9e en Nouvelle-Z\u00e9lande, en cours, est l\u2019occasion d\u2019un nouveau d\u00e9part\u2026 sous haute vigilance.<\/p>\n<p>Une tourn\u00e9e sous contr\u00f4le total<\/p>\n<p>Depuis ces \u00e9v\u00e9nements, la F\u00e9d\u00e9ration a durci les r\u00e8gles de vie en s\u00e9lection. \u00ab On a eu des nouvelles consignes mises en place d\u00e8s la tourn\u00e9e de novembre. On a eu le Six Nations. Maintenant, tout est adapt\u00e9 donc \u00e7a roule \u00bb, r\u00e9sume Ga\u00ebtan Barlot via <a href=\"https:\/\/www.leparisien.fr\/sports\/rugby\/xv-de-france\/affaire-auradou-jegou-un-an-apres-le-scandale-en-argentine-le-plan-des-bleus-pour-eviter-de-nouveaux-exces-07-07-2025-4GUFPQBBQFFYZF3VJNCNHFQKWM.php?ts=1751891678\" rel=\"nofollow noopener\" target=\"_blank\">Le Parisien<\/a>, t\u00e9moin direct des faits de l\u2019an dernier.<\/p>\n<p>Concr\u00e8tement, les rassemblements se d\u00e9roulent d\u00e9sormais selon un protocole strict : pas d\u2019alcool apr\u00e8s les matchs, aucun invit\u00e9 ext\u00e9rieur autoris\u00e9 hors du cadre familial, et des soir\u00e9es exclusivement organis\u00e9es dans des lieux priv\u00e9s. Le retour \u00e0 l\u2019h\u00f4tel est collectif et surveill\u00e9.<\/p>\n<p>\u00c0 cela s\u2019ajoutent des briefings r\u00e9guliers du staff, avec en premi\u00e8re ligne Rapha\u00ebl Iba\u00f1ez, rappel\u00e9 \u00e0 ses fonctions pour remettre de l\u2019ordre.<\/p>\n<p>Le traumatisme Mendoza dans toutes les t\u00eates<\/p>\n<p>La pr\u00e9sence sur place du vice-pr\u00e9sident de la FFR Jean-Marc Lhermet puis, bient\u00f4t, du pr\u00e9sident Florian Grill, t\u00e9moigne de l\u2019importance accord\u00e9e \u00e0 cette tourn\u00e9e. Tous deux veulent s\u2019assurer que les erreurs de 2024 ne seront pas reproduites.<\/p>\n<p>\u00ab Il me para\u00eet inconcevable qu\u2019il puisse y avoir le d\u00e9but de tels d\u00e9bordements \u00bb, pr\u00e9vient Marc Li\u00e8vremont via Le Parisien, ancien s\u00e9lectionneur aujourd\u2019hui consultant. \u00ab J\u2019esp\u00e8re qu\u2019il y aura suffisamment de maturit\u00e9, que le souvenir de Mendoza va rester pr\u00e9sent \u00bb.<\/p>\n<p>Dans l\u2019entourage des joueurs, la prudence est partag\u00e9e : \u00ab Il serait \u00e9tonnant qu\u2019il y ait des \u00e9carts apr\u00e8s les matchs. Les joueurs ont conscience qu\u2019ils jouent gros sur ce plan-l\u00e0 aussi \u00bb.<\/p>\n<p>Trouver un \u00e9quilibre entre rigueur et coh\u00e9sion<\/p>\n<p>Pour autant, le staff ne veut pas tomber dans une aust\u00e9rit\u00e9 contre-productive. \u00ab C\u2019est une tourn\u00e9e de vie, \u00e7a ne peut pas \u00eatre aust\u00e8re. Une \u00e9quipe de rugby a besoin de vivre quand elle part \u00e0 l\u2019autre bout du monde \u00bb, expliquait Fabien Galthi\u00e9 avant le d\u00e9part. \u00ab Il faut bien accompagner les joueurs pour vivre le rugby avec joie. \u00bb<\/p>\n<p>Ainsi, tout est pens\u00e9 pour que les Bleus puissent respirer sans se disperser. Sorties au cin\u00e9ma, d\u00eeners encadr\u00e9s, ou moments conviviaux comme un barbecue cor\u00e9en \u00e0 Dunedin sont autant d\u2019occasions de renforcer la coh\u00e9sion sans prendre de risques.<\/p>\n<p>Le message est clair : reconstruire une image irr\u00e9prochable tout en pr\u00e9servant l\u2019ADN d\u2019un groupe. La tourn\u00e9e n\u00e9o-z\u00e9landaise ne se joue pas seulement sur le terrain.<\/p>\n","protected":false},"excerpt":{"rendered":"Un an apr\u00e8s une tourn\u00e9e agit\u00e9e en Am\u00e9rique du Sud, l\u2019\u00e9quipe de France de rugby a mis en&hellip;\n","protected":false},"author":2,"featured_media":233120,"comment_status":"","ping_status":"","sticky":false,"template":"","format":"standard","meta":{"footnotes":""},"categories":[1416],"tags":[1011,27,479,1468,60],"class_list":{"0":"post-233119","1":"post","2":"type-post","3":"status-publish","4":"format-standard","5":"has-post-thumbnail","7":"category-rugby","8":"tag-fr","9":"tag-france","10":"tag-rugby","11":"tag-rugby-football","12":"tag-sports"},"share_on_mastodon":{"url":"https:\/\/pubeurope.com\/@fr\/114813154327264462","error":""},"_links":{"self":[{"href":"https:\/\/www.europesays.com\/fr\/wp-json\/wp\/v2\/posts\/233119","targetHints":{"allow":["GET"]}}],"collection":[{"href":"https:\/\/www.europesays.com\/fr\/wp-json\/wp\/v2\/posts"}],"about":[{"href":"https:\/\/www.europesays.com\/fr\/wp-json\/wp\/v2\/types\/post"}],"author":[{"embeddable":true,"href":"https:\/\/www.europesays.com\/fr\/wp-json\/wp\/v2\/users\/2"}],"replies":[{"embeddable":true,"href":"https:\/\/www.europesays.com\/fr\/wp-json\/wp\/v2\/comments?post=233119"}],"version-history":[{"count":0,"href":"https:\/\/www.europesays.com\/fr\/wp-json\/wp\/v2\/posts\/233119\/revisions"}],"wp:featuredmedia":[{"embeddable":true,"href":"https:\/\/www.europesays.com\/fr\/wp-json\/wp\/v2\/media\/233120"}],"wp:attachment":[{"href":"https:\/\/www.europesays.com\/fr\/wp-json\/wp\/v2\/media?parent=233119"}],"wp:term":[{"taxonomy":"category","embeddable":true,"href":"https:\/\/www.europesays.com\/fr\/wp-json\/wp\/v2\/categories?post=233119"},{"taxonomy":"post_tag","embeddable":true,"href":"https:\/\/www.europesays.com\/fr\/wp-json\/wp\/v2\/tags?post=233119"}],"curies":[{"name":"wp","href":"https:\/\/api.w.org\/{rel}","templated":true}]}}