{"id":233125,"date":"2025-07-07T17:37:10","date_gmt":"2025-07-07T17:37:10","guid":{"rendered":"https:\/\/www.europesays.com\/fr\/233125\/"},"modified":"2025-07-07T17:37:10","modified_gmt":"2025-07-07T17:37:10","slug":"lfp-media-annonce-retenir-mediawan-sport-pour-la-production-editoriale-de-la-plateforme-consacree-a-la-ligue-1-mcdonalds","status":"publish","type":"post","link":"https:\/\/www.europesays.com\/fr\/233125\/","title":{"rendered":"LFP Media annonce retenir Mediawan Sport pour la production \u00e9ditoriale de la plateforme consacr\u00e9e \u00e0 la Ligue 1 McDonald&rsquo;s"},"content":{"rendered":"<p><img decoding=\"async\" src=\"https:\/\/www.europesays.com\/fr\/wp-content\/uploads\/2025\/07\/68306f67eda873774602e7a9.jpeg\" alt=\"\" title=\"68306f67eda873774602e7a9\"\/><\/p>\n<p><strong>\u00c0 l\u2019issue d\u2019une consultation initi\u00e9e par LFP Media sur la production \u00e9ditoriale de la nouvelle plateforme de la Ligue 1 McDonald\u2019s, LFP Media annonce retenir Mediawan Sport, filiale de Mediawan d\u00e9di\u00e9e \u00e0 la production de contenus autour du sport et \u00e0 l\u2019organisation d\u2019\u00e9v\u00e9nements sportifs.<\/strong><\/p>\n<p style=\"text-align: justify;\">Le choix sur l\u2019ensemble des quatre lots \u2013 Gestion du personnel \u00e9ditorial ; Production \u00e9ditoriale des Matches ; Production \u00e9ditoriale des Multiplex ; Production \u00e9ditoriale des Magazines \u2013 s\u2019est port\u00e9 sur Mediawan Sport, dont le projet correspond \u00e0 l\u2019ambition port\u00e9e par les \u00e9quipes de LFP Media.<\/p>\n<p style=\"text-align: justify;\"><strong>La plateforme de la Ligue 1 McDonald\u2019s sera lanc\u00e9e le 15 ao\u00fbt 2025, date de reprise du championnat de France<\/strong>.<\/p>\n<blockquote>\n<p style=\"text-align: justify;\">J\u00e9r\u00f4me Cazadieu, Directeur Senior Marketing &amp; Editorial LFP Media : \u00ab Le choix de Mediawan Sport s\u2019inscrit dans la volont\u00e9 de LFP Media de proposer une plateforme de qualit\u00e9 au public fran\u00e7ais avec une forte ambition \u00e9ditoriale. \u00bb.<\/p>\n<p style=\"text-align: justify;\">Fr\u00e9d\u00e9ric de Vincelles, Directeur G\u00e9n\u00e9ral Mediawan Sport : \u00ab Nous sommes fiers d\u2019avoir \u00e9t\u00e9 retenus par LFP Media pour contribuer au succ\u00e8s de la nouvelle plateforme de la Ligue 1. Ce partenariat marque une \u00e9tape importante pour Mediawan Sport, et nous mettrons toute notre expertise \u00e9ditoriale et cr\u00e9ative au service de cette grande ambition. \u00bb.<\/p>\n<\/blockquote>\n","protected":false},"excerpt":{"rendered":"\u00c0 l\u2019issue d\u2019une consultation initi\u00e9e par LFP Media sur la production \u00e9ditoriale de la nouvelle plateforme de la&hellip;\n","protected":false},"author":2,"featured_media":233126,"comment_status":"","ping_status":"","sticky":false,"template":"","format":"standard","meta":{"footnotes":""},"categories":[1412],"tags":[36156,37197,1451,1452,1453,1454,1455,1011,27,35314,37198,66,37199,60],"class_list":{"0":"post-233125","1":"post","2":"type-post","3":"status-publish","4":"format-standard","5":"has-post-thumbnail","7":"category-f1","8":"tag-chaine-ligue-1","9":"tag-chaine-ligue-1-mcdonalds","10":"tag-f1","11":"tag-formula-1","12":"tag-formula1","13":"tag-formule-1","14":"tag-formule1","15":"tag-fr","16":"tag-france","17":"tag-lfp-media","18":"tag-lfp-media-mediawan","19":"tag-ligue-1","20":"tag-ligue-1-mcdonalds","21":"tag-sports"},"share_on_mastodon":{"url":"https:\/\/pubeurope.com\/@fr\/114813170366094050","error":""},"_links":{"self":[{"href":"https:\/\/www.europesays.com\/fr\/wp-json\/wp\/v2\/posts\/233125","targetHints":{"allow":["GET"]}}],"collection":[{"href":"https:\/\/www.europesays.com\/fr\/wp-json\/wp\/v2\/posts"}],"about":[{"href":"https:\/\/www.europesays.com\/fr\/wp-json\/wp\/v2\/types\/post"}],"author":[{"embeddable":true,"href":"https:\/\/www.europesays.com\/fr\/wp-json\/wp\/v2\/users\/2"}],"replies":[{"embeddable":true,"href":"https:\/\/www.europesays.com\/fr\/wp-json\/wp\/v2\/comments?post=233125"}],"version-history":[{"count":0,"href":"https:\/\/www.europesays.com\/fr\/wp-json\/wp\/v2\/posts\/233125\/revisions"}],"wp:featuredmedia":[{"embeddable":true,"href":"https:\/\/www.europesays.com\/fr\/wp-json\/wp\/v2\/media\/233126"}],"wp:attachment":[{"href":"https:\/\/www.europesays.com\/fr\/wp-json\/wp\/v2\/media?parent=233125"}],"wp:term":[{"taxonomy":"category","embeddable":true,"href":"https:\/\/www.europesays.com\/fr\/wp-json\/wp\/v2\/categories?post=233125"},{"taxonomy":"post_tag","embeddable":true,"href":"https:\/\/www.europesays.com\/fr\/wp-json\/wp\/v2\/tags?post=233125"}],"curies":[{"name":"wp","href":"https:\/\/api.w.org\/{rel}","templated":true}]}}