{"id":233139,"date":"2025-07-07T17:44:10","date_gmt":"2025-07-07T17:44:10","guid":{"rendered":"https:\/\/www.europesays.com\/fr\/233139\/"},"modified":"2025-07-07T17:44:10","modified_gmt":"2025-07-07T17:44:10","slug":"les-portes-de-lenfer-a-peine-refermees-les-pass-pour-ledition-2026-deja-mis-en-vente","status":"publish","type":"post","link":"https:\/\/www.europesays.com\/fr\/233139\/","title":{"rendered":"Les portes de l\u2019Enfer \u00e0 peine referm\u00e9es, les pass pour l\u2019\u00e9dition 2026 d\u00e9j\u00e0 mis en vente"},"content":{"rendered":"<p>Du bruit, de la sueur et de la bi\u00e8re. Comme en\u00a02022, <a href=\"https:\/\/www.20minutes.fr\/dossier\/hellfest\" class=\"color-ultramarine c-link\" rel=\"nofollow noopener\" target=\"_blank\">le Hellfest 2025<\/a> n\u2019a jamais aussi bien port\u00e9 son nom. Sous une chaleur accablante, avec des temp\u00e9ratures flirtant avec les 40\u00b0C, 280.000 festivaliers ont brav\u00e9 les flammes de l\u2019enfer il y a deux semaines \u00e0 Clisson (Loire-Atlantique).<\/p>\n<p>\u00ab\u00a0Nous tenons \u00e0 souligner la grande bienveillance, l\u2019entraide et la responsabilit\u00e9 <a href=\"https:\/\/www.20minutes.fr\/diaporama\/diaporama-4159789-gros-mort-sueur-meilleures-images-hellfest-2025\" class=\"color-ultramarine c-link\" rel=\"nofollow noopener\" target=\"_blank\">de notre public<\/a>, avec aucun incident grave \u00e0 signaler lors de cette \u00e9dition\u00a0\u00bb, ont indiqu\u00e9 les organisateurs du plus grand festival de France, faisant \u00e9tat de \u00ab\u00a0seulement\u00a0\u00bb vingt-deux \u00e9vacuations et 2.600 passages aux postes de secours <a href=\"https:\/\/www.20minutes.fr\/societe\/4159195-20250619-hellfest-2025-abandonner-tee-shirt-noir-cause-chaleur-hors-question-festivaliers\" class=\"color-ultramarine c-link\" rel=\"nofollow noopener\" target=\"_blank\">durant ce week-end caniculaire<\/a>.<\/p>\n<p>Les 55.000 pass vendus en 25 minutes l\u2019an dernier<\/p>\n<p>Si certains \u00ab\u00a0Hellbangers\u00a0\u00bb ne s\u2019en sont pas encore remis physiquement et financi\u00e8rement, il va pourtant falloir qu\u2019ils se r\u00e9veillent ce mardi. A 13 heures p\u00e9tantes, les pass quatre jours pour l\u2019\u00e9dition 2026 <a href=\"https:\/\/tickets.hellfest.fr\/\" target=\"_blank\" class=\"color-ultramarine c-link\" rel=\"nofollow noopener\">seront en effet mis en vente sur Internet<\/a> sans que l\u2019on sache encore le prix du s\u00e9same.<\/p>\n<\/p>\n<p>\u00ab\u00a0Tales from the pit\u00a0\u00bb (\u00ab\u00a0Contes de la fosse\u00a0\u00bb en VF) peut-on lire sur le site du Hellfest, qui se tiendra l\u2019an prochain du 18 au 21\u00a0juin. Le 9 juillet\u00a02024, les 55.000 pass quatre jours (vendus 339 euros) pour le Hellfest 2025 <a href=\"https:\/\/www.20minutes.fr\/arts-stars\/culture\/4100395-20240709-hellfest-2025-trop-tard-pass-4-jours-encore-fois-arraches\" class=\"color-ultramarine c-link\" rel=\"nofollow noopener\" target=\"_blank\">s\u2019\u00e9taient arrach\u00e9s en seulement 25 minutes<\/a>.<\/p>\n","protected":false},"excerpt":{"rendered":"Du bruit, de la sueur et de la bi\u00e8re. Comme en\u00a02022, le Hellfest 2025 n\u2019a jamais aussi bien&hellip;\n","protected":false},"author":2,"featured_media":233140,"comment_status":"","ping_status":"","sticky":false,"template":"","format":"standard","meta":{"footnotes":""},"categories":[1355],"tags":[11720,13940,1697,251,58,59,849,1011,27,16501,3047,28629,1361,873,766,2636,7040],"class_list":{"0":"post-233139","1":"post","2":"type-post","3":"status-publish","4":"format-standard","5":"has-post-thumbnail","7":"category-musique","8":"tag-billet","9":"tag-billetterie","10":"tag-concert","11":"tag-culture","12":"tag-divertissement","13":"tag-entertainment","14":"tag-festival","15":"tag-fr","16":"tag-france","17":"tag-hellfest","18":"tag-loire-atlantique","19":"tag-metal","20":"tag-music","21":"tag-musique","22":"tag-nantes","23":"tag-pays-de-la-loire","24":"tag-rock"},"share_on_mastodon":{"url":"https:\/\/pubeurope.com\/@fr\/114813197566356483","error":""},"_links":{"self":[{"href":"https:\/\/www.europesays.com\/fr\/wp-json\/wp\/v2\/posts\/233139","targetHints":{"allow":["GET"]}}],"collection":[{"href":"https:\/\/www.europesays.com\/fr\/wp-json\/wp\/v2\/posts"}],"about":[{"href":"https:\/\/www.europesays.com\/fr\/wp-json\/wp\/v2\/types\/post"}],"author":[{"embeddable":true,"href":"https:\/\/www.europesays.com\/fr\/wp-json\/wp\/v2\/users\/2"}],"replies":[{"embeddable":true,"href":"https:\/\/www.europesays.com\/fr\/wp-json\/wp\/v2\/comments?post=233139"}],"version-history":[{"count":0,"href":"https:\/\/www.europesays.com\/fr\/wp-json\/wp\/v2\/posts\/233139\/revisions"}],"wp:featuredmedia":[{"embeddable":true,"href":"https:\/\/www.europesays.com\/fr\/wp-json\/wp\/v2\/media\/233140"}],"wp:attachment":[{"href":"https:\/\/www.europesays.com\/fr\/wp-json\/wp\/v2\/media?parent=233139"}],"wp:term":[{"taxonomy":"category","embeddable":true,"href":"https:\/\/www.europesays.com\/fr\/wp-json\/wp\/v2\/categories?post=233139"},{"taxonomy":"post_tag","embeddable":true,"href":"https:\/\/www.europesays.com\/fr\/wp-json\/wp\/v2\/tags?post=233139"}],"curies":[{"name":"wp","href":"https:\/\/api.w.org\/{rel}","templated":true}]}}