{"id":233174,"date":"2025-07-07T18:02:09","date_gmt":"2025-07-07T18:02:09","guid":{"rendered":"https:\/\/www.europesays.com\/fr\/233174\/"},"modified":"2025-07-07T18:02:09","modified_gmt":"2025-07-07T18:02:09","slug":"le-projet-autoroutier-quasiment-abandonne","status":"publish","type":"post","link":"https:\/\/www.europesays.com\/fr\/233174\/","title":{"rendered":"le projet autoroutier quasiment abandonn\u00e9"},"content":{"rendered":"<p>            Par<br \/>\n        <strong><br \/>\n            <a href=\"https:\/\/actu.fr\/auteur\/beatrice-cherry-pellat\" title=\"Consulter tous les articles de B\u00e9atrice Cherry-Pellat\" target=\"_blank\" rel=\"noopener\">B\u00e9atrice Cherry-Pellat<\/a><br \/>\n        <\/strong><\/p>\n<p>        Publi\u00e9 le<\/p>\n<p>            7 juil. 2025 \u00e0 15h22        <\/p>\n<p>C\u2019est une bonne nouvelle pour les opposants au <b>contournement Est de Rouen<\/b> dont ils ne peuvent pas encore se f\u00e9liciter.<\/p>\n<p class=\" wall-content\">Le 3\u00a0juillet dernier, le <b>ministre des Transports, Philippe Tabarot, <\/b>a d\u00e9clar\u00e9 \u00ab\u2009r\u00e9unir tous les acteurs du projet en septembre. S\u2019il n\u2019y a pas de consensus, il ne se fera pas\u2009\u00bb.<\/p>\n<p class=\" wall-content\">Le ministre a avanc\u00e9 le poids financier de la construction de cette autoroute \u2013 \u00e9valu\u00e9e \u00e0 pr\u00e8s d\u2019un milliard d\u2019euros\u2009: \u00ab\u2009L\u2019\u00c9tat est-il en capacit\u00e9 de le financer\u2009? On s\u2019aper\u00e7oit qu\u2019il y a des solutions peut-\u00eatre moins co\u00fbteuses et tout aussi efficaces\u2009\u00bb.<\/p>\n<p>D\u00e9cision rendue en septembre<\/p>\n<p class=\" wall-content\"><b>Apr\u00e8s 25\u00a0ans de mobilisation contre le projet d\u2019autoroute A133-134<\/b>, les membres de l\u2019association Non \u00e0 l\u2019autoroute ont r\u00e9agi aux d\u00e9clarations de Philippe Tabarot\u2009: \u00ab\u2009Nous nous r\u00e9jouissons des d\u00e9clarations faites par le ministre des Transports qui vont dans le sens de notre lutte.\u2009\u00bb<\/p>\n<p>Vid\u00e9os : en ce moment sur Actu<\/p>\n<p class=\" wall-content\">Cependant, les membres de l\u2019association pr\u00e9sid\u00e9e par Lydie Rousseau demeurent dans la confusion\u2009: \u00ab\u2009Nous ne comprenons pas pourquoi le ministre veut attendre septembre pour rendre publique cette d\u00e9cision, c\u2019est regrettable. En septembre, une dissolution sera encore possible et la d\u00e9cision pourrait \u00eatre \u00e0 nouveau report\u00e9e.\u2009\u00bb<\/p>\n<p class=\" wall-content\">Au printemps, le ministre Philippe Tabarot avait re\u00e7u les \u00e9lus locaux oppos\u00e9s au projet autoroutier \u2013 <b>Philippe Brun<\/b>, d\u00e9put\u00e9 de la 4e circonscription de l\u2019Eure, <b>Marc-Antoine Jamet<\/b>, conseiller d\u00e9partemental du canton de Val-de-Reuil et <b>Nicolas Mayer-Rossignol<\/b>, maire de Rouen et pr\u00e9sident de la M\u00e9tropole\u2009: \u00ab\u2009La d\u00e9cision est prise depuis fin avril et l\u2019abandon du projet est sur la table depuis deux ans. Le ministre nous fait attendre pour ne pas froisser sa famille politique\u2009\u00bb, d\u00e9plore Lydie Rousseau.<\/p>\n<p>La mobilisation continue<\/p>\n<p class=\" wall-content\">Enfin, si l\u2019association se satisfait de l\u2019issue du projet autoroutier, elle regrette \u00e9galement que seules les <b>raisons financi\u00e8res <\/b>aient \u00e9t\u00e9 mises en avant\u2009: \u00ab\u2009Le ministre n\u2019a pas \u00e9voqu\u00e9 l\u2019<b>urgence climatique<\/b> et n\u2019a eu aucune consid\u00e9ration pour le vivant. C\u2019est dommage\u2009\u00bb.<\/p>\n<p class=\" wall-content\">Dans l\u2019attente d\u2019une d\u00e9cision officielle et d\u00e9finitive, <a href=\"https:\/\/actu.fr\/normandie\/rouen_76540\/a-rouen-ils-organisent-une-fete-citoyenne-pour-reclamer-la-fin-du-contournement-est_62632478.html\" target=\"_blank\" rel=\"noopener\">Lydie Rousseau rappelle que \u00ab\u2009l\u2019association reste pleinement mobilis\u00e9e\u2009\u00bb contre le projet.<\/a><\/p>\n<p class=\" wall-content\">Suivez toute l\u2019actualit\u00e9 de vos villes et m\u00e9dias favoris en vous inscrivant \u00e0 <a href=\"https:\/\/moncompte.actu.fr\" title=\"D\u00e9couvez Mon Actu\" rel=\"nofollow noopener\" data-trk=\"{&quot;cta&quot;:{&quot;action&quot;:&quot;https:\\\/\\\/moncompte.actu.fr&quot;,&quot;category&quot;:&quot;mon compte&quot;,&quot;from&quot;:&quot;article footer&quot;,&quot;name&quot;:&quot;Mon actu&quot;,&quot;type&quot;:&quot;cta&quot;}}\" target=\"_blank\">Mon Actu<\/a>.<\/p>\n","protected":false},"excerpt":{"rendered":"Par B\u00e9atrice Cherry-Pellat Publi\u00e9 le 7 juil. 2025 \u00e0 15h22 C\u2019est une bonne nouvelle pour les opposants au&hellip;\n","protected":false},"author":2,"featured_media":233175,"comment_status":"","ping_status":"","sticky":false,"template":"","format":"standard","meta":{"footnotes":""},"categories":[9587],"tags":[1111,11,21728,1777,674,1011,27,12,5161,25,9590,104],"class_list":{"0":"post-233174","1":"post","2":"type-post","3":"status-publish","4":"format-standard","5":"has-post-thumbnail","7":"category-rouen","8":"tag-actu","9":"tag-actualites","10":"tag-contournement-est-rouen","11":"tag-eu","12":"tag-europe","13":"tag-fr","14":"tag-france","15":"tag-news","16":"tag-normandie","17":"tag-republique-francaise","18":"tag-rouen","19":"tag-societe"},"share_on_mastodon":{"url":"https:\/\/pubeurope.com\/@fr\/114813268433883038","error":""},"_links":{"self":[{"href":"https:\/\/www.europesays.com\/fr\/wp-json\/wp\/v2\/posts\/233174","targetHints":{"allow":["GET"]}}],"collection":[{"href":"https:\/\/www.europesays.com\/fr\/wp-json\/wp\/v2\/posts"}],"about":[{"href":"https:\/\/www.europesays.com\/fr\/wp-json\/wp\/v2\/types\/post"}],"author":[{"embeddable":true,"href":"https:\/\/www.europesays.com\/fr\/wp-json\/wp\/v2\/users\/2"}],"replies":[{"embeddable":true,"href":"https:\/\/www.europesays.com\/fr\/wp-json\/wp\/v2\/comments?post=233174"}],"version-history":[{"count":0,"href":"https:\/\/www.europesays.com\/fr\/wp-json\/wp\/v2\/posts\/233174\/revisions"}],"wp:featuredmedia":[{"embeddable":true,"href":"https:\/\/www.europesays.com\/fr\/wp-json\/wp\/v2\/media\/233175"}],"wp:attachment":[{"href":"https:\/\/www.europesays.com\/fr\/wp-json\/wp\/v2\/media?parent=233174"}],"wp:term":[{"taxonomy":"category","embeddable":true,"href":"https:\/\/www.europesays.com\/fr\/wp-json\/wp\/v2\/categories?post=233174"},{"taxonomy":"post_tag","embeddable":true,"href":"https:\/\/www.europesays.com\/fr\/wp-json\/wp\/v2\/tags?post=233174"}],"curies":[{"name":"wp","href":"https:\/\/api.w.org\/{rel}","templated":true}]}}