{"id":233176,"date":"2025-07-07T18:03:08","date_gmt":"2025-07-07T18:03:08","guid":{"rendered":"https:\/\/www.europesays.com\/fr\/233176\/"},"modified":"2025-07-07T18:03:08","modified_gmt":"2025-07-07T18:03:08","slug":"une-mobilisation-consequente-pour-assurer-la-securite-du-tour-de-france-a-rouen","status":"publish","type":"post","link":"https:\/\/www.europesays.com\/fr\/233176\/","title":{"rendered":"Une mobilisation \u00ab cons\u00e9quente \u00bb pour assurer la s\u00e9curit\u00e9 du Tour de France \u00e0 Rouen"},"content":{"rendered":"<p>            Par<br \/>\n        <strong><br \/>\n            <a href=\"https:\/\/actu.fr\/auteur\/adrien-filoche\" title=\"Consulter tous les articles de Adrien Filoche\" rel=\"nofollow noopener\" target=\"_blank\">Adrien Filoche<\/a><br \/>\n        <\/strong><\/p>\n<p>        Publi\u00e9 le<\/p>\n<p>            7 juil. 2025 \u00e0 19h22        <\/p>\n<p>Une mobilisation \u00ab\u2009cons\u00e9quente\u2009\u00bb, annonce la <a href=\"https:\/\/actu.fr\/societe\/question-pas-si-bete-est-on-des-habitants-de-seine-maritime-ou-de-la-seine-maritime_48877073.html\" rel=\"nofollow noopener\" target=\"_blank\">pr\u00e9fecture de la Seine-Maritime<\/a>. Pour la venue du <a href=\"https:\/\/actu.fr\/normandie\/rouen_76540\/la-ville-de-rouen-va-t-elle-faire-le-plein-de-touristes-pour-le-passage-du-tour-de-france_62768828.html\" rel=\"nofollow noopener\" target=\"_blank\">Tour de France \u00e0 Rouen<\/a> le mardi 8\u00a0juillet 2025, un important<strong> dispositif de s\u00e9curit\u00e9<\/strong> va \u00eatre d\u00e9ploy\u00e9 sur l\u2019ensemble du d\u00e9partement. Voici \u00e0 quoi s\u2019attendre.<\/p>\n<p>Plus de 600 policiers et gendarmes<\/p>\n<p class=\" wall-content\">Afin de \u00ab\u2009garantir la s\u00e9curit\u00e9 de la manifestation sportive\u2009\u00bb, un total de <strong>587 policiers et gendarmes nationaux<\/strong> seront d\u00e9ploy\u00e9s, auxquels s\u2019ajoutent <strong>62 policiers municipaux<\/strong>,<strong> 140 agents de s\u00e9curit\u00e9 priv\u00e9e<\/strong> d\u00e9ploy\u00e9s par l\u2019organisateur du Tour de France, r\u00e9partis entre le d\u00e9part et l\u2019arriv\u00e9e. Plus de 300\u00a0\u00e9l\u00e8ves de l\u2019\u00c9cole nationale de police (ENP) d\u2019Oissel seront \u00e9galement mobilis\u00e9s, en soutien.<\/p>\n<blockquote class=\"ac-article-quote wall-content\">\n<p>Depuis plusieurs mois, les services de l\u2019\u00c9tat travaillent en collaboration avec l\u2019organisateur du Tour de France et les collectivit\u00e9s concern\u00e9es pour assurer la s\u00e9curit\u00e9 du parcours et faire de ce passage une grande f\u00eate populaire.<\/p>\n<p>    <strong>La pr\u00e9fecture de la Seine-Maritime<\/strong>\n            <\/p><\/blockquote>\n<p class=\" wall-content\">Ainsi, lors de cette journ\u00e9e, <a href=\"https:\/\/actu.fr\/normandie\/rouen_76540\/tour-de-france-2025-a-rouen-voici-ou-on-ne-pourra-pas-circuler-et-se-garer-des-le-2-juillet_62761195.html\" rel=\"nofollow noopener\" target=\"_blank\">la circulation et le stationnement seront fortement perturb\u00e9s<\/a> dans les communes o\u00f9 passeront les cyclistes, notamment dans la ville arriv\u00e9e, \u00e0 Rouen. Les coureurs les plus rapides sont attendus aux alentours de 17\u00a0heures dans la capitale normande.<\/p>\n<p class=\" wall-content\">\u00ab\u2009Il est conseill\u00e9 d\u2019anticiper ses d\u00e9placements et de s\u2019informer sur les d\u00e9viations, parkings et \u00e9ventuels transports en commun mis en place pour l\u2019occasion\u2009\u00bb, souligne la pr\u00e9fecture de la Seine-Maritime.<\/p>\n<p class=\" wall-content\">En plus des forces de l\u2019ordre, 115 pompiers seront \u00e9galement d\u00e9p\u00each\u00e9s pour s\u00e9curiser l\u2019\u00e9v\u00e8nement. Les secours \u00ab\u2009seront pr\u00e9positionn\u00e9s en diff\u00e9rents points, en garde post\u00e9e dans ces diff\u00e9rents centres de secours\u2009\u00bb, explique la pr\u00e9fecture.<\/p>\n<p>Des interdictions le jour du passage<\/p>\n<p class=\" wall-content\">Afin d\u2019assurer la s\u00e9curisation du passage du Tour de France le 8\u00a0juillet dans le d\u00e9partement, le pr\u00e9fet de la Seine-Maritime prend plusieurs arr\u00eat\u00e9s\u2009:<\/p>\n<ul class=\" wall-content\">\n<li>un arr\u00eat\u00e9 interdisant sur le parcours et \u00e0 ses abords tout rassemblement revendicatif non d\u00e9clar\u00e9, ainsi que le port, le transport et l\u2019utilisation sans motif l\u00e9gitime d\u2019articles pyrotechniques, d\u2019armes, de substances dangereuses, d\u2019objets dissimulant le visage, d\u2019\u00e9quipements entravant les forces de l\u2019ordre ou le passage de la caravane et des coureurs, ou encore l\u2019acc\u00e8s des animaux dangereux de 12h00 \u00e0 18h15\u2009;<\/li>\n<li>un arr\u00eat\u00e9 interdisant le survol du parcours par des a\u00e9ronefs et a\u00e9rostats (montgolfi\u00e8res)\u2009;<\/li>\n<li>un arr\u00eat\u00e9, conjoint avec le pr\u00e9fet de l\u2019Oise, interdisant la circulation des poids lourds de plus de 7,5 tonnes sur la route nationale 31 de 10h30 \u00e0 18h00.<\/li>\n<\/ul>\n<p>Suivez l\u2019actualit\u00e9 de Rouen sur <a href=\"https:\/\/www.whatsapp.com\/channel\/0029VaKfnf99hXF2ddApFB1D\" rel=\"nofollow noopener\" target=\"_blank\">notre cha\u00eene WhatsApp<\/a> et sur <a href=\"https:\/\/www.tiktok.com\/@76actu.fr?lang=fr\" rel=\"nofollow noopener\" target=\"_blank\">notre compte TikTok<\/a><\/p>\n<p class=\" wall-content\">Suivez toute l\u2019actualit\u00e9 de vos villes et m\u00e9dias favoris en vous inscrivant \u00e0 <a href=\"https:\/\/moncompte.actu.fr\" title=\"D\u00e9couvez Mon Actu\" rel=\"nofollow noopener\" data-trk=\"{&quot;cta&quot;:{&quot;action&quot;:&quot;https:\\\/\\\/moncompte.actu.fr&quot;,&quot;category&quot;:&quot;mon compte&quot;,&quot;from&quot;:&quot;article footer&quot;,&quot;name&quot;:&quot;Mon actu&quot;,&quot;type&quot;:&quot;cta&quot;}}\" target=\"_blank\">Mon Actu<\/a>.<\/p>\n<p>                    <script async src=\"\/\/www.tiktok.com\/embed.js\"><\/script><\/p>\n","protected":false},"excerpt":{"rendered":"Par Adrien Filoche Publi\u00e9 le 7 juil. 2025 \u00e0 19h22 Une mobilisation \u00ab\u2009cons\u00e9quente\u2009\u00bb, annonce la pr\u00e9fecture de la&hellip;\n","protected":false},"author":2,"featured_media":233177,"comment_status":"","ping_status":"","sticky":false,"template":"","format":"standard","meta":{"footnotes":""},"categories":[9587],"tags":[1111,11,1777,674,1011,27,12,5161,1072,25,9590,104,210,2116],"class_list":{"0":"post-233176","1":"post","2":"type-post","3":"status-publish","4":"format-standard","5":"has-post-thumbnail","7":"category-rouen","8":"tag-actu","9":"tag-actualites","10":"tag-eu","11":"tag-europe","12":"tag-fr","13":"tag-france","14":"tag-news","15":"tag-normandie","16":"tag-police","17":"tag-republique-francaise","18":"tag-rouen","19":"tag-societe","20":"tag-tour-de-france","21":"tag-tour-de-france-2025"},"share_on_mastodon":{"url":"https:\/\/pubeurope.com\/@fr\/114813272219757892","error":""},"_links":{"self":[{"href":"https:\/\/www.europesays.com\/fr\/wp-json\/wp\/v2\/posts\/233176","targetHints":{"allow":["GET"]}}],"collection":[{"href":"https:\/\/www.europesays.com\/fr\/wp-json\/wp\/v2\/posts"}],"about":[{"href":"https:\/\/www.europesays.com\/fr\/wp-json\/wp\/v2\/types\/post"}],"author":[{"embeddable":true,"href":"https:\/\/www.europesays.com\/fr\/wp-json\/wp\/v2\/users\/2"}],"replies":[{"embeddable":true,"href":"https:\/\/www.europesays.com\/fr\/wp-json\/wp\/v2\/comments?post=233176"}],"version-history":[{"count":0,"href":"https:\/\/www.europesays.com\/fr\/wp-json\/wp\/v2\/posts\/233176\/revisions"}],"wp:featuredmedia":[{"embeddable":true,"href":"https:\/\/www.europesays.com\/fr\/wp-json\/wp\/v2\/media\/233177"}],"wp:attachment":[{"href":"https:\/\/www.europesays.com\/fr\/wp-json\/wp\/v2\/media?parent=233176"}],"wp:term":[{"taxonomy":"category","embeddable":true,"href":"https:\/\/www.europesays.com\/fr\/wp-json\/wp\/v2\/categories?post=233176"},{"taxonomy":"post_tag","embeddable":true,"href":"https:\/\/www.europesays.com\/fr\/wp-json\/wp\/v2\/tags?post=233176"}],"curies":[{"name":"wp","href":"https:\/\/api.w.org\/{rel}","templated":true}]}}