{"id":233184,"date":"2025-07-07T18:08:16","date_gmt":"2025-07-07T18:08:16","guid":{"rendered":"https:\/\/www.europesays.com\/fr\/233184\/"},"modified":"2025-07-07T18:08:16","modified_gmt":"2025-07-07T18:08:16","slug":"le-centre-socio-culturel-de-lelsau-rouvre-ses-portes","status":"publish","type":"post","link":"https:\/\/www.europesays.com\/fr\/233184\/","title":{"rendered":"le centre socio-culturel de l&rsquo;Elsau rouvre ses portes"},"content":{"rendered":"<p class=\"wp-block-post-excerpt__excerpt\">Apr\u00e8s deux audits, un signalement au procureur et une liquidation judiciaire en mars, le centre socio-culturel de l\u2019Elsau a rouvert ses portes ce lundi 7 juillet. <\/p>\n<p class=\"font-sans\">\n\t\t\tCet article est en acc\u00e8s libre. Pour soutenir Rue89 Strasbourg,<br \/>\n\t\t\t<a class=\"underline\" href=\"https:\/\/www.rue89strasbourg.com\/abonnement\" rel=\"nofollow noopener\" target=\"_blank\">abonnez-vous<\/a>.\n\t\t<\/p>\n<p>Lucie Dradem<\/p>\n<p>Publi\u00e9 le 7 juillet 2025\u00a0\u00a0\u00b7\u00a0\u00a0<\/p>\n<p>Imprim\u00e9 le 7 juillet 2025 \u00e0 20h08\u00a0\u00a0\u00b7\u00a0\u00a0<\/p>\n<p>Modifi\u00e9 le 7 juillet 2025\u00a0\u00a0\u00b7\u00a0\u00a0<\/p>\n<p>\t\t\t\t\t2\u00a0minutes\n<\/p>\n<p>Lundi 7 juillet, le centre socio-culturel de l\u2019Elsau rouvre ses portes. \u00c0 l\u2019issue d\u2019une saga judiciaire de plus de deux ans, il a chang\u00e9 de gestionnaire et proposera des activit\u00e9s aux enfants tout l\u2019\u00e9t\u00e9 2025.<\/p>\n<p>En mars 2023, Rue89 Strasbourg avait r\u00e9v\u00e9l\u00e9 <a href=\"https:\/\/www.rue89strasbourg.com\/audit-derives-financieres-gestion-clanique-csc-elsau-283351\" target=\"_blank\" rel=\"noreferrer noopener nofollow\">les d\u00e9rives du centre social et culturel (CSC) de l\u2019Elsau<\/a>. Conflits d\u2019int\u00e9r\u00eats, organisation floue, d\u00e9penses intra\u00e7ables\u2026 Les partenaires financiers de cette structure essentielle dans le quartier populaire de l\u2019ouest de Strasbourg finissent par signaler la gestion du CSC <a href=\"https:\/\/www.rue89strasbourg.com\/opacite-csc-elsau-procureur-301568\" target=\"_blank\" rel=\"noreferrer noopener nofollow\">au procureur de la R\u00e9publique<\/a> de Strasbourg en mai 2024. Puis en mars 2025, quatre financeurs publics du centre <a href=\"https:\/\/www.rue89strasbourg.com\/csc-elsau-liquidation-335840\" target=\"_blank\" rel=\"noreferrer noopener nofollow\">refusent de maintenir les subventions<\/a> de l\u2019association gestionnaire, qui est contrainte de demander sa liquidation judiciaire. Celle-ci est <a href=\"https:\/\/www.rue89strasbourg.com\/liquidation-judiciaire-csc-elsau-suites-336376\" target=\"_blank\" rel=\"noreferrer noopener nofollow\">prononc\u00e9e le 11 mars<\/a> 2025.<\/p>\n<p>Mais la page est d\u00e9finitivement tourn\u00e9e pour Brahim Mahi, nouveau chef de projet du CSC. Il vient d\u2019\u00eatre embauch\u00e9 par la Ville avec deux agents d\u2019accueils, Judith NGaka et Ouahide Kharmaz, pour g\u00e9rer le centre pendant trois ans. \u00ab\u00a0On va de l\u2019avant, on va de l\u2019avant et on va de l\u2019avant\u00a0\u00bb, r\u00e9p\u00e8te-t-il, tout en expliquant ne pas vouloir se comparer \u00e0 l\u2019ancienne \u00e9quipe du centre. Pour le moment, la Ville de Strasbourg finance seule le fonctionnement du CSC.<\/p>\n<p><a href=\"https:\/\/www.rue89strasbourg.com\/la-newsletter\" rel=\"nofollow noopener\" target=\"_blank\"><img loading=\"lazy\" decoding=\"async\" width=\"970\" height=\"250\" src=\"https:\/\/www.europesays.com\/fr\/wp-content\/uploads\/2025\/06\/bannie\u0300re-autopromo-2025-desktop-1.gif\" alt=\"\" class=\"wp-image-347550\" style=\"width:792px;height:auto\"\/><\/a><\/p>\n<p><a href=\"https:\/\/www.rue89strasbourg.com\/la-newsletter\" rel=\"nofollow noopener\" target=\"_blank\"><img loading=\"lazy\" decoding=\"async\" width=\"300\" height=\"300\" src=\"https:\/\/www.europesays.com\/fr\/wp-content\/uploads\/2025\/06\/bannie\u0300res-autopromo-300x300-2.gif\" alt=\"\" class=\"wp-image-347551\"\/><\/a><\/p>\n<p>De nouveaux partenariats<\/p>\n<p>Le r\u00f4le de Brahim Mahi est de repenser les partenariats du centre pour que d\u2019ici trois ans, il soit \u00e0 nouveau g\u00e9r\u00e9 par une association locale, et non par la Ville. \u00ab\u00a0Jeudi 3 juillet, nous avons fait une pr\u00e9-ouverture du centre pour rencontrer les associations du quartier\u00a0\u00bb, explique Ouahide Kharmaz. Parmi les associations rencontr\u00e9es, il cite Dacip, qui doit aider \u00e0 la cr\u00e9ation d\u2019un espace d\u2019insertion professionnelle, mais aussi le P\u2019tit Labo, qui g\u00e8re d\u00e9j\u00e0 un tiers-lieu \u00e0 l\u2019Elsau, le club Boxe Fran\u00e7aise Savate (BFS) \u00ab\u00a0et une dizaine d\u2019autres\u00a0\u00bb\u00a0:<\/p>\n<blockquote class=\"wp-block-quote is-layout-flow wp-block-quote-is-layout-flow\">\n<p>\u00ab\u00a0Je sors tout juste d\u2019une r\u00e9union avec 12:21, une compagnie (de th\u00e9\u00e2tre et de danse, NDLR) qui va cr\u00e9er une r\u00e9sidence artistique de 24 mois \u00e0 l\u2019Elsau.\u00a0\u00bb<\/p>\n<\/blockquote>\n<p>\t\tPar et pour les habitants<\/p>\n<p>Les premi\u00e8res portes ouvertes du CSC ont eu lieu vendredi 4 juillet. Une r\u00e9ouverture attendue par les habitants du quartier, <a href=\"https:\/\/www.rue89strasbourg.com\/csc-elsau-prefet-signale-procureur-faits-intimidations-verbales-physiques-337554\" target=\"_blank\" rel=\"noreferrer noopener nofollow\">tr\u00e8s concern\u00e9s par les probl\u00e8mes de gestion du centre et son futur<\/a>. L\u2019ambiance est rest\u00e9 l\u00e9g\u00e8re, selon Ouahid Kharmaz\u00a0: food truck, animations organis\u00e9es par l\u2019association Arachnima et la Ville de Strasbourg, stands d\u2019associations du quartier et musique\u2026 \u00ab\u00a0On a eu d\u2019excellents retours des habitants du quartier, avec lesquels on a pu se poser et discuter\u00a0\u00bb, conclut Brahim Mahi. <\/p>\n<p>Cette nouvelle prise de contact avec les habitants d\u2019Elsau est cruciale pour Brahim Mahi\u00a0: \u00ab\u00a0Tout ce que l\u2019on fait, on veut que ce soit fait par les habitants, pour les habitants.\u00a0\u00bb Lundi 7 juillet au matin, le centre de loisirs pour les 6-11 ans du CSC a pu rouvrir. Sur les 24 places, 15 ont \u00e9t\u00e9 prises \u00ab\u00a0et nous sommes en train de valider de nouvelles inscriptions\u00a0\u00bb, ajoute Brahim Mahi. <\/p>\n","protected":false},"excerpt":{"rendered":"Apr\u00e8s deux audits, un signalement au procureur et une liquidation judiciaire en mars, le centre socio-culturel de l\u2019Elsau&hellip;\n","protected":false},"author":2,"featured_media":233185,"comment_status":"","ping_status":"","sticky":false,"template":"","format":"standard","meta":{"footnotes":""},"categories":[2820],"tags":[1111,11,23400,1777,674,1011,27,775,12,25,104,640],"class_list":{"0":"post-233184","1":"post","2":"type-post","3":"status-publish","4":"format-standard","5":"has-post-thumbnail","7":"category-strasbourg","8":"tag-actu","9":"tag-actualites","10":"tag-csc-elsau","11":"tag-eu","12":"tag-europe","13":"tag-fr","14":"tag-france","15":"tag-grand-est","16":"tag-news","17":"tag-republique-francaise","18":"tag-societe","19":"tag-strasbourg"},"share_on_mastodon":{"url":"https:\/\/pubeurope.com\/@fr\/114813291999225766","error":""},"_links":{"self":[{"href":"https:\/\/www.europesays.com\/fr\/wp-json\/wp\/v2\/posts\/233184","targetHints":{"allow":["GET"]}}],"collection":[{"href":"https:\/\/www.europesays.com\/fr\/wp-json\/wp\/v2\/posts"}],"about":[{"href":"https:\/\/www.europesays.com\/fr\/wp-json\/wp\/v2\/types\/post"}],"author":[{"embeddable":true,"href":"https:\/\/www.europesays.com\/fr\/wp-json\/wp\/v2\/users\/2"}],"replies":[{"embeddable":true,"href":"https:\/\/www.europesays.com\/fr\/wp-json\/wp\/v2\/comments?post=233184"}],"version-history":[{"count":0,"href":"https:\/\/www.europesays.com\/fr\/wp-json\/wp\/v2\/posts\/233184\/revisions"}],"wp:featuredmedia":[{"embeddable":true,"href":"https:\/\/www.europesays.com\/fr\/wp-json\/wp\/v2\/media\/233185"}],"wp:attachment":[{"href":"https:\/\/www.europesays.com\/fr\/wp-json\/wp\/v2\/media?parent=233184"}],"wp:term":[{"taxonomy":"category","embeddable":true,"href":"https:\/\/www.europesays.com\/fr\/wp-json\/wp\/v2\/categories?post=233184"},{"taxonomy":"post_tag","embeddable":true,"href":"https:\/\/www.europesays.com\/fr\/wp-json\/wp\/v2\/tags?post=233184"}],"curies":[{"name":"wp","href":"https:\/\/api.w.org\/{rel}","templated":true}]}}