{"id":233208,"date":"2025-07-07T18:22:11","date_gmt":"2025-07-07T18:22:11","guid":{"rendered":"https:\/\/www.europesays.com\/fr\/233208\/"},"modified":"2025-07-07T18:22:11","modified_gmt":"2025-07-07T18:22:11","slug":"lyon-un-homme-recherche-pour-un-coup-de-couteau-fin-mai-arrete-apres-une-agression","status":"publish","type":"post","link":"https:\/\/www.europesays.com\/fr\/233208\/","title":{"rendered":"Lyon. Un homme recherch\u00e9 pour un coup de couteau fin mai arr\u00eat\u00e9 apr\u00e8s une agression"},"content":{"rendered":"<p>Arr\u00eat\u00e9 apr\u00e8s le vol \u00e0 l\u2019arrach\u00e9 d\u2019un collier, dimanche 6\u00a0juillet vers 4 heures du matin \u00e0 Lyon (1er), un Alg\u00e9rien en situation irr\u00e9guli\u00e8re \u00e2g\u00e9 de 34 ans est \u00e9galement poursuivi pour avoir bless\u00e9 un jeune migrant \u00e0 coups de couteau, le 24\u00a0mai dernier.<\/p>\n<p>Ce jour-l\u00e0, une guide accompagnait des touristes anglais sur les pentes de la <a href=\"https:\/\/www.leprogres.fr\/edition-lyon-villeurbanne\/lyon-4e\" target=\"_blank\" rel=\"noopener\">Croix-Rousse<\/a>. Alors qu\u2019ils se trouvaient mont\u00e9e de la Grande C\u00f4te, trois individus ont bouscul\u00e9 violemment un journaliste appartenant au groupe et lui ont arrach\u00e9 sa montre.<\/p>\n<p>Un jeune migrant est intervenu pour tenter d\u2019aider les touristes \u00e0 r\u00e9cup\u00e9rer la montre mais une bagarre a \u00e9clat\u00e9. Au cours de l\u2019affrontement l\u2019un des agresseurs a port\u00e9 un coup de couteau au jeune homme, le blessant s\u00e9rieusement au bras. Les trois agresseurs ont rapidement pris la fuite, en emportant la montre vol\u00e9e, et le jeune migrant a \u00e9t\u00e9 conduit \u00e0 l\u2019h\u00f4pital. Toutefois, l\u2019auteur du coup de couteau a perdu dans l\u2019action son t\u00e9l\u00e9phone, qui a \u00e9t\u00e9 r\u00e9cup\u00e9r\u00e9 par les enqu\u00eateurs.<\/p>\n<p>  Couteau et lacrymog\u00e8ne<\/p>\n<p>C\u2019est ainsi qu\u2019il a \u00e9t\u00e9 identifi\u00e9 mais il n\u2019a pas pu \u00eatre interpell\u00e9 car il a pris la fuite en Espagne apr\u00e8s les faits. Un mandat de recherche a donc \u00e9t\u00e9 d\u00e9livr\u00e9 \u00e0 son encontre, et il a fini par \u00eatre rattrap\u00e9. De retour \u00e0 Lyon, il a en effet \u00e9t\u00e9 interpell\u00e9 au cours de la nuit de samedi \u00e0 dimanche, en compagnie d\u2019un compatriote \u00e2g\u00e9 de 20 ans, \u00e9galement en situation irr\u00e9guli\u00e8re. Les deux hommes, soup\u00e7onn\u00e9s d\u2019un vol \u00e0 l\u2019arrach\u00e9 rue Terme, et d\u00e9sign\u00e9s par des t\u00e9moins, ont \u00e9t\u00e9 arr\u00eat\u00e9s dans les escaliers de la rue Pouteau, en possession d\u2019un petit couteau et d\u2019une bombe lacrymog\u00e8ne.<\/p>\n<p>En garde \u00e0 vue, ils ont ni\u00e9 le vol de collier et le plus jeune a \u00e9t\u00e9 laiss\u00e9 libre. Le trentenaire a \u00e9t\u00e9 pr\u00e9sent\u00e9 ce lundi en vue d\u2019une comparution imm\u00e9diate pour violences avec arme.<\/p>\n<p>Ce contenu est bloqu\u00e9 car vous n&rsquo;avez pas accept\u00e9 les cookies et autres traceurs.<\/p>\n<p>En cliquant sur \u00ab J\u2019accepte \u00bb, les cookies et autres traceurs seront d\u00e9pos\u00e9s et vous pourrez visualiser les contenus  (<a href=\"\" class=\"consentModule_policy\" target=\"_blank\" title=\"Consulter la politique de protection des donn\u00e9es du fournisseur\">plus d&rsquo;informations<\/a>).<\/p>\n<p>En cliquant sur \u00ab J\u2019accepte tous les cookies \u00bb, vous autorisez des d\u00e9p\u00f4ts de cookies et autres traceurs pour le stockage de vos donn\u00e9es sur nos sites et applications \u00e0 des fins de personnalisation et de ciblage publicitaire.<\/p>\n<p class=\"consentModule_secondaryText\">Vous gardez la possibilit\u00e9 de retirer votre consentement \u00e0 tout moment en consultant notre <a href=\"https:\/\/www.leprogres.fr\/protection-des-donnees\" target=\"_blank\" title=\"Consulter notre politique de protection des donn\u00e9es\" rel=\"noopener\">politique de protection des donn\u00e9es<\/a>. <br \/>&#13;<br \/>\n            <a href=\"https:\/\/www.leprogres.fr\/faits-divers-justice\/2025\/07\/07\/javascript:Didomi.notice.show()\" class=\"consentModule_cmp\" target=\"_blank\" rel=\"noopener\">G\u00e9rer mes choix<\/a>&#13;\n        <\/p>\n<p>&#13;<br \/>\n                        J&rsquo;accepte&#13;<br \/>\n            J&rsquo;accepte tous les cookies&#13;\n        <\/p>\n<p>Le 1er\u00a0juin dernier, dans le secteur de la Grande C\u00f4te, <a href=\"https:\/\/www.leprogres.fr\/faits-divers-justice\/2025\/06\/28\/une-touriste-se-fait-arracher-sa-chaine-en-or-de-jeunes-migrants-rattrapent-le-voleur\" target=\"_blank\" rel=\"noopener\">un couple victime du vol d\u2019un collier<\/a> a pu le r\u00e9cup\u00e9rer gr\u00e2ce \u00e0 l\u2019intervention de jeunes migrants, t\u00e9moins des faits comme le 24\u00a0mai.<\/p>\n","protected":false},"excerpt":{"rendered":"Arr\u00eat\u00e9 apr\u00e8s le vol \u00e0 l\u2019arrach\u00e9 d\u2019un collier, dimanche 6\u00a0juillet vers 4 heures du matin \u00e0 Lyon (1er),&hellip;\n","protected":false},"author":2,"featured_media":233209,"comment_status":"","ping_status":"","sticky":false,"template":"","format":"standard","meta":{"footnotes":""},"categories":[1889],"tags":[1111,11,2430,271,272,2757,1777,674,274,107,1011,27,2428,7789,2801,12,25,2429],"class_list":{"0":"post-233208","1":"post","2":"type-post","3":"status-publish","4":"format-standard","5":"has-post-thumbnail","7":"category-lyon","8":"tag-actu","9":"tag-actualites","10":"tag-auvergne-rhone-alpes","11":"tag-crime","12":"tag-delit-et-contravention","13":"tag-edition-lyon-villeurbanne","14":"tag-eu","15":"tag-europe","16":"tag-faits-divers-justice","17":"tag-fil-info","18":"tag-fr","19":"tag-france","20":"tag-lyon","21":"tag-lyon-1er","22":"tag-lyon-1er-arrondissement","23":"tag-news","24":"tag-republique-francaise","25":"tag-rhone"},"share_on_mastodon":{"url":"https:\/\/pubeurope.com\/@fr\/114813346971151702","error":""},"_links":{"self":[{"href":"https:\/\/www.europesays.com\/fr\/wp-json\/wp\/v2\/posts\/233208","targetHints":{"allow":["GET"]}}],"collection":[{"href":"https:\/\/www.europesays.com\/fr\/wp-json\/wp\/v2\/posts"}],"about":[{"href":"https:\/\/www.europesays.com\/fr\/wp-json\/wp\/v2\/types\/post"}],"author":[{"embeddable":true,"href":"https:\/\/www.europesays.com\/fr\/wp-json\/wp\/v2\/users\/2"}],"replies":[{"embeddable":true,"href":"https:\/\/www.europesays.com\/fr\/wp-json\/wp\/v2\/comments?post=233208"}],"version-history":[{"count":0,"href":"https:\/\/www.europesays.com\/fr\/wp-json\/wp\/v2\/posts\/233208\/revisions"}],"wp:featuredmedia":[{"embeddable":true,"href":"https:\/\/www.europesays.com\/fr\/wp-json\/wp\/v2\/media\/233209"}],"wp:attachment":[{"href":"https:\/\/www.europesays.com\/fr\/wp-json\/wp\/v2\/media?parent=233208"}],"wp:term":[{"taxonomy":"category","embeddable":true,"href":"https:\/\/www.europesays.com\/fr\/wp-json\/wp\/v2\/categories?post=233208"},{"taxonomy":"post_tag","embeddable":true,"href":"https:\/\/www.europesays.com\/fr\/wp-json\/wp\/v2\/tags?post=233208"}],"curies":[{"name":"wp","href":"https:\/\/api.w.org\/{rel}","templated":true}]}}