{"id":233220,"date":"2025-07-07T18:29:09","date_gmt":"2025-07-07T18:29:09","guid":{"rendered":"https:\/\/www.europesays.com\/fr\/233220\/"},"modified":"2025-07-07T18:29:09","modified_gmt":"2025-07-07T18:29:09","slug":"un-an-apres-paris-2024-la-france-fait-le-plein-de-touristes-cet-ete","status":"publish","type":"post","link":"https:\/\/www.europesays.com\/fr\/233220\/","title":{"rendered":"un an apr\u00e8s Paris 2024, la France fait le plein de touristes cet \u00e9t\u00e9"},"content":{"rendered":"<p><strong>D\u00c9CRYPTAGE <\/strong>&#8211; La saison estivale 2025 s\u2019annonce plut\u00f4t bonne pour les professionnels du tourisme, port\u00e9e notamment par un afflux d\u2019\u00e9trangers qui ont encore en t\u00eate les belles images des Jeux olympiques.<\/p>\n<p class=\"fig-paragraph\">\u00ab\u00a0C\u2019est tellement bien de pouvoir la voir \u00e0 nouveau\u00a0!\u00a0\u00bb Dans le jardin des Tuileries, Jeremiah et Emily s\u2019extasient devant la vasque olympique de Paris 2024,\u00a0<a href=\"http:\/\/www.lefigaro.fr\/sports\/jeux-olympiques\/la-vasque-olympique-en-libre-acces-a-partir-du-21-juin-au-jardin-des-tuileries-20250515\" data-fig-type=\"NewsFlash\" data-gtm-custom-categorie=\"navigation\" data-gtm-custom-action=\"crossclick\" data-gtm-custom-label=\"Contextuel\" data-gtm-event=\"customEventSPE\" data-fig-domain=\"LEFIGARO\" rel=\"nofollow noopener\" target=\"_blank\">r\u00e9install\u00e9e pour la saison estivale.\u00a0<\/a>De quoi s\u2019offrir une session de rattrapage pour qui a manqu\u00e9 les Jeux olympiques (JO) et\u00a0<a href=\"http:\/\/www.lefigaro.fr\/actualite-france\/paris-est-une-fete-les-francais-gagnes-par-la-fievre-des-jeux-20240731\" data-fig-type=\"Article\" data-gtm-custom-categorie=\"navigation\" data-gtm-custom-action=\"crossclick\" data-gtm-custom-label=\"Contextuel\" data-gtm-event=\"customEventSPE\" data-fig-domain=\"LEFIGARO\" rel=\"nofollow noopener\" target=\"_blank\">leur ambiance suspendue<\/a>, celle d\u2019un Paris presque parfait. Les deux trentenaires sont venus de New\u00a0York, s\u00e9duits par ce qu\u2019ils ont vu \u00e0 la t\u00e9l\u00e9vision l\u2019\u00e9t\u00e9 dernier\u00a0: \u00ab\u00a0La c\u00e9r\u00e9monie, les sites des \u00e9preuves\u2026 C\u2019\u00e9tait tellement beau, \u00e7a nous a convaincus de venir visiter la ville.\u00a0\u00bb<\/p>\n<p class=\"fig-paragraph\">Un an apr\u00e8s les JO, la France, et a fortiori Paris,\u00a0<a href=\"http:\/\/www.lefigaro.fr\/actualite-france\/le-tourisme-bat-son-plein-en-france-grace-au-double-effet-jo-20241229\" data-fig-type=\"NewsFlash\" data-gtm-custom-categorie=\"navigation\" data-gtm-custom-action=\"crossclick\" data-gtm-custom-label=\"Contextuel\" data-gtm-event=\"customEventSPE\" data-fig-domain=\"LEFIGARO\" rel=\"nofollow noopener\" target=\"_blank\">r\u00e9colte enfin les fruits de cette exposition mondiale<\/a>. Si l\u2019\u00e9t\u00e9 olympique avait d\u00e9\u00e7u certains professionnels du tourisme &#8211;\u00a0ils ont d\u00fb aussi composer avec la dissolution de l\u2019Assembl\u00e9e et le mauvais temps qui ont retard\u00e9 le d\u00e9but de saison\u00a0-, l\u2019\u00e9t\u00e9 2025 s\u2019annonce bien meilleur. \u00ab\u00a0L\u2019\u00cele-de-France a accueilli 19,2\u00a0millions de visiteurs entre janvier et mai. C\u2019est 1\u00a0%\u2026<\/p>\n<p class=\"fig-premium-paywall__infos\">\n        Cet article est r\u00e9serv\u00e9 aux abonn\u00e9s.        Il vous reste 86% \u00e0 d\u00e9couvrir.\n    <\/p>\n<p>                <img  data- alt=\"Le Figaro\" class=\"fig-img--complete fig-img\"\/><\/p>\n<p class=\"fig-premium-paywall__title\">Vous avez envie de lire la suite ?<\/p>\n<p class=\"fig-premium-paywall__subtitle\">D\u00e9bloquez tous les articles imm\u00e9diatement.<\/p>\n<p class=\"fig-premium-paywall__connect\">\n                D\u00e9j\u00e0 abonn\u00e9\u00a0?                <a class=\"fig-premium-paywall__connect-link\" href=\"https:\/\/connect.lefigaro.fr\/login?client=horizon_web&amp;type=main&amp;redirect_uri=https%3A%2F%2Fwww.lefigaro.fr%2Fconjoncture%2Fles-jo-nous-ont-convaincus-de-venir-un-an-apres-paris-2024-la-france-fait-le-plein-de-touristes-cet-ete-20250707\" data-js-gtm=\"{&quot;customCategorie&quot;: &quot;conversion&quot;, &quot;customAction&quot;: &quot;before_Landing_Connexion_paywall_auto&quot;, &quot;customLabel&quot;: &quot;bGVmaWdhcm8uZnJfXzFmMDU4ZDZjLTVmNzMtNjk5Yy04MjcxLTI1YjhhNjk4ODljYl9fTmV3c0ZsYXNo_\u00abLes JO nous ont convaincus de venir\u00bb\u00a0: un an apr\u00e8s Paris 2024, la France fait le plein de touristes cet \u00e9t\u00e9_417&quot;, &quot;customIDSPE&quot;: &quot;bGVmaWdhcm8uZnJfXzFmMDU4ZDZjLTVmNzMtNjk5Yy04MjcxLTI1YjhhNjk4ODljYl9fTmV3c0ZsYXNo&quot;, &quot;event&quot;: &quot;customEventSPE&quot;}\" rel=\"nofollow noopener\" target=\"_blank\"><br \/>\n                    Connectez-vous<br \/>\n                <\/a>\n            <\/p>\n","protected":false},"excerpt":{"rendered":"D\u00c9CRYPTAGE &#8211; La saison estivale 2025 s\u2019annonce plut\u00f4t bonne pour les professionnels du tourisme, port\u00e9e notamment par un&hellip;\n","protected":false},"author":2,"featured_media":233221,"comment_status":"","ping_status":"","sticky":false,"template":"","format":"standard","meta":{"footnotes":""},"categories":[1888],"tags":[11,1777,674,1011,27,12,626,25,602,21030],"class_list":{"0":"post-233220","1":"post","2":"type-post","3":"status-publish","4":"format-standard","5":"has-post-thumbnail","7":"category-paris","8":"tag-actualites","9":"tag-eu","10":"tag-europe","11":"tag-fr","12":"tag-france","13":"tag-news","14":"tag-paris","15":"tag-republique-francaise","16":"tag-tourisme","17":"tag-touristes"},"share_on_mastodon":{"url":"https:\/\/pubeurope.com\/@fr\/114813374764601743","error":""},"_links":{"self":[{"href":"https:\/\/www.europesays.com\/fr\/wp-json\/wp\/v2\/posts\/233220","targetHints":{"allow":["GET"]}}],"collection":[{"href":"https:\/\/www.europesays.com\/fr\/wp-json\/wp\/v2\/posts"}],"about":[{"href":"https:\/\/www.europesays.com\/fr\/wp-json\/wp\/v2\/types\/post"}],"author":[{"embeddable":true,"href":"https:\/\/www.europesays.com\/fr\/wp-json\/wp\/v2\/users\/2"}],"replies":[{"embeddable":true,"href":"https:\/\/www.europesays.com\/fr\/wp-json\/wp\/v2\/comments?post=233220"}],"version-history":[{"count":0,"href":"https:\/\/www.europesays.com\/fr\/wp-json\/wp\/v2\/posts\/233220\/revisions"}],"wp:featuredmedia":[{"embeddable":true,"href":"https:\/\/www.europesays.com\/fr\/wp-json\/wp\/v2\/media\/233221"}],"wp:attachment":[{"href":"https:\/\/www.europesays.com\/fr\/wp-json\/wp\/v2\/media?parent=233220"}],"wp:term":[{"taxonomy":"category","embeddable":true,"href":"https:\/\/www.europesays.com\/fr\/wp-json\/wp\/v2\/categories?post=233220"},{"taxonomy":"post_tag","embeddable":true,"href":"https:\/\/www.europesays.com\/fr\/wp-json\/wp\/v2\/tags?post=233220"}],"curies":[{"name":"wp","href":"https:\/\/api.w.org\/{rel}","templated":true}]}}