{"id":233228,"date":"2025-07-07T18:33:10","date_gmt":"2025-07-07T18:33:10","guid":{"rendered":"https:\/\/www.europesays.com\/fr\/233228\/"},"modified":"2025-07-07T18:33:10","modified_gmt":"2025-07-07T18:33:10","slug":"chimie-dow-va-fermer-des-sites-en-allemagne-et-au-royaume-uni-2","status":"publish","type":"post","link":"https:\/\/www.europesays.com\/fr\/233228\/","title":{"rendered":"Chimie: Dow va fermer des sites en Allemagne et au Royaume-Uni"},"content":{"rendered":"<p>La fermeture du site de production de silicones de Barry (Pays de Galles), au Royaume-Uni, devrait, elle, \u00eatre finalis\u00e9e mi-2026. Environ 800 postes seront concern\u00e9s par ces mesures, pr\u00e9cise le groupe, qui fait \u00e9tat de \u00abd\u00e9fis structurels dans la r\u00e9gion\u00bb. Dow &#8211; qui emploie 36&rsquo;000 personnes dans le monde &#8211; avait annonc\u00e9 des mesures d&rsquo;\u00e9conomies en avril pour s&rsquo;ajuster \u00e0 une conjoncture d\u00e9favorable, notamment en repoussant un projet colossal d&rsquo;usine au Canada, \u00e0 Fort Saskatchewan, en banlieue d&rsquo;Edmonton.<\/p>\n","protected":false},"excerpt":{"rendered":"La fermeture du site de production de silicones de Barry (Pays de Galles), au Royaume-Uni, devrait, elle, \u00eatre&hellip;\n","protected":false},"author":2,"featured_media":233229,"comment_status":"","ping_status":"","sticky":false,"template":"","format":"standard","meta":{"footnotes":""},"categories":[1588],"tags":[11,10531,1777,674,12,473,1853,1851,1850,1852],"class_list":{"0":"post-233228","1":"post","2":"type-post","3":"status-publish","4":"format-standard","5":"has-post-thumbnail","7":"category-royaume-uni","8":"tag-actualites","9":"tag-chimie","10":"tag-eu","11":"tag-europe","12":"tag-news","13":"tag-royaume-uni","14":"tag-royaume-uni-de-grande-bretagne-et-dirlande-du-nord","15":"tag-uk","16":"tag-united-kingdom","17":"tag-united-kingdom-of-great-britain-and-northern-ireland"},"share_on_mastodon":{"url":"https:\/\/pubeurope.com\/@fr\/114813390259955421","error":""},"_links":{"self":[{"href":"https:\/\/www.europesays.com\/fr\/wp-json\/wp\/v2\/posts\/233228","targetHints":{"allow":["GET"]}}],"collection":[{"href":"https:\/\/www.europesays.com\/fr\/wp-json\/wp\/v2\/posts"}],"about":[{"href":"https:\/\/www.europesays.com\/fr\/wp-json\/wp\/v2\/types\/post"}],"author":[{"embeddable":true,"href":"https:\/\/www.europesays.com\/fr\/wp-json\/wp\/v2\/users\/2"}],"replies":[{"embeddable":true,"href":"https:\/\/www.europesays.com\/fr\/wp-json\/wp\/v2\/comments?post=233228"}],"version-history":[{"count":0,"href":"https:\/\/www.europesays.com\/fr\/wp-json\/wp\/v2\/posts\/233228\/revisions"}],"wp:featuredmedia":[{"embeddable":true,"href":"https:\/\/www.europesays.com\/fr\/wp-json\/wp\/v2\/media\/233229"}],"wp:attachment":[{"href":"https:\/\/www.europesays.com\/fr\/wp-json\/wp\/v2\/media?parent=233228"}],"wp:term":[{"taxonomy":"category","embeddable":true,"href":"https:\/\/www.europesays.com\/fr\/wp-json\/wp\/v2\/categories?post=233228"},{"taxonomy":"post_tag","embeddable":true,"href":"https:\/\/www.europesays.com\/fr\/wp-json\/wp\/v2\/tags?post=233228"}],"curies":[{"name":"wp","href":"https:\/\/api.w.org\/{rel}","templated":true}]}}