{"id":233230,"date":"2025-07-07T18:34:26","date_gmt":"2025-07-07T18:34:26","guid":{"rendered":"https:\/\/www.europesays.com\/fr\/233230\/"},"modified":"2025-07-07T18:34:26","modified_gmt":"2025-07-07T18:34:26","slug":"attaque-dans-un-train-en-allemagne-incertitude-sur-les-motivations-de-lauteur","status":"publish","type":"post","link":"https:\/\/www.europesays.com\/fr\/233230\/","title":{"rendered":"Attaque dans un train en Allemagne | Incertitude sur les motivations de l\u2019auteur"},"content":{"rendered":"<p class=\"lead textModule textModule--type-lead \" style=\"\">(Berlin) Les motifs de l\u2019attaque \u00e0 la hache et au marteau commise jeudi par un Syrien dans un train \u00e0 grande vitesse en Allemagne, faisant quatre bless\u00e9s, restaient \u00e0 \u00e9claircir vendredi, la police n\u2019excluant ni ne confirmant une motivation \u00ab\u00a0terroriste\u00a0\u00bb. <\/p>\n<p>                    Publi\u00e9 le 4 juillet<\/p>\n<p>    <a class=\"print\" href=\"https:\/\/www.lapresse.ca\/international\/europe\/2025-07-04\/attaque-dans-un-train-en-allemagne\/javascript:window.print();\" title=\"Imprimer la page\" rel=\"nofollow noopener\" target=\"_blank\"><\/p>\n<p>        <img loading=\"lazy\" decoding=\"async\" width=\"16\" height=\"18\" src=\"https:\/\/www.europesays.com\/fr\/wp-content\/uploads\/2025\/04\/share-icon.png\" alt=\"Partager\"\/><\/p>\n<p class=\"paragraph textModule textModule--type-paragraph \" style=\"\">\u00ab\u00a0La question du mobile reste ouverte\u00a0\u00bb, a d\u00e9clar\u00e9 Thomas Rauscher, premier procureur de Ratisbonne (Sud-Est), lors d\u2019une conf\u00e9rence de presse des autorit\u00e9s polici\u00e8res et judiciaires \u00e0 Straubing. <\/p>\n<p class=\"paragraph textModule textModule--type-paragraph \" style=\"\">\u00ab\u00a0Nous ne pouvons actuellement ni confirmer ni exclure une motivation extr\u00e9miste ou terroriste\u00a0\u00bb, notamment car un t\u00e9moin \u00ab\u00a0a d\u00e9clar\u00e9 que le suspect avait pri\u00e9 pendant l\u2019acte et avait prononc\u00e9 les mots \u201cAllah Akbar\u201d\u00a0\u00bb [Dieu est le plus grand, en arabe, NDLR], a poursuivi le procureur. <\/p>\n<p class=\"paragraph textModule textModule--type-paragraph \" style=\"\">Mais cette information \u00ab\u00a0n\u2019est pas v\u00e9rifi\u00e9e\u00a0\u00bb, a-t-il aussit\u00f4t ajout\u00e9. <\/p>\n<p class=\"paragraph textModule textModule--type-paragraph \" style=\"\">Dans cet IncerCity-Express (ICE) reliant Hambourg \u00e0 Vienne, le suspect syrien de 20\u00a0ans \u00ab\u00a0avait d\u00e9j\u00e0 attir\u00e9 l\u2019attention\u00a0\u00bb par son comportement. <\/p>\n<p class=\"epigraph textModule textModule--type-epigraph \" style=\"\">Il est pass\u00e9 \u00e0 l\u2019acte quand un Allemand de 38\u00a0ans a \u00ab\u00a0voulu donner l\u2019alerte par t\u00e9l\u00e9phone\u00a0\u00bb, lui infligeant une \u00ab\u00a0grave blessure au cr\u00e2ne\u00a0\u00bb, a d\u00e9taill\u00e9 le chef de la police criminelle de Straubing, Stefan Schillinger. <\/p>\n<p class=\"paragraph textModule textModule--type-paragraph \" style=\"\">Le suspect \u00ab\u00a0s\u2019est ensuite attaqu\u00e9 \u00e0 une famille syrienne\u00a0\u00bb, une m\u00e8re et ses deux fils de 24 et 15\u00a0ans, tous bless\u00e9s plus l\u00e9g\u00e8rement, a poursuivi M.\u00a0Schillinger. <\/p>\n<p class=\"paragraph textModule textModule--type-paragraph \" style=\"\">L\u2019a\u00een\u00e9 de 24\u00a0ans est parvenu \u00e0 s\u2019emparer du marteau de l\u2019agresseur pr\u00e9sum\u00e9 et l\u2019a frapp\u00e9 \u00e0 la t\u00eate \u00ab\u00a0en \u00e9tat de l\u00e9gitime d\u00e9fense\u00a0\u00bb, a pr\u00e9cis\u00e9 M.\u00a0Rauscher. <\/p>\n<p class=\"paragraph textModule textModule--type-paragraph \" style=\"\">Gravement bless\u00e9, le suspect a \u00e9t\u00e9 hospitalis\u00e9 apr\u00e8s avoir \u00e9t\u00e9 ma\u00eetris\u00e9 par des passagers puis interpel\u00e9 par les forces de l\u2019ordre dans un train \u00e0 l\u2019arr\u00eat. <\/p>\n<p>                                        <img decoding=\"async\" src=\"https:\/\/www.europesays.com\/fr\/wp-content\/uploads\/2025\/07\/de41445ceeb43913a14c4b3ff5ef124e.jpg\" alt=\"\" class=\"photoModule__visual\" itemprop=\"contentUrl url\"\/><\/p>\n<p class=\"credit photoModule__caption photoModule__caption--credit\" style=\"\">\n                    PHOTO ARMIN WEIGEL, AGENCE FRANCE-PRESSE\n                <\/p>\n<p class=\"paragraph textModule textModule--type-paragraph \" style=\"\">Le suspect \u00ab\u00a0avait assur\u00e9ment des stup\u00e9fiants dans le sang\u00a0\u00bb, a pr\u00e9cis\u00e9 M.\u00a0Schillinger. Des analyses doivent d\u00e9terminer de quel produit il s\u2019agit. <\/p>\n<p class=\"paragraph textModule textModule--type-paragraph \" style=\"\">Arriv\u00e9 comme mineur isol\u00e9 en Autriche, le suspect y avait obtenu une protection asilaire en 2022, selon le minist\u00e8re autrichien de l\u2019Int\u00e9rieur. <\/p>\n<p class=\"paragraph textModule textModule--type-paragraph \" style=\"\">Mais depuis mai, il faisait l\u2019objet d\u2019une proc\u00e9dure de retrait, pr\u00e9alable \u00e0 une potentielle expulsion, \u00ab\u00a0apr\u00e8s deux condamnations d\u00e9finitives pour coups et blessures graves\u00a0\u00bb. <\/p>\n<p class=\"paragraph textModule textModule--type-paragraph \" style=\"\">Cette attaque est intervenue le jour m\u00eame o\u00f9 l\u2019Autriche a annonc\u00e9 l\u2019expulsion dans son pays d\u2019origine d\u2019un criminel syrien, une premi\u00e8re dans l\u2019Union europ\u00e9enne ces derni\u00e8res ann\u00e9es. <\/p>\n<p class=\"paragraph textModule textModule--type-paragraph \" style=\"\">L\u2019Allemagne souhaite \u00e9galement revoir ses pratiques concernant les ressortissants syriens, malgr\u00e9 l\u2019ins\u00e9curit\u00e9 dans ce pays en pleine transition apr\u00e8s la chute du pr\u00e9sident Bachar al-Assad. <\/p>\n<p class=\"paragraph textModule textModule--type-paragraph \" style=\"\">L\u2019Allemagne a connu ces derniers mois plusieurs attaques meurtri\u00e8res \u00e0 l\u2019arme blanche, ainsi que des attentats \u00e0 motif djihadiste et des violences d\u2019extr\u00eame droite qui ont mis au premier plan les questions de s\u00e9curit\u00e9. <\/p>\n","protected":false},"excerpt":{"rendered":"(Berlin) Les motifs de l\u2019attaque \u00e0 la hache et au marteau commise jeudi par un Syrien dans un&hellip;\n","protected":false},"author":2,"featured_media":233231,"comment_status":"","ping_status":"","sticky":false,"template":"","format":"standard","meta":{"footnotes":""},"categories":[1587],"tags":[11,672,1804,1805,1803,1777,674,1801,12,1802],"class_list":{"0":"post-233230","1":"post","2":"type-post","3":"status-publish","4":"format-standard","5":"has-post-thumbnail","7":"category-allemagne","8":"tag-actualites","9":"tag-allemagne","10":"tag-bundesrepublik-deutschland","11":"tag-de","12":"tag-deutschland","13":"tag-eu","14":"tag-europe","15":"tag-germany","16":"tag-news","17":"tag-republique-federale-dallemagne"},"share_on_mastodon":{"url":"https:\/\/pubeurope.com\/@fr\/114813394541295591","error":""},"_links":{"self":[{"href":"https:\/\/www.europesays.com\/fr\/wp-json\/wp\/v2\/posts\/233230","targetHints":{"allow":["GET"]}}],"collection":[{"href":"https:\/\/www.europesays.com\/fr\/wp-json\/wp\/v2\/posts"}],"about":[{"href":"https:\/\/www.europesays.com\/fr\/wp-json\/wp\/v2\/types\/post"}],"author":[{"embeddable":true,"href":"https:\/\/www.europesays.com\/fr\/wp-json\/wp\/v2\/users\/2"}],"replies":[{"embeddable":true,"href":"https:\/\/www.europesays.com\/fr\/wp-json\/wp\/v2\/comments?post=233230"}],"version-history":[{"count":0,"href":"https:\/\/www.europesays.com\/fr\/wp-json\/wp\/v2\/posts\/233230\/revisions"}],"wp:featuredmedia":[{"embeddable":true,"href":"https:\/\/www.europesays.com\/fr\/wp-json\/wp\/v2\/media\/233231"}],"wp:attachment":[{"href":"https:\/\/www.europesays.com\/fr\/wp-json\/wp\/v2\/media?parent=233230"}],"wp:term":[{"taxonomy":"category","embeddable":true,"href":"https:\/\/www.europesays.com\/fr\/wp-json\/wp\/v2\/categories?post=233230"},{"taxonomy":"post_tag","embeddable":true,"href":"https:\/\/www.europesays.com\/fr\/wp-json\/wp\/v2\/tags?post=233230"}],"curies":[{"name":"wp","href":"https:\/\/api.w.org\/{rel}","templated":true}]}}