{"id":233240,"date":"2025-07-07T18:39:18","date_gmt":"2025-07-07T18:39:18","guid":{"rendered":"https:\/\/www.europesays.com\/fr\/233240\/"},"modified":"2025-07-07T18:39:18","modified_gmt":"2025-07-07T18:39:18","slug":"tour-de-france-2025-je-ne-veux-pas-trop-en-dire-van-aert-tente-deteindre-la-polemique-apres-les-propos-de-la-femme-de-vingegaard-sur-son-equipe","status":"publish","type":"post","link":"https:\/\/www.europesays.com\/fr\/233240\/","title":{"rendered":"Tour de France 2025\u00a0: \u00ab\u00a0Je ne veux pas trop en dire\u2026\u00a0\u00bb Van Aert tente d\u2019\u00e9teindre la pol\u00e9mique apr\u00e8s les propos de la femme de Vingegaard sur son \u00e9quipe"},"content":{"rendered":"<p>\n                                                                    l&rsquo;essentiel<br \/>\n                                                                Les critiques de la femme de Jonas Vingegaard sur son \u00e9quipe continuent d\u2019agiter le peloton et, notamment, en toute logique, la Visma lease a Bike. Wout van Aert a r\u00e9agi avant la 3e \u00e9tape du Tour de France ce lundi 7\u00a0juillet.\n                            <\/p>\n<p>Les propos de\u00a0Trine Vingegaard-Hansen, compagne du double vainqueur du Tour danois, agitent la formation Visma lease a Bike. <a href=\"https:\/\/www.ladepeche.fr\/2025\/07\/07\/tour-de-france-2025-jai-peur-pourquoi-la-femme-de-jonas-vingegaard-lance-un-cri-dalerte-et-accuse-la-formation-du-coureur-star-danois-12810750.php\" target=\"_self\" rel=\"noopener\">Et pour cause, elle a estim\u00e9, dans une longue interview, que l\u2019\u00e9quipe poussait Jonas Vingegaard \u00ab\u00a0trop loin\u00a0\u00bb.<\/a> Une d\u00e9claration \u00e0 laquelle ce dernier n\u2019a pas directement r\u00e9agi, <a href=\"https:\/\/sporza.be\/nl\/2025\/07\/07\/wout-van-aert-na-deense-kritiek-ik-betreur-het-want-dit-is-mijn-team-en-mijn-prestaties-spreken-voor-zich~1751877111345\/\" target=\"_self\" rel=\"noopener\">contrairement \u00e0 son co\u00e9quipier, le Belge Wout van Aert qui s\u2019est confi\u00e9 au m\u00e9dia Sporza<\/a>.<\/p>\n<p class=\"std-elt__inline\">\n        <strong>\u00c0 lire aussi :<\/strong><br \/>\n        <a href=\"https:\/\/www.ladepeche.fr\/2025\/07\/07\/tour-de-france-2025-jai-peur-pourquoi-la-femme-de-jonas-vingegaard-lance-un-cri-dalerte-et-accuse-la-formation-du-coureur-star-danois-12810750.php\" target=\"_blank\" rel=\"noopener\">Tour de France 2025\u00a0: \u00ab\u00a0J\u2019ai peur\u00a0\u00bb\u2026 Pourquoi la femme de Jonas Vingegaard lance un cri d\u2019alerte et accuse la formation du coureur star danois<\/a>\n    <\/p>\n<p>\u00ab\u00a0Nous avons \u00e9t\u00e9 surpris de lire cela hier apr\u00e8s la course\u00a0\u00bb, a-t-il avou\u00e9, avant d\u2019imm\u00e9diatement ajouter\u00a0: \u00ab\u00a0Je ne veux pas trop en dire\u00a0!\u00a0\u00bb Le Belge, qui a un contrat \u00e0 vie avec la Visma, est, de fait, tr\u00e8s loyal envers sa formation et a surtout cherch\u00e9 \u00e0\u00a0\u00e9teindre l\u2019incendie dans ses propos tenus avant le d\u00e9part de la 3e \u00e9tape de ce<a href=\"https:\/\/www.ladepeche.fr\/sport\/cyclisme\/tour-de-france\/\" target=\"_self\" rel=\"noopener\"> Tour de France<\/a>.<\/p>\n<p>Un probl\u00e8me r\u00e9solu en interne\u00a0?<\/p>\n<p>\u00ab\u00a0Sommes-nous toujours amis\u00a0? Bien s\u00fbr.\u00a0Mais je pense que c\u2019\u00e9tait bien d\u2019en parler. Surtout que ce n\u2019est pas Jonas qui a dit quoi que ce soit\u00a0\u00bb, a-t-il toutefois ajout\u00e9. \u00ab\u00a0Je regrette ce qu\u2019il se dit, mais les gens qui me connaissent savent qu\u2019ils peuvent compter sur moi\u00a0\u00bb, a conclu van Aert.<\/p>\n<p class=\"std-elt__inline\">\n        <strong>\u00c0 lire aussi :<\/strong><br \/>\n        <a href=\"https:\/\/www.ladepeche.fr\/2025\/07\/04\/tour-de-france-2025-on-prend-les-deux-memes-et-le-duel-pogacarvingegaard-devrait-a-nouveau-animer-la-112e-edition-de-la-course-qui-debute-ce-samedi-12806901.php\" target=\"_blank\" rel=\"noopener\">Tour de France 2025\u00a0: on prend les deux m\u00eames et\u2026 Le duel Pogacar\/Vingegaard devrait \u00e0 nouveau animer la 112e \u00e9dition de la course qui d\u00e9bute ce samedi<\/a>\n    <\/p>\n<p>Ces d\u00e9clarations seront bien vite oubli\u00e9es si Vingegaard permet \u00e0 la Visma de triompher sur les Champs-\u00c9lys\u00e9es dans trois semaines et, \u00e0 en croire le Belge, cela n\u2019a de toute fa\u00e7on en rien affect\u00e9 la coh\u00e9sion au sein de l\u2019\u00e9quipe. \u00ab\u00a0Je consid\u00e8re cette \u00e9quipe comme la mienne et je me donne toujours \u00e0 100\u00a0% pour atteindre les objectifs que nous nous fixons\u00a0\u00bb, a-t-il d\u00e9clar\u00e9, non sans pr\u00e9venir \u00e9galement son leader qu\u2019il visait de son c\u00f4t\u00e9 les victoires d\u2019\u00e9tape. Une situation \u00ab\u00a0claire pour tout le monde, y compris Jonas\u00a0\u00bb, selon van Aert.<\/p>\n","protected":false},"excerpt":{"rendered":"l&rsquo;essentiel Les critiques de la femme de Jonas Vingegaard sur son \u00e9quipe continuent d\u2019agiter le peloton et, notamment,&hellip;\n","protected":false},"author":2,"featured_media":233241,"comment_status":"","ping_status":"","sticky":false,"template":"","format":"standard","meta":{"footnotes":""},"categories":[4],"tags":[11,1011,27,12,25],"class_list":{"0":"post-233240","1":"post","2":"type-post","3":"status-publish","4":"format-standard","5":"has-post-thumbnail","7":"category-france","8":"tag-actualites","9":"tag-fr","10":"tag-france","11":"tag-news","12":"tag-republique-francaise"},"share_on_mastodon":{"url":"https:\/\/pubeurope.com\/@fr\/114813413810426207","error":""},"_links":{"self":[{"href":"https:\/\/www.europesays.com\/fr\/wp-json\/wp\/v2\/posts\/233240","targetHints":{"allow":["GET"]}}],"collection":[{"href":"https:\/\/www.europesays.com\/fr\/wp-json\/wp\/v2\/posts"}],"about":[{"href":"https:\/\/www.europesays.com\/fr\/wp-json\/wp\/v2\/types\/post"}],"author":[{"embeddable":true,"href":"https:\/\/www.europesays.com\/fr\/wp-json\/wp\/v2\/users\/2"}],"replies":[{"embeddable":true,"href":"https:\/\/www.europesays.com\/fr\/wp-json\/wp\/v2\/comments?post=233240"}],"version-history":[{"count":0,"href":"https:\/\/www.europesays.com\/fr\/wp-json\/wp\/v2\/posts\/233240\/revisions"}],"wp:featuredmedia":[{"embeddable":true,"href":"https:\/\/www.europesays.com\/fr\/wp-json\/wp\/v2\/media\/233241"}],"wp:attachment":[{"href":"https:\/\/www.europesays.com\/fr\/wp-json\/wp\/v2\/media?parent=233240"}],"wp:term":[{"taxonomy":"category","embeddable":true,"href":"https:\/\/www.europesays.com\/fr\/wp-json\/wp\/v2\/categories?post=233240"},{"taxonomy":"post_tag","embeddable":true,"href":"https:\/\/www.europesays.com\/fr\/wp-json\/wp\/v2\/tags?post=233240"}],"curies":[{"name":"wp","href":"https:\/\/api.w.org\/{rel}","templated":true}]}}