{"id":233242,"date":"2025-07-07T18:42:10","date_gmt":"2025-07-07T18:42:10","guid":{"rendered":"https:\/\/www.europesays.com\/fr\/233242\/"},"modified":"2025-07-07T18:42:10","modified_gmt":"2025-07-07T18:42:10","slug":"transferts-top-14-bayonne-annonce-le-depart-de-veikoso-poloniati","status":"publish","type":"post","link":"https:\/\/www.europesays.com\/fr\/233242\/","title":{"rendered":"Transferts \/ Top 14 \u2013 Bayonne annonce le d\u00e9part de Veikoso Poloniati"},"content":{"rendered":"<p>\n                Ce lundi, le club de Bayonne a annonc\u00e9 le d\u00e9part de son deuxi\u00e8me ligne Veikoso Poloniati. Il \u00e9tait arriv\u00e9 au club il y a seulement une saison.\n            <\/p>\n<p>Il y a encore du mouvement sur les rives de l\u2019Adour\u00a0! Ce lundi, l\u2019Aviron bayonnais a annonc\u00e9 le d\u00e9part du club de son deuxi\u00e8me ligne Veikoso Poloniati. Le solide international tongien (2m03, 130kg) \u00e9tait arriv\u00e9 l\u2019\u00e9t\u00e9 dernier en provenance du Racing 92, o\u00f9 il avait jou\u00e9 deux saisons. Lors du dernier exercice, il a jou\u00e9 quatorze rencontres avec les Basques. Il restait pourtant au joueur de 29 ans un an de contrat. Ni la raison de cette s\u00e9paration ni sa future destination ne sont connues.<\/p>\n<blockquote data-class=\"twitter-tweet\">\n<p lang=\"fr\" dir=\"ltr\">??????? ????????? ???? ?? ?????? ???????\\ud83d\\udc4b<\/p>\n<p>L\u2019Aviron Bayonnais et Veikoso Poloniati annoncent que le joueur s\u2019oriente d\u00e9sormais vers un nouveau projet professionnel.<\/p>\n<p>Plus d&rsquo;informations :  <a href=\"https:\/\/t.co\/kLrVjhhM1W\" rel=\"nofollow\">https:\/\/t.co\/kLrVjhhM1W<\/a><\/p>\n<p>???????? ???? ?\\ud83e\\udd0d <a href=\"https:\/\/t.co\/kB2hMMoISP\" rel=\"nofollow\">pic.twitter.com\/kB2hMMoISP<\/a><\/p>\n<p>\u2014 Aviron Bayonnais (@avironrugbypro) <a href=\"https:\/\/twitter.com\/avironrugbypro\/status\/1942243592170270957?ref_src=twsrc%5Etfw\" rel=\"nofollow noopener\" target=\"_blank\">July 7, 2025<\/a><\/p><\/blockquote>\n<p>\u00ab\u00a0Au club, aux supporters qui ont \u00e9t\u00e9 l\u00e0 qu\u2019il pleuve ou qu\u2019il vente, et surtout aux fr\u00e8res avec qui j\u2019ai eu la chance de me battre chaque semaine \u2013 \u00e7a a \u00e9t\u00e9 quelque chose de sp\u00e9cial. Je suis reconnaissant pour chaque moment, chaque le\u00e7on et chaque souvenir que nous avons cr\u00e9\u00e9s ensemble.\u00a0Je vous souhaite le meilleur, et je sais que nos chemins se croiseront \u00e0 nouveau\u00a0\u00bb, a d\u00e9clar\u00e9 le joueur dans un communiqu\u00e9 publi\u00e9 sur le site de son d\u00e9sormais ex-employeur. \u00ab\u00a0Le joueur s\u2019oriente d\u00e9sormais vers un nouveau projet professionnel\u00a0\u00bb, pr\u00e9cise de son c\u00f4t\u00e9 Bayonne.<\/p>\n<p>                    <script async src=\"https:\/\/platform.twitter.com\/widgets.js\" charset=\"utf-8\"><\/script><\/p>\n","protected":false},"excerpt":{"rendered":"Ce lundi, le club de Bayonne a annonc\u00e9 le d\u00e9part de son deuxi\u00e8me ligne Veikoso Poloniati. Il \u00e9tait&hellip;\n","protected":false},"author":2,"featured_media":233243,"comment_status":"","ping_status":"","sticky":false,"template":"","format":"standard","meta":{"footnotes":""},"categories":[1416],"tags":[1011,27,479,1468,60],"class_list":{"0":"post-233242","1":"post","2":"type-post","3":"status-publish","4":"format-standard","5":"has-post-thumbnail","7":"category-rugby","8":"tag-fr","9":"tag-france","10":"tag-rugby","11":"tag-rugby-football","12":"tag-sports"},"share_on_mastodon":{"url":"https:\/\/pubeurope.com\/@fr\/114813425659541921","error":""},"_links":{"self":[{"href":"https:\/\/www.europesays.com\/fr\/wp-json\/wp\/v2\/posts\/233242","targetHints":{"allow":["GET"]}}],"collection":[{"href":"https:\/\/www.europesays.com\/fr\/wp-json\/wp\/v2\/posts"}],"about":[{"href":"https:\/\/www.europesays.com\/fr\/wp-json\/wp\/v2\/types\/post"}],"author":[{"embeddable":true,"href":"https:\/\/www.europesays.com\/fr\/wp-json\/wp\/v2\/users\/2"}],"replies":[{"embeddable":true,"href":"https:\/\/www.europesays.com\/fr\/wp-json\/wp\/v2\/comments?post=233242"}],"version-history":[{"count":0,"href":"https:\/\/www.europesays.com\/fr\/wp-json\/wp\/v2\/posts\/233242\/revisions"}],"wp:featuredmedia":[{"embeddable":true,"href":"https:\/\/www.europesays.com\/fr\/wp-json\/wp\/v2\/media\/233243"}],"wp:attachment":[{"href":"https:\/\/www.europesays.com\/fr\/wp-json\/wp\/v2\/media?parent=233242"}],"wp:term":[{"taxonomy":"category","embeddable":true,"href":"https:\/\/www.europesays.com\/fr\/wp-json\/wp\/v2\/categories?post=233242"},{"taxonomy":"post_tag","embeddable":true,"href":"https:\/\/www.europesays.com\/fr\/wp-json\/wp\/v2\/tags?post=233242"}],"curies":[{"name":"wp","href":"https:\/\/api.w.org\/{rel}","templated":true}]}}