{"id":233250,"date":"2025-07-07T18:47:10","date_gmt":"2025-07-07T18:47:10","guid":{"rendered":"https:\/\/www.europesays.com\/fr\/233250\/"},"modified":"2025-07-07T18:47:10","modified_gmt":"2025-07-07T18:47:10","slug":"tdf-tour-de-france-philip-roodhooft-cest-tres-dur-pour-jasper-philipsen","status":"publish","type":"post","link":"https:\/\/www.europesays.com\/fr\/233250\/","title":{"rendered":"TDF. Tour de France &#8211; Philip Roodhooft : \u00abC&rsquo;est tr\u00e8s dur pour Jasper Philipsen&#8230;\u00bb"},"content":{"rendered":"<p>C&rsquo;est un dur retour \u00e0 la r\u00e9alit\u00e9 pour l&rsquo;\u00e9quipe <strong>Alpecin-Deceuninck <\/strong>! Apr\u00e8s avoir v\u00e9cu un week-end inaugural de r\u00eave sur le <strong><a href=\"https:\/\/www.cyclismactu.net\/..\/news-tdf-route-tour-de-france-tim-merlier-d-un-rien-devant-milan-une-3e-etape-chaotique-88771.html\" target=\"_blank\" rel=\"nofollow noopener\">Tour de France<\/a><\/strong> avec les victoires de <strong>Jasper Philipsen <\/strong>et <strong><a href=\"https:\/\/www.cyclismactu.net\/..\/news-tdf-route-tour-de-france-mathieu-van-der-poel-philipsen-c-est-tres-triste-de-perdre-88774.html\" target=\"_blank\" rel=\"nofollow noopener\">Mathieu Van der Poel<\/a><\/strong>, la semaine commence tr\u00e8s mal pour les n\u00e9erlandais. En effet, l&rsquo;\u00e9quipe du maillot jaune a dit au revoir \u00e0 son principal sprinteur suite \u00e0 une lourde chute survenue pendant le sprint interm\u00e9diaire, \u00e0 58 km de l&rsquo;arriv\u00e9e. L&rsquo;\u00e9quipe pourra d\u00e9sormais compter sur <strong>Kaden Groves <\/strong>pour disputer les sprints, mais <strong>Philip Roodhooft<\/strong>, le directeur sportif de l&rsquo;\u00e9quipe belge, ne cache pas qu&rsquo;il s&rsquo;agit d&rsquo;un vrai coup dur.<\/p>\n<p>Vid\u00e9o &#8211; La r\u00e9action de Philip Roodhooft apr\u00e8s la chute de Philipsen Lire la suite de l&rsquo;article&#13;<\/p>\n<p>\u00a0<\/p>\n<p>&#13;<br \/>\n\u00ab\u00a0Nous allons continuer, sans sombrer dans la tristesse\u00a0\u00bb&#13;<\/p>\n<p>C&rsquo;est un vrai coup dur pour la formation <strong>Alpecin-Deceuninck <\/strong>qui a perdu son sprinteur principal, qui semblait en tr\u00e8s grande condition :\u00a0\u00ab\u00a0Ce n\u2019est pas le moment de penser \u00e0 la suite. Mais le Tour de France continue, et nous allons essayer de poursuivre avec l\u2019\u00e9quipe, sans sombrer dans la tristesse. Nous sommes venus ici avec deux sprinteurs, en nous disant : \u00ab\u00a0si jamais il arrive quelque chose \u00e0 l\u2019un des deux&#8230;\u00a0\u00bb Mais c\u2019est dommage d\u2019avoir \u00e0 en parler maintenant. C\u2019est vraiment triste pour Jasper, tout le monde a vu qu\u2019il \u00e9tait en grande forme. Au printemps, il \u00e9tait aussi tomb\u00e9 \u00e0 Nokere, et cela avait eu un impact sur le reste de sa saison printani\u00e8re. Ensuite, il s\u2019est reconstruit en vue de ce Tour, et il avait directement gagn\u00e9 \u00e0 Lille. Mais l\u00e0\u2026 c\u2019est tout simplement tr\u00e8s dur pour lui. Je ne pense pas que quiconque ait fait quoi que ce soit de mal. C&rsquo;est une erreur que ce soit arriv\u00e9, mais je ne pense pas qu&rsquo;il y ait quelqu&rsquo;un \u00e0 bl\u00e2mer\u00a0\u00bb, a-t-il conclu, lucide et r\u00e9aliste.<\/p>\n<p>&#13;<\/p>\n<p>Entre temps, le diagnostic est tomb\u00e9 pour <strong>Jasper Philipsen<\/strong>, qui a \u00e9t\u00e9 \u00e9vacu\u00e9 vers l&rsquo;h\u00f4pital de B\u00e9thune. Il\u00a0souffre d&rsquo;une fracture d\u00e9plac\u00e9e de la clavicule droite, avec au moins une c\u00f4te cass\u00e9e, peut-\u00eatre deux. Il sera transf\u00e9r\u00e9 d\u00e8s que possible \u00e0 l&rsquo;h\u00f4pital de Herentals, o\u00f9 il sera op\u00e9r\u00e9.<\/p>\n<p>Tour de France &#8211; Classement de la 3\u00e8 \u00e9tape Tour de France &#8211; Classement g\u00e9n\u00e9ral provisoire apr\u00e8s la 3\u00e8 \u00e9tape<\/p>\n","protected":false},"excerpt":{"rendered":"C&rsquo;est un dur retour \u00e0 la r\u00e9alit\u00e9 pour l&rsquo;\u00e9quipe Alpecin-Deceuninck ! Apr\u00e8s avoir v\u00e9cu un week-end inaugural de&hellip;\n","protected":false},"author":2,"featured_media":233251,"comment_status":"","ping_status":"","sticky":false,"template":"","format":"standard","meta":{"footnotes":""},"categories":[1411],"tags":[1154,207,211,1011,27,209,60,210,212,208,213],"class_list":{"0":"post-233250","1":"post","2":"type-post","3":"status-publish","4":"format-standard","5":"has-post-thumbnail","7":"category-cyclisme","8":"tag-cycling","9":"tag-cyclisme","10":"tag-ffc","11":"tag-fr","12":"tag-france","13":"tag-route","14":"tag-sports","15":"tag-tour-de-france","16":"tag-uci","17":"tag-velo","18":"tag-world-tour"},"share_on_mastodon":{"url":"https:\/\/pubeurope.com\/@fr\/114813445344103203","error":""},"_links":{"self":[{"href":"https:\/\/www.europesays.com\/fr\/wp-json\/wp\/v2\/posts\/233250","targetHints":{"allow":["GET"]}}],"collection":[{"href":"https:\/\/www.europesays.com\/fr\/wp-json\/wp\/v2\/posts"}],"about":[{"href":"https:\/\/www.europesays.com\/fr\/wp-json\/wp\/v2\/types\/post"}],"author":[{"embeddable":true,"href":"https:\/\/www.europesays.com\/fr\/wp-json\/wp\/v2\/users\/2"}],"replies":[{"embeddable":true,"href":"https:\/\/www.europesays.com\/fr\/wp-json\/wp\/v2\/comments?post=233250"}],"version-history":[{"count":0,"href":"https:\/\/www.europesays.com\/fr\/wp-json\/wp\/v2\/posts\/233250\/revisions"}],"wp:featuredmedia":[{"embeddable":true,"href":"https:\/\/www.europesays.com\/fr\/wp-json\/wp\/v2\/media\/233251"}],"wp:attachment":[{"href":"https:\/\/www.europesays.com\/fr\/wp-json\/wp\/v2\/media?parent=233250"}],"wp:term":[{"taxonomy":"category","embeddable":true,"href":"https:\/\/www.europesays.com\/fr\/wp-json\/wp\/v2\/categories?post=233250"},{"taxonomy":"post_tag","embeddable":true,"href":"https:\/\/www.europesays.com\/fr\/wp-json\/wp\/v2\/tags?post=233250"}],"curies":[{"name":"wp","href":"https:\/\/api.w.org\/{rel}","templated":true}]}}