{"id":233275,"date":"2025-07-07T19:01:11","date_gmt":"2025-07-07T19:01:11","guid":{"rendered":"https:\/\/www.europesays.com\/fr\/233275\/"},"modified":"2025-07-07T19:01:11","modified_gmt":"2025-07-07T19:01:11","slug":"six-semaines-apres-un-accablant-rapport-le-plan-demmanuel-macron-pour-entraver-les-freres-musulmans","status":"publish","type":"post","link":"https:\/\/www.europesays.com\/fr\/233275\/","title":{"rendered":"six semaines apr\u00e8s un accablant rapport, le plan d\u2019Emmanuel Macron pour entraver les Fr\u00e8res musulmans"},"content":{"rendered":"<p><strong>D\u00c9CRYPTAGE &#8211;<\/strong> \u00c0 la sortie d\u2019un Conseil de d\u00e9fense tenu ce lundi \u00e0 l\u2019\u00c9lys\u00e9e, le chef de l\u2019\u00c9tat a d\u00e9taill\u00e9 une batterie de mesures pour combattre la confr\u00e9rie qui veut instaurer un \u00c9tat islamique.<\/p>\n<p class=\"fig-paragraph\">Il aura donc fallu attendre six longues semaines avant\u00a0<a href=\"http:\/\/www.lefigaro.fr\/politique\/lutte-contre-l-entrisme-islamiste-ce-qu-il-faut-retenir-des-annonces-d-emmanuel-macron-20250707\" target=\"_blank\" data-fig-type=\"NewsFlash\" rel=\"noopener\" data-gtm-custom-categorie=\"navigation\" data-gtm-custom-action=\"crossclick\" data-gtm-custom-label=\"Contextuel\" data-gtm-event=\"customEventSPE\" data-fig-domain=\"LEFIGARO\">qu\u2019Emmanuel Macron d\u00e9voile enfin un plan de riposte face \u00e0 la menace que font peser les Fr\u00e8res musulmans sur le pays<\/a>. Le rapport sur l\u2019entrisme de cette confr\u00e9rie secr\u00e8te, remis cet automne \u00e0 l\u2019ex\u00e9cutif et r\u00e9v\u00e9l\u00e9 le 20\u00a0mai dernier par Le Figaro, avait provoqu\u00e9 un \u00e9lectrochoc. Sur 73\u00a0pages document\u00e9es par les services de renseignements,\u00a0<a href=\"http:\/\/www.lefigaro.fr\/actualite-france\/reseaux-tentaculaires-organisation-secrete-quartiers-islamises-le-rapport-choc-sur-les-freres-musulmans-qui-veulent-instaurer-la-charia-en-france-20250520\" data-fig-type=\"Article\" data-gtm-custom-categorie=\"navigation\" data-gtm-custom-action=\"crossclick\" data-gtm-custom-label=\"Contextuel\" data-gtm-event=\"customEventSPE\" data-fig-domain=\"LEFIGARO\" target=\"_blank\" rel=\"noopener\">l\u2019\u00e9tude brosse le tableau \u00e9difiant d\u2019un pays min\u00e9 de l\u2019int\u00e9rieur<\/a>\u00a0par une n\u00e9buleuse radicale voulant faire basculer la France sous le joug de la charia et d\u2019un \u00c9tat islamique.<\/p>\n<p class=\"fig-paragraph\">\u00c0 l\u2019issue d\u2019un Conseil de d\u00e9fense qui s\u2019est tenu ce lundi, le pr\u00e9sident de la R\u00e9publique a act\u00e9 une batterie de mesures, tr\u00e8s techniques pour la plupart, visant \u00e0 terrasser l\u2019hydre. Sur le front d\u2019une entrave qui se veut \u00ab\u00a0renforc\u00e9e\u00a0\u00bb et \u00ab\u00a0plus efficace\u00a0\u00bb, Emmanuel Macron a confirm\u00e9, comme l\u2019avait annonc\u00e9 fin mai le ministre de l\u2019Int\u00e9rieur, Bruno Retailleau, la mise en place, autour de la Direction nationale du renseignement\u2026<\/p>\n<p class=\"fig-premium-paywall__infos\">\n        Cet article est r\u00e9serv\u00e9 aux abonn\u00e9s.        Il vous reste 81% \u00e0 d\u00e9couvrir.\n    <\/p>\n<p>                <img  data- alt=\"Le Figaro\" class=\"fig-img--complete fig-img\"\/><\/p>\n<p class=\"fig-premium-paywall__title\">Vous avez envie de lire la suite ?<\/p>\n<p class=\"fig-premium-paywall__subtitle\">D\u00e9bloquez tous les articles imm\u00e9diatement.<\/p>\n<p class=\"fig-premium-paywall__connect\">\n                D\u00e9j\u00e0 abonn\u00e9\u00a0?                <a class=\"fig-premium-paywall__connect-link\" href=\"https:\/\/connect.lefigaro.fr\/login?client=horizon_web&amp;type=main&amp;redirect_uri=https%3A%2F%2Fwww.lefigaro.fr%2Fpolitique%2Fentrisme-six-semaines-apres-un-accablant-rapport-macron-devoile-son-plan-pour-entraver-les-freres-musulmans-20250707\" data-js-gtm=\"{&quot;customCategorie&quot;: &quot;conversion&quot;, &quot;customAction&quot;: &quot;before_Landing_Connexion_paywall_auto&quot;, &quot;customLabel&quot;: &quot;bGVmaWdhcm8uZnJfXzFmMDViNDZjLTRjMjktNjU5YS1hYTZjLTAzZDU0ODgxMGM3ZF9fQXJ0aWNsZQ==_Entrisme\u00a0: six semaines apr\u00e8s un accablant rapport, le plan d\u2019Emmanuel Macron pour entraver les Fr\u00e8res musulmans_433&quot;, &quot;customIDSPE&quot;: &quot;bGVmaWdhcm8uZnJfXzFmMDViNDZjLTRjMjktNjU5YS1hYTZjLTAzZDU0ODgxMGM3ZF9fQXJ0aWNsZQ==&quot;, &quot;event&quot;: &quot;customEventSPE&quot;}\" target=\"_blank\" rel=\"noopener\"><br \/>\n                    Connectez-vous<br \/>\n                <\/a>\n            <\/p>\n","protected":false},"excerpt":{"rendered":"D\u00c9CRYPTAGE &#8211; \u00c0 la sortie d\u2019un Conseil de d\u00e9fense tenu ce lundi \u00e0 l\u2019\u00c9lys\u00e9e, le chef de l\u2019\u00c9tat&hellip;\n","protected":false},"author":2,"featured_media":233276,"comment_status":"","ping_status":"","sticky":false,"template":"","format":"standard","meta":{"footnotes":""},"categories":[4],"tags":[11,37207,1073,1011,27,9305,12,25],"class_list":{"0":"post-233275","1":"post","2":"type-post","3":"status-publish","4":"format-standard","5":"has-post-thumbnail","7":"category-france","8":"tag-actualites","9":"tag-conseil-de-defense","10":"tag-emmanuel-macron","11":"tag-fr","12":"tag-france","13":"tag-freres-musulmans","14":"tag-news","15":"tag-republique-francaise"},"share_on_mastodon":{"url":"https:\/\/pubeurope.com\/@fr\/114813500318544811","error":""},"_links":{"self":[{"href":"https:\/\/www.europesays.com\/fr\/wp-json\/wp\/v2\/posts\/233275","targetHints":{"allow":["GET"]}}],"collection":[{"href":"https:\/\/www.europesays.com\/fr\/wp-json\/wp\/v2\/posts"}],"about":[{"href":"https:\/\/www.europesays.com\/fr\/wp-json\/wp\/v2\/types\/post"}],"author":[{"embeddable":true,"href":"https:\/\/www.europesays.com\/fr\/wp-json\/wp\/v2\/users\/2"}],"replies":[{"embeddable":true,"href":"https:\/\/www.europesays.com\/fr\/wp-json\/wp\/v2\/comments?post=233275"}],"version-history":[{"count":0,"href":"https:\/\/www.europesays.com\/fr\/wp-json\/wp\/v2\/posts\/233275\/revisions"}],"wp:featuredmedia":[{"embeddable":true,"href":"https:\/\/www.europesays.com\/fr\/wp-json\/wp\/v2\/media\/233276"}],"wp:attachment":[{"href":"https:\/\/www.europesays.com\/fr\/wp-json\/wp\/v2\/media?parent=233275"}],"wp:term":[{"taxonomy":"category","embeddable":true,"href":"https:\/\/www.europesays.com\/fr\/wp-json\/wp\/v2\/categories?post=233275"},{"taxonomy":"post_tag","embeddable":true,"href":"https:\/\/www.europesays.com\/fr\/wp-json\/wp\/v2\/tags?post=233275"}],"curies":[{"name":"wp","href":"https:\/\/api.w.org\/{rel}","templated":true}]}}