{"id":233285,"date":"2025-07-07T19:07:01","date_gmt":"2025-07-07T19:07:01","guid":{"rendered":"https:\/\/www.europesays.com\/fr\/233285\/"},"modified":"2025-07-07T19:07:01","modified_gmt":"2025-07-07T19:07:01","slug":"grand-nancy-avec-nancy-on-y-vit-la-metropole-veut-creer-une-marque-pour-attirer-investisseurs-et-talents","status":"publish","type":"post","link":"https:\/\/www.europesays.com\/fr\/233285\/","title":{"rendered":"Grand Nancy. Avec \ufeff\u201cNancy on y vit\u201d, la M\u00e9tropole veut cr\u00e9er une marque pour attirer investisseurs et talents"},"content":{"rendered":"<p>\u201cNancy on y vit\u201d\u00a0: la marque vient officiellement de na\u00eetre ce jeudi au centre des congr\u00e8s. Mais pourquoi\u00a0? \u00ab\u00a0Tout simplement parce qu\u2019elle n\u2019existait pas\u00a0\u00bb, osait le vice-pr\u00e9sident de la M\u00e9tropole du Grand Nancy, Fran\u00e7ois Werner lors de cette pr\u00e9sentation.<\/p>\n<p>Empreint de pragmatisme, il note\u00a0: \u00ab\u00a0C\u2019est plus une signature, une reconnaissance de territoire. Ceci dit, elle ne servirait \u00e0 rien si elle est juste port\u00e9e par les institutions.\u00a0\u00bb Indirectement la balle est ainsi dans le camp de l\u2019assembl\u00e9e pr\u00e9sente et de ses intervenants venus des univers du public, du priv\u00e9, de l\u2019entreprenariat, de la recherche ou de la sant\u00e9 pour faire vivre cette nouvelle signal\u00e9tique.<\/p>\n<p>Il y a une \u00e9vidence selon des intervenants\u00a0: le Grand Nancy brille plus par ses \u201csavoir-faire\u201d que ses \u201cfaire-savoir\u201d.\u00a0Qui sait que Nancy est le premier p\u00f4le de formation d\u2019ing\u00e9nieurs en France, qu\u2019il existe 130 start-up via les incubateurs pr\u00e9sents dans la M\u00e9tropole, lorsque l\u2019Alsace enti\u00e8re en compte 160, qu\u2019enfin le retour du nucl\u00e9aire de la France am\u00e8nerait 600 nouveaux emplois d\u2019ici 10 ans pour <a href=\"https:\/\/www.estrepublicain.fr\/economie\/2024\/10\/02\/nucleaire-fives-nordon-fete-ses-120-ans-et-investit-15-m-pour-l-avenir\" target=\"_blank\" rel=\"noopener\">Fives Nordon<\/a> bas\u00e9 \u00e0 Nancy\u00a0? Liste non exhaustive\u2026<\/p>\n<p>  Un bassin de 500\u00a0000 habitants<\/p>\n<p>Ainsi, la signature \u201cNancy on y vit\u201d \u00a0se veut plus englobantes que les limites administratives de Nancy ou m\u00eame sa M\u00e9tropole. Il s\u2019agit bien d\u2019une entit\u00e9 pour un territoire qui int\u00e8gre les intercommunalit\u00e9s comme le rappelait le g\u00e9ographe, Martin Vanier.<\/p>\n<p>\u00ab\u00a0Avec 20 communes et 257\u00a0500 habitants, vous avez ici la plus petite M\u00e9tropole \ufeff\u00e0 l\u2019\u00e9chelon national, qui doit construire avec ses voisins. Int\u00e9grer les plus proches serait politiquement douloureux et sans doute le chemin le moins efficace en termes de politique publique, mais Nancy a un rayonnement qui s\u2019\u00e9tale dans le Sud lorrain, jusqu\u2019\u00e0 Saint-Di\u00e9-des-Vosges, lorsque le Nord de la Lorraine est aspir\u00e9 par le Luxembourg. La zone d\u2019attractivit\u00e9 de Nancy, comme une aire urbaine repr\u00e9sente ainsi 500\u00a0000 personnes.\u00a0\u00bb<\/p>\n<p>\u201cNancy on y vit\u201d est ainsi l\u2019expression de la volont\u00e9 d\u2019attirer de nouveaux investisseurs, de fixer durablement talents et entreprises, et surtout les start-up incub\u00e9es sur le territoire mais d\u00e9velopp\u00e9es ailleurs. Car les principales raisons identifi\u00e9es de ces exodes seraient le manque d\u2019attractivit\u00e9 du bassin nanc\u00e9ien, notamment pour ses propositions fonci\u00e8res et ses liaisons de transport. <a href=\"https:\/\/www.estrepublicain.fr\/transport\/2024\/12\/15\/tant-attendu-le-train-direct-entre-nancy-et-lyon-de-nouveau-en-service\" target=\"_blank\" rel=\"noopener\">La r\u00e9cente r\u00e9ouverture de la ligne ferroviaire Nancy-Lyon<\/a> est ainsi un bon signe.<\/p>\n<p>Ce contenu est bloqu\u00e9 car vous n&rsquo;avez pas accept\u00e9 les cookies et autres traceurs.<\/p>\n<p>En cliquant sur \u00ab J\u2019accepte \u00bb, les cookies et autres traceurs seront d\u00e9pos\u00e9s et vous pourrez visualiser les contenus  (<a href=\"\" class=\"consentModule_policy\" target=\"_blank\" title=\"Consulter la politique de protection des donn\u00e9es du fournisseur\">plus d&rsquo;informations<\/a>).<\/p>\n<p>En cliquant sur \u00ab J\u2019accepte tous les cookies \u00bb, vous autorisez des d\u00e9p\u00f4ts de cookies et autres traceurs pour le stockage de vos donn\u00e9es sur nos sites et applications \u00e0 des fins de personnalisation et de ciblage publicitaire.<\/p>\n<p class=\"consentModule_secondaryText\">Vous gardez la possibilit\u00e9 de retirer votre consentement \u00e0 tout moment en consultant notre <a href=\"https:\/\/www.estrepublicain.fr\/protection-des-donnees\" target=\"_blank\" title=\"Consulter notre politique de protection des donn\u00e9es\" rel=\"noopener\">politique de protection des donn\u00e9es<\/a>. <br \/>&#13;<br \/>\n            <a href=\"https:\/\/www.estrepublicain.fr\/economie\/2024\/12\/18\/javascript:Didomi.notice.show()\" class=\"consentModule_cmp\" target=\"_blank\" rel=\"noopener\">G\u00e9rer mes choix<\/a>&#13;\n        <\/p>\n<p>&#13;<br \/>\n                        J&rsquo;accepte&#13;<br \/>\n            J&rsquo;accepte tous les cookies&#13;\n        <\/p>\n<p>Plus loin encore, le maire de Nancy et pr\u00e9sident du Grand Nancy, <a href=\"https:\/\/www.estrepublicain.fr\/p\/mathieu-klein\" target=\"_blank\" rel=\"noopener\">Mathieu Klein<\/a>, se mettait \u00e0 imaginer \u00ab\u00a0une possible entente avec l\u2019a\u00e9roport du Luxembourg afin d\u2019ouvrir une ligne ferroviaire la reliant \u00e0 Nancy parce qu\u2019il n\u2019y a pas de plus grand combat que l\u2019accessibilit\u00e9 au territoire\u00a0\u00bb. Dans ce grand d\u00e9cloisonnement, l\u2019existence d\u2019un sillon lorrain construit non pas sur la concurrence mais la compl\u00e9mentarit\u00e9 de Nancy et Metz serait aussi tout sauf une \u00e9conomie.<\/p>\n","protected":false},"excerpt":{"rendered":"\u201cNancy on y vit\u201d\u00a0: la marque vient officiellement de na\u00eetre ce jeudi au centre des congr\u00e8s. Mais pourquoi\u00a0?&hellip;\n","protected":false},"author":2,"featured_media":233286,"comment_status":"","ping_status":"","sticky":false,"template":"","format":"standard","meta":{"footnotes":""},"categories":[9635],"tags":[1111,11,33,1704,1777,674,1011,27,775,1116,5015,1702,1703,12,25,602],"class_list":{"0":"post-233285","1":"post","2":"type-post","3":"status-publish","4":"format-standard","5":"has-post-thumbnail","7":"category-nancy","8":"tag-actu","9":"tag-actualites","10":"tag-economie","11":"tag-edition-nancy-et-agglomeration","12":"tag-eu","13":"tag-europe","14":"tag-fr","15":"tag-france","16":"tag-grand-est","17":"tag-immobilier","18":"tag-innovation-et-start-up","19":"tag-nancy","20":"tag-nancy-ville-54b","21":"tag-news","22":"tag-republique-francaise","23":"tag-tourisme"},"share_on_mastodon":{"url":"","error":""},"_links":{"self":[{"href":"https:\/\/www.europesays.com\/fr\/wp-json\/wp\/v2\/posts\/233285","targetHints":{"allow":["GET"]}}],"collection":[{"href":"https:\/\/www.europesays.com\/fr\/wp-json\/wp\/v2\/posts"}],"about":[{"href":"https:\/\/www.europesays.com\/fr\/wp-json\/wp\/v2\/types\/post"}],"author":[{"embeddable":true,"href":"https:\/\/www.europesays.com\/fr\/wp-json\/wp\/v2\/users\/2"}],"replies":[{"embeddable":true,"href":"https:\/\/www.europesays.com\/fr\/wp-json\/wp\/v2\/comments?post=233285"}],"version-history":[{"count":0,"href":"https:\/\/www.europesays.com\/fr\/wp-json\/wp\/v2\/posts\/233285\/revisions"}],"wp:featuredmedia":[{"embeddable":true,"href":"https:\/\/www.europesays.com\/fr\/wp-json\/wp\/v2\/media\/233286"}],"wp:attachment":[{"href":"https:\/\/www.europesays.com\/fr\/wp-json\/wp\/v2\/media?parent=233285"}],"wp:term":[{"taxonomy":"category","embeddable":true,"href":"https:\/\/www.europesays.com\/fr\/wp-json\/wp\/v2\/categories?post=233285"},{"taxonomy":"post_tag","embeddable":true,"href":"https:\/\/www.europesays.com\/fr\/wp-json\/wp\/v2\/tags?post=233285"}],"curies":[{"name":"wp","href":"https:\/\/api.w.org\/{rel}","templated":true}]}}