{"id":233328,"date":"2025-07-07T19:29:16","date_gmt":"2025-07-07T19:29:16","guid":{"rendered":"https:\/\/www.europesays.com\/fr\/233328\/"},"modified":"2025-07-07T19:29:16","modified_gmt":"2025-07-07T19:29:16","slug":"vieux-lille-le-restaurant-salon-de-the-maison-17-remplace-pablo-valentina-avec-le-meme-concept-quavant","status":"publish","type":"post","link":"https:\/\/www.europesays.com\/fr\/233328\/","title":{"rendered":"Vieux-Lille. Le restaurant-salon de th\u00e9 Maison 17 remplace Pablo &#038; Valentina, \u00ab\u00a0avec le m\u00eame concept qu&rsquo;avant\u00a0\u00bb"},"content":{"rendered":"<p>            Par<br \/>\n        <strong><br \/>\n            <a href=\"https:\/\/actu.fr\/auteur\/hervine-mahaud\" title=\"Consulter tous les articles de Hervine Mahaud\" target=\"_blank\" rel=\"noopener\">Hervine Mahaud<\/a><br \/>\n        <\/strong><\/p>\n<p>        Publi\u00e9 le<\/p>\n<p>            7 juil. 2025 \u00e0 18h30        <\/p>\n<p>Sa fermeture avait laiss\u00e9 orphelins de nombreux fid\u00e8les. En d\u00e9cembre dernier, le <b>restaurant Pablo &amp; Valentina<\/b>, qui avait pendant 7 ans r\u00e9gal\u00e9 le <b>Vieux-Lille<\/b>, faisait ses adieux \u00e0 la <b>rue Bartholom\u00e9 Masurel<\/b>. Mais c\u2019\u00e9tait sans compter sur Myriam, commer\u00e7ante de la rue et sans doute l\u2019une des meilleures clientes, qui n\u2019a pas pu se r\u00e9soudre \u00e0 laisser disparaitre ce lieu. Gr\u00e2ce \u00e0 elle, <b>Maison 17<\/b> a vu le jour le 24 juin 2025 avec le <b>m\u00eame concept qui avait fait les beaux jours du pr\u00e9c\u00e9dent \u00e9tablissement<\/b> : de la <b>p<\/b><b>etite restauration le midi<\/b> et une <b>offre salon de th\u00e9 l\u2019apr\u00e8s-midi<\/b>, le tout <b>fait maison<\/b>.<\/p>\n<p>Reprendre le concept qui avait le succ\u00e8s de Pablo &amp; Valentina<\/p>\n<p class=\" wall-content\">Pour les anciens clients de Pablo &amp; Valentina, c\u2019est un soulagement. Depuis la fin du mois de juin, ils retrouvent leurs habitudes au 17 rue Bartholom\u00e9 Masurel.<\/p>\n<p class=\" wall-content\">\u00ab\u00a0On refait la m\u00eame chose que ce qui \u00e9tait propos\u00e9 avant\u00a0\u00bb, pr\u00e9cise Myriam, fondatrice de Maison 17 mais aussi responsable de la boutique de lingerie de luxe Eres, quelques m\u00e8tres plus loin. Elle-m\u00eame avait justement le d\u00e9sir de <b>retrouver sa cantine pr\u00e9f\u00e9r\u00e9e<\/b>. \u00ab\u00a0Je venais prendre ma pause ici, pour d\u00e9jeuner au calme dans un joli cadre.\u00a0\u00bb<\/p>\n<p>    <img   decoding=\"async\" loading=\"lazy\" class=\"size-large\" src=\"https:\/\/www.europesays.com\/fr\/wp-content\/uploads\/2025\/07\/52487a37c768646487a37c7680a487v-960x640.jpg\" alt=\"maison 17 pablo et valentina restaurant salon de th\u00e9 vieux lille\" width=\"960\" height=\"640\"\/><br \/>\n    Les anciens clients de Pablo &amp; Valentina reviennent petit \u00e0 petit et sont ravis de retrouver une cantine comme celle qu\u2019ils aimaient. \u00a9Hervine Mahaud<\/p>\n<p class=\" wall-content\">Mais avant sa fermeture, le restaurant avait fait \u00e9voluer son concept vers une offre plus gastronomique. L\u2019aventure Pablo &amp; Valentina s\u2019\u00e9tait ensuite arr\u00eat\u00e9e en d\u00e9cembre 2024, laissant un grand vide dans la rue. \u00ab\u00a0Quand Francis Cordelette, le fondateur, m\u2019a dit qu\u2019il vendait, \u00e7a m\u2019a fait un pincement au c\u0153ur\u00a0\u00bb, se souvient Myriam.<\/p>\n<p class=\" wall-content\">Amoureuse du lieu, la commer\u00e7ante saisit alors l\u2019opportunit\u00e9 de <b>faire revivre cette adresse incontournable, tr\u00e8s appr\u00e9ci\u00e9e des Lillois<\/b> comme des touristes.\u00a0\u00ab\u00a0Tous les clients qui entrent nous disent : \u2018faites comme avant\u2019.\u00a0\u00bb<\/p>\n<p>Une carte courte \u00ab\u00a0pour tout ma\u00eetriser\u00a0\u00bb<\/p>\n<p class=\" wall-content\">Faire comme avant, c\u2019est le parti-pris de Myriam : \u00ab\u00a0pas de gastro mais <b>une petite carte pour pouvoir tout faire maison<\/b>\u00ab\u00a0. Chez Maison 17, on peut ainsi venir <b>d\u00e9jeuner le midi<\/b> autour d\u2019un \u00ab\u00a0plat simple\u00a0\u00bb \u00e0 \u00ab\u00a0prix raisonnable pour le Vieux-Lille\u00a0\u00bb. En ce moment, on peut ainsi commander des <b>quiches<\/b>, <b>pommes de terre gratin\u00e9es<\/b>, des <b>salades<\/b> ou encore le <b>toast du chef<\/b>.<\/p>\n<p>    <img   decoding=\"async\" loading=\"lazy\" class=\"size-large\" src=\"https:\/\/www.europesays.com\/fr\/wp-content\/uploads\/2025\/07\/82817a37c768676817a37c7684a817v-960x640.jpg\" alt=\"maison 17 pablo et valentina restaurant salon de th\u00e9 vieux lille\" width=\"960\" height=\"640\"\/><br \/>\n    La carte propose des plats simples et r\u00e9confortants. \u00a9Hervine Mahaud<\/p>\n<p class=\" wall-content\">Pour le <b>dessert<\/b> ou le <b>go\u00fbter<\/b>, la vitrine regorge de <b>g\u00e2teaux<\/b> maison comme des <b>cheesecakes<\/b> et autres <b>p\u00e2tisseries<\/b> all\u00e9chantes. Des <b>glaces<\/b> sont aussi propos\u00e9es, parfaites pour une pause rafra\u00eechissante au c\u0153ur de l\u2019\u00e9t\u00e9.<\/p>\n<p>    <img   decoding=\"async\" loading=\"lazy\" class=\"size-large\" src=\"https:\/\/www.europesays.com\/fr\/wp-content\/uploads\/2025\/07\/f5356a37c7686aa356a37c768de356v-960x640.jpg\" alt=\"maison 17 pablo et valentina restaurant salon de th\u00e9 vieux lille\" width=\"960\" height=\"640\"\/><br \/>\n    Les desserts sont eux aussi faits maison. \u00a9Hervine Mahaud<\/p>\n<p class=\" wall-content\">Une carte des <b>boissons<\/b> tr\u00e8s fournie permet de compl\u00e9ter l\u2019offre. <b>Caf\u00e9s, th\u00e9s, matcha, softs, jus, smoothies, vins, bi\u00e8res<\/b>\u2026 Il y en pour tous les go\u00fbts !<\/p>\n<p class=\" wall-content\">Et ce n\u2019est pas tout : \u00ab\u00a0on proposera des <b>brunchs<\/b> le dimanche \u00e0 partir de la rentr\u00e9e, le temps qu\u2019on se rode un peu\u00a0\u00bb. Une belle adresse \u00e0 (re)d\u00e9couvrir tr\u00e8s vite !<\/p>\n<p>Infos pratiques : Maison 17, 17 rue Bartholom\u00e9 Masurel, 59800 Lille. Ouvert du mardi au vendredi de 10h30 \u00e0 18h et le samedi de 10h30 \u00e0 19h. Plus d\u2019infos sur <a href=\"https:\/\/www.instagram.com\/maison17.lille\/?hl=fr\" target=\"_blank\" rel=\"noopener\">le compte Instagram de l\u2019\u00e9tablissement<\/a>.<\/p>\n<p class=\" wall-content\">Suivez toute l\u2019actualit\u00e9 de vos villes et m\u00e9dias favoris en vous inscrivant \u00e0 <a href=\"https:\/\/moncompte.actu.fr\" title=\"D\u00e9couvez Mon Actu\" rel=\"nofollow noopener\" data-trk=\"{&quot;cta&quot;:{&quot;action&quot;:&quot;https:\\\/\\\/moncompte.actu.fr&quot;,&quot;category&quot;:&quot;mon compte&quot;,&quot;from&quot;:&quot;article footer&quot;,&quot;name&quot;:&quot;Mon actu&quot;,&quot;type&quot;:&quot;cta&quot;}}\" target=\"_blank\">Mon Actu<\/a>.<\/p>\n<ul class=\"ac-article-tag wall-content\">\n<li><a href=\"https:\/\/actu.fr\/tag\/nouveaux-commerces\" data-trk=\"{&quot;cta&quot;:{&quot;action&quot;:&quot;Nouveaux commerces&quot;,&quot;category&quot;:&quot;tag&quot;,&quot;from&quot;:&quot;article footer&quot;,&quot;name&quot;:&quot;Nouveaux commerces&quot;,&quot;type&quot;:&quot;cta&quot;}}\" target=\"_blank\" rel=\"noopener\">#Nouveaux commerces<\/a><\/li>\n<li><a href=\"https:\/\/actu.fr\/tag\/restaurant\" data-trk=\"{&quot;cta&quot;:{&quot;action&quot;:&quot;Restaurant&quot;,&quot;category&quot;:&quot;tag&quot;,&quot;from&quot;:&quot;article footer&quot;,&quot;name&quot;:&quot;Restaurant&quot;,&quot;type&quot;:&quot;cta&quot;}}\" target=\"_blank\" rel=\"noopener\">#Restaurant<\/a><\/li>\n<\/ul>\n<p>                    <script async src=\"\/\/www.instagram.com\/embed.js\"><\/script><\/p>\n","protected":false},"excerpt":{"rendered":"Par Hervine Mahaud Publi\u00e9 le 7 juil. 2025 \u00e0 18h30 Sa fermeture avait laiss\u00e9 orphelins de nombreux fid\u00e8les.&hellip;\n","protected":false},"author":2,"featured_media":233329,"comment_status":"","ping_status":"","sticky":false,"template":"","format":"standard","meta":{"footnotes":""},"categories":[2815],"tags":[1111,11,33,1777,674,1011,27,811,1307,12,3147,25,1340],"class_list":{"0":"post-233328","1":"post","2":"type-post","3":"status-publish","4":"format-standard","5":"has-post-thumbnail","7":"category-lille","8":"tag-actu","9":"tag-actualites","10":"tag-economie","11":"tag-eu","12":"tag-europe","13":"tag-fr","14":"tag-france","15":"tag-hauts-de-france","16":"tag-lille","17":"tag-news","18":"tag-nouveaux-commerces","19":"tag-republique-francaise","20":"tag-restaurant"},"share_on_mastodon":{"url":"https:\/\/pubeurope.com\/@fr\/114813610615997942","error":""},"_links":{"self":[{"href":"https:\/\/www.europesays.com\/fr\/wp-json\/wp\/v2\/posts\/233328","targetHints":{"allow":["GET"]}}],"collection":[{"href":"https:\/\/www.europesays.com\/fr\/wp-json\/wp\/v2\/posts"}],"about":[{"href":"https:\/\/www.europesays.com\/fr\/wp-json\/wp\/v2\/types\/post"}],"author":[{"embeddable":true,"href":"https:\/\/www.europesays.com\/fr\/wp-json\/wp\/v2\/users\/2"}],"replies":[{"embeddable":true,"href":"https:\/\/www.europesays.com\/fr\/wp-json\/wp\/v2\/comments?post=233328"}],"version-history":[{"count":0,"href":"https:\/\/www.europesays.com\/fr\/wp-json\/wp\/v2\/posts\/233328\/revisions"}],"wp:featuredmedia":[{"embeddable":true,"href":"https:\/\/www.europesays.com\/fr\/wp-json\/wp\/v2\/media\/233329"}],"wp:attachment":[{"href":"https:\/\/www.europesays.com\/fr\/wp-json\/wp\/v2\/media?parent=233328"}],"wp:term":[{"taxonomy":"category","embeddable":true,"href":"https:\/\/www.europesays.com\/fr\/wp-json\/wp\/v2\/categories?post=233328"},{"taxonomy":"post_tag","embeddable":true,"href":"https:\/\/www.europesays.com\/fr\/wp-json\/wp\/v2\/tags?post=233328"}],"curies":[{"name":"wp","href":"https:\/\/api.w.org\/{rel}","templated":true}]}}