{"id":233344,"date":"2025-07-07T19:38:11","date_gmt":"2025-07-07T19:38:11","guid":{"rendered":"https:\/\/www.europesays.com\/fr\/233344\/"},"modified":"2025-07-07T19:38:11","modified_gmt":"2025-07-07T19:38:11","slug":"des-fresques-contre-les-graffitis-paris-veut-aider-ses-commerces-a-lutter-contre-les-tags-sauvages","status":"publish","type":"post","link":"https:\/\/www.europesays.com\/fr\/233344\/","title":{"rendered":"Des fresques contre les graffitis\u00a0: Paris veut aider ses commerces \u00e0 lutter contre les tags \u00ab\u00a0sauvages\u00a0\u00bb"},"content":{"rendered":"<p class=\"paragraph text_align_left lp-f-body-02\">C\u2019est un peu comme la c\u00e9l\u00e8bre th\u00e9orie popularis\u00e9e par les Inconnus \u00e0 propos des chasseurs\u00a0: il y aurait, selon le sketch du trio comique, le bon chasseur et le mauvais chasseur. Il en va de m\u00eame dans les arts visuels, comme le street art\u00a0: il y a ainsi le bon tagueur et le mauvais tagueur.<\/p>\n<p class=\"paragraph text_align_left lp-f-body-02\">C\u2019est en tout cas la conviction de la Ville de Paris, qui s\u2019appr\u00eate \u00e0 lancer un dispositif de soutien in\u00e9dit pour lutter contre <a href=\"https:\/\/www.leparisien.fr\/paris-75\/art-ou-vandalisme-tout-est-une-question-dappreciation-a-paris-les-graffeurs-defendent-leurs-oeuvres-17-04-2025-CSVJDQJJLFBMHOP3FK42YLLT5M.php\" target=\"_blank\" rel=\"noreferrer nofollow noopener\">les tags<\/a> sur les rideaux m\u00e9talliques des commerces parisiens.<\/p>\n","protected":false},"excerpt":{"rendered":"C\u2019est un peu comme la c\u00e9l\u00e8bre th\u00e9orie popularis\u00e9e par les Inconnus \u00e0 propos des chasseurs\u00a0: il y aurait,&hellip;\n","protected":false},"author":2,"featured_media":233345,"comment_status":"","ping_status":"","sticky":false,"template":"","format":"standard","meta":{"footnotes":""},"categories":[1888],"tags":[11,1777,674,1011,27,1944,12,626,25],"class_list":{"0":"post-233344","1":"post","2":"type-post","3":"status-publish","4":"format-standard","5":"has-post-thumbnail","7":"category-paris","8":"tag-actualites","9":"tag-eu","10":"tag-europe","11":"tag-fr","12":"tag-france","13":"tag-ma-ville","14":"tag-news","15":"tag-paris","16":"tag-republique-francaise"},"share_on_mastodon":{"url":"https:\/\/pubeurope.com\/@fr\/114813645925840417","error":""},"_links":{"self":[{"href":"https:\/\/www.europesays.com\/fr\/wp-json\/wp\/v2\/posts\/233344","targetHints":{"allow":["GET"]}}],"collection":[{"href":"https:\/\/www.europesays.com\/fr\/wp-json\/wp\/v2\/posts"}],"about":[{"href":"https:\/\/www.europesays.com\/fr\/wp-json\/wp\/v2\/types\/post"}],"author":[{"embeddable":true,"href":"https:\/\/www.europesays.com\/fr\/wp-json\/wp\/v2\/users\/2"}],"replies":[{"embeddable":true,"href":"https:\/\/www.europesays.com\/fr\/wp-json\/wp\/v2\/comments?post=233344"}],"version-history":[{"count":0,"href":"https:\/\/www.europesays.com\/fr\/wp-json\/wp\/v2\/posts\/233344\/revisions"}],"wp:featuredmedia":[{"embeddable":true,"href":"https:\/\/www.europesays.com\/fr\/wp-json\/wp\/v2\/media\/233345"}],"wp:attachment":[{"href":"https:\/\/www.europesays.com\/fr\/wp-json\/wp\/v2\/media?parent=233344"}],"wp:term":[{"taxonomy":"category","embeddable":true,"href":"https:\/\/www.europesays.com\/fr\/wp-json\/wp\/v2\/categories?post=233344"},{"taxonomy":"post_tag","embeddable":true,"href":"https:\/\/www.europesays.com\/fr\/wp-json\/wp\/v2\/tags?post=233344"}],"curies":[{"name":"wp","href":"https:\/\/api.w.org\/{rel}","templated":true}]}}