{"id":233348,"date":"2025-07-07T19:40:15","date_gmt":"2025-07-07T19:40:15","guid":{"rendered":"https:\/\/www.europesays.com\/fr\/233348\/"},"modified":"2025-07-07T19:40:15","modified_gmt":"2025-07-07T19:40:15","slug":"percee-russe-dans-le-centre-et-mort-dun-ministre-tout-juste-limoge-par-poutine","status":"publish","type":"post","link":"https:\/\/www.europesays.com\/fr\/233348\/","title":{"rendered":"Perc\u00e9e russe dans le centre et mort d\u2019un ministre tout juste limog\u00e9 par Poutine"},"content":{"rendered":"<p>Vous avez rat\u00e9 les derniers \u00e9v\u00e9nements sur la <a href=\"https:\/\/www.20minutes.fr\/monde\/ukraine\/\" class=\"color-ultramarine c-link\" target=\"_blank\" rel=\"noopener\">guerre en Ukraine<\/a>\u00a0? 20 Minutes fait le point pour vous tous les soirs. Voici l\u2019essentiel de ce lundi 7\u00a0juillet, 1.230e jour du conflit.<\/p>\n<p>Le fait du jour<\/p>\n<p>La <a href=\"https:\/\/www.20minutes.fr\/monde\/russie\/\" target=\"_blank\" class=\"color-ultramarine c-link\" rel=\"noopener\">Russie<\/a> a revendiqu\u00e9 lundi la prise d\u2019une localit\u00e9 dans la r\u00e9gion de Dnipropetrovsk, dans le centre-est de l\u2019Ukraine, une premi\u00e8re depuis le d\u00e9but de l\u2019invasion en f\u00e9vrier\u00a02022, au moment o\u00f9 les discussions diplomatiques entre <a href=\"https:\/\/www.20minutes.fr\/monde\/moscou\/\" target=\"_blank\" class=\"color-ultramarine c-link\" rel=\"noopener\">Moscou<\/a> et <a href=\"https:\/\/www.20minutes.fr\/dossier\/kiev\" target=\"_blank\" class=\"color-ultramarine c-link\" rel=\"noopener\">Kiev<\/a> sont dans l\u2019impasse. Cette conqu\u00eate russe, si elle \u00e9tait confirm\u00e9e par Kiev, constituerait un nouveau revers symbolique pour les forces ukrainiennes.<\/p>\n<\/p>\n<p>\u00ab\u00a0La localit\u00e9 de Datchno\u00efe, dans la r\u00e9gion de Dnipropetrovsk, a \u00e9t\u00e9 lib\u00e9r\u00e9e\u00a0\u00bb, s\u2019est f\u00e9licit\u00e9e l\u2019arm\u00e9e russe, qui avait annonc\u00e9 d\u00e9but juin mener une offensive in\u00e9dite dans cette partie de l\u2019Ukraine.<\/p>\n<p>La d\u00e9claration du jour<\/p>\n<blockquote class=\"mx-m@xs mx-xxl@md color-ultramarine c-citation\">\n<p class=\"font-weight-regular@xs text-italic font-source-serif-pro text-l@xs c-citation__content\">\u00ab\u00a0\u00ab\u00a0Nous sommes l\u00e0 et nous sommes pr\u00eats \u00e0 nous battre jusqu\u2019au bout\u00a0\u00bb\u00a0\u00bb<\/p>\n<\/blockquote>\n<p>Dimanche, une unit\u00e9 ukrainienne combattant dans le centre-est avait affirm\u00e9 toujours \u00ab\u00a0contr\u00f4ler\u00a0\u00bb Datchno\u00efe. Elle avait \u00e9galement d\u00e9nonc\u00e9 les \u00ab\u00a0fausses informations\u00a0\u00bb en provenance de Moscou concernant une avanc\u00e9e dans cette zone et publi\u00e9 une vid\u00e9o montrant, d\u2019apr\u00e8s elle, le drapeau ukrainien au-dessus d\u2019un b\u00e2timent \u00e0 Datchno\u00efe.<\/p>\n<p>\u00ab\u00a0Nous sommes l\u00e0 et nous sommes pr\u00eats \u00e0 nous battre jusqu\u2019au bout\u00a0! Nous ne c\u00e9derons pas un seul m\u00e8tre de notre territoire sans nous battre\u00a0\u00bb, avait \u00e9galement assur\u00e9 cette unit\u00e9.<\/p>\n<p>Le chiffre du jour<\/p>\n<p>4. Des attaques de drones et d\u2019artillerie russes contre plusieurs r\u00e9gions d\u2019Ukraine ont fait au moins quatre morts et 36 bless\u00e9s dans la nuit.<\/p>\n<p>Ces frappes ont fait au moins deux morts et deux bless\u00e9s dans la r\u00e9gion de Soumy, un mort et deux bless\u00e9s dans la r\u00e9gion de Kherson, un mort dans la r\u00e9gion d\u2019Odessa, 27 bless\u00e9s dans la r\u00e9gion de Kharkiv et cinq bless\u00e9s dans la r\u00e9gion de Dnipropetrovsk, selon les gouverneurs et maires des zones concern\u00e9es.<\/p>\n<p>Des drones russes ont \u00e9galement frapp\u00e9 la capitale Kiev, endommageant des immeubles mais sans faire de victime, a \u00e9crit sur Telegram le maire Vitali Klitschko.<\/p>\n<p>La tendance du jour<\/p>\n<p>Le ministre russe des Transports, Roman Starovo\u00eft, d\u00e9mis de ses fonctions lundi par <a href=\"https:\/\/www.20minutes.fr\/monde\/vladimir_poutine\/\" target=\"_blank\" class=\"color-ultramarine c-link\" rel=\"noopener\">Vladimir Poutine<\/a>, a \u00e9t\u00e9 retrouv\u00e9 mort et s\u2019est probablement suicid\u00e9, a annonc\u00e9 le Comit\u00e9 d\u2019enqu\u00eate russe.<\/p>\n<p>\u00ab\u00a0Le corps de l\u2019ancien ministre des Transports de la F\u00e9d\u00e9ration de Russie, Roman Vladimirovitch Starovo\u00eft, a \u00e9t\u00e9 retrouv\u00e9 aujourd\u2019hui dans sa voiture, pr\u00e9sentant une blessure par balle\u00a0\u00bb, indique le communiqu\u00e9 officiel. Une enqu\u00eate a \u00e9t\u00e9 ouverte pour \u00ab\u00a0\u00e9tablir\u00a0\u00bb les \u00ab\u00a0circonstances\u00a0\u00bb exactes du d\u00e9c\u00e8s de l\u2019ancien ministre, a ajout\u00e9 cette institution charg\u00e9e des principales investigations en Russie.<\/p>\n<p><a href=\"https:\/\/www.20minutes.fr\/monde\/ukraine\/\" class=\"c-link c-btn c-btn--primary\" target=\"_blank\" rel=\"noopener\">Notre dossier sur la guerre en Ukraine<\/a><\/p>\n<p>La date exacte de sa mort n\u2019a pour l\u2019heure pas \u00e9t\u00e9 pr\u00e9cis\u00e9e par les autorit\u00e9s. Des enqu\u00eateurs s\u2019activaient encore lundi soir, sous les yeux de nombreux journalistes russes, sur le parking d\u2019Odintsovo o\u00f9 le corps du ministre aurait \u00e9t\u00e9 retrouv\u00e9, dans la banlieue de Moscou, a constat\u00e9 un reporter de l\u2019AFP.<\/p>\n","protected":false},"excerpt":{"rendered":"Vous avez rat\u00e9 les derniers \u00e9v\u00e9nements sur la guerre en Ukraine\u00a0? 20 Minutes fait le point pour vous&hellip;\n","protected":false},"author":2,"featured_media":233349,"comment_status":"","ping_status":"","sticky":false,"template":"","format":"standard","meta":{"footnotes":""},"categories":[1591],"tags":[47,11,1887,131,4997,3784,74,1916,12,1885,1886,132,5748,135,134],"class_list":{"0":"post-233348","1":"post","2":"type-post","3":"status-publish","4":"format-standard","5":"has-post-thumbnail","7":"category-russie","8":"tag-actualite","9":"tag-actualites","10":"tag-federation-de-russie","11":"tag-guerre-en-ukraine","12":"tag-kiev-kyiv","13":"tag-ministre","14":"tag-monde","15":"tag-moscou","16":"tag-news","17":"tag-russia","18":"tag-russian-federation","19":"tag-russie","20":"tag-suicide","21":"tag-vladimir-poutine","22":"tag-volodymyr-zelensky"},"share_on_mastodon":{"url":"https:\/\/pubeurope.com\/@fr\/114813654122580018","error":""},"_links":{"self":[{"href":"https:\/\/www.europesays.com\/fr\/wp-json\/wp\/v2\/posts\/233348","targetHints":{"allow":["GET"]}}],"collection":[{"href":"https:\/\/www.europesays.com\/fr\/wp-json\/wp\/v2\/posts"}],"about":[{"href":"https:\/\/www.europesays.com\/fr\/wp-json\/wp\/v2\/types\/post"}],"author":[{"embeddable":true,"href":"https:\/\/www.europesays.com\/fr\/wp-json\/wp\/v2\/users\/2"}],"replies":[{"embeddable":true,"href":"https:\/\/www.europesays.com\/fr\/wp-json\/wp\/v2\/comments?post=233348"}],"version-history":[{"count":0,"href":"https:\/\/www.europesays.com\/fr\/wp-json\/wp\/v2\/posts\/233348\/revisions"}],"wp:featuredmedia":[{"embeddable":true,"href":"https:\/\/www.europesays.com\/fr\/wp-json\/wp\/v2\/media\/233349"}],"wp:attachment":[{"href":"https:\/\/www.europesays.com\/fr\/wp-json\/wp\/v2\/media?parent=233348"}],"wp:term":[{"taxonomy":"category","embeddable":true,"href":"https:\/\/www.europesays.com\/fr\/wp-json\/wp\/v2\/categories?post=233348"},{"taxonomy":"post_tag","embeddable":true,"href":"https:\/\/www.europesays.com\/fr\/wp-json\/wp\/v2\/tags?post=233348"}],"curies":[{"name":"wp","href":"https:\/\/api.w.org\/{rel}","templated":true}]}}