{"id":233352,"date":"2025-07-07T19:42:11","date_gmt":"2025-07-07T19:42:11","guid":{"rendered":"https:\/\/www.europesays.com\/fr\/233352\/"},"modified":"2025-07-07T19:42:11","modified_gmt":"2025-07-07T19:42:11","slug":"les-etats-unis-saluent-la-reponse-du-liban-a-la-proposition-de-desarmement-du-hezbollah","status":"publish","type":"post","link":"https:\/\/www.europesays.com\/fr\/233352\/","title":{"rendered":"Les \u00c9tats-Unis saluent la r\u00e9ponse du Liban \u00e0 la proposition de d\u00e9sarmement du Hezbollah"},"content":{"rendered":"<p><img decoding=\"async\" class=\"c-ad__placeholder__logo\" src=\"https:\/\/static.euronews.com\/website\/images\/logos\/logo-euronews-grey-6-180x22.svg\" width=\"180\" height=\"22\" alt=\"\" loading=\"lazy\"\/>PUBLICIT\u00c9<\/p>\n<p>Un responsable am\u00e9ricain a d\u00e9clar\u00e9 lundi qu&rsquo;il \u00e9tait satisfait de la r\u00e9ponse du gouvernement libanais \u00e0 une proposition de d\u00e9sarmement du Hezbollah, ajoutant que Washington \u00e9tait pr\u00eat \u00e0 aider le pays \u00e0 sortir de la crise politique et \u00e9conomique qu&rsquo;il traverse depuis longtemps.<\/p>\n<p>L&rsquo;envoy\u00e9 am\u00e9ricain au Liban, Tom Barrack, s&rsquo;est adress\u00e9 aux journalistes apr\u00e8s avoir rencontr\u00e9 le pr\u00e9sident Joseph Aoun et a d\u00e9clar\u00e9 que les parties am\u00e9ricaine et libanaise s&rsquo;\u00e9taient engag\u00e9es \u00e0 trouver une solution.<\/p>\n<p>\u00ab\u00a0Ce que le gouvernement [libanais] nous a donn\u00e9, c&rsquo;est quelque chose de spectaculaire en tr\u00e8s peu de temps et d&rsquo;une mani\u00e8re tr\u00e8s compliqu\u00e9e\u00a0\u00bb, a d\u00e9clar\u00e9 Tom Barrack lors d&rsquo;une conf\u00e9rence de presse au palais pr\u00e9sidentiel, au sud de Beyrouth.<\/p>\n<p>Washington exhorte Beyrouth \u00e0 mettre en place des r\u00e9formes \u00e9conomiques<\/p>\n<p>Le mois dernier, l&rsquo;envoy\u00e9 am\u00e9ricain a pr\u00e9sent\u00e9 aux responsables libanais une proposition visant \u00e0 d\u00e9sarmer le Hezbollah et \u00e0 entreprendre certaines r\u00e9formes pour tenter de sortir le Liban de la crise \u00e9conomique qui le frappe depuis pr\u00e8s de six ans.<\/p>\n<p>Tom Barrack estime que le Liban devrait s&rsquo;inspirer de la Syrie, en op\u00e9rant les m\u00eames r\u00e9formes \u00e9conomiques que <a href=\"https:\/\/fr.euronews.com\/2025\/05\/30\/le-drapeau-des-etats-unis-a-nouveau-hisse-dans-la-residence-de-lambassadeur-a-damas-en-syr\" rel=\"nofollow noopener\" target=\"_blank\"><strong>le nouveau gouvernement de Damas<\/strong><\/a> a mises en place apr\u00e8s la chute du dictateur Bachar al-Assad en d\u00e9cembre. <\/p>\n<p>L&rsquo;envoy\u00e9 de Washington affirme que le pr\u00e9sident am\u00e9ricain Donald Trump et les \u00c9tats-Unis sont pr\u00eats \u00e0 aider le Liban \u00e0 changer, alors que \u00ab\u00a0le reste de la r\u00e9gion \u00e9volue \u00e0 grande vitesse\u00a0\u00bb, selon lui.<\/p>\n<p>Un conflit de longue date<\/p>\n<p>Les armes du Hezbollah sont l&rsquo;un des principaux points de friction depuis qu&rsquo;Isra\u00ebl s&rsquo;est retir\u00e9 du Sud-Liban en 2000, mettant fin \u00e0 une occupation de 18 ans.<\/p>\n<p>Les deux parties ont men\u00e9 une guerre destructrice en 2006, qui s&rsquo;est sold\u00e9e sans victoire nette de l&rsquo;une ou l&rsquo;autre partie.<\/p>\n<p>Le dernier conflit entre Isra\u00ebl et le Hezbollah a commenc\u00e9 un jour apr\u00e8s l&rsquo;attaque du Hamas du 7 octobre 2023 contre le sud d&rsquo;Isra\u00ebl et s&rsquo;est intensifi\u00e9 en septembre, laissant le groupe soutenu par l&rsquo;Iran gravement diminu\u00e9 et <a href=\"https:\/\/fr.euronews.com\/2025\/02\/24\/une-foule-immense-aux-funerailles-du-leader-hezbollah-hassan-nasrallah\" rel=\"nofollow noopener\" target=\"_blank\"><strong>priv\u00e9 de plusieurs de ses dirigeants<\/strong><\/a>.<\/p>\n<p>Depuis l&rsquo;entr\u00e9e en vigueur, en novembre, d&rsquo;un <a href=\"https:\/\/fr.euronews.com\/2025\/05\/04\/premieres-elections-au-liban-depuis-le-cessez-le-feu-entre-israel-et-le-hezbollah\" rel=\"nofollow noopener\" target=\"_blank\"><strong>cessez-le-feu n\u00e9goci\u00e9 par les \u00c9tats-Unis<\/strong><\/a>, le Hezbollah a pratiquement mis fin \u00e0 toute pr\u00e9sence militaire le long de la fronti\u00e8re avec Isra\u00ebl, qui insiste pour que le groupe d\u00e9pose les armes sur l&rsquo;ensemble du territoire libanais.<\/p>\n<p>Joseph Aoun a d\u00e9clar\u00e9 dimanche que le nombre de soldats libanais le long de la fronti\u00e8re avec Isra\u00ebl passerait \u00e0 10 000, ajoutant que seuls les soldats libanais et les forces de maintien de la paix de l&rsquo;ONU seraient arm\u00e9s.<\/p>\n<p>Nouvelles frappes isra\u00e9liennes au Liban<\/p>\n<p>Dimanche soir, quelques heures avant l&rsquo;arriv\u00e9e de Tom Barrack \u00e0 Beyrouth, l&rsquo;arm\u00e9e de l&rsquo;air isra\u00e9lienne a effectu\u00e9 des frappes sur le sud et l&rsquo;est du Liban, blessant neuf personnes, selon les m\u00e9dias d&rsquo;\u00c9tat.<\/p>\n<p>L&rsquo;arm\u00e9e isra\u00e9lienne affirme que les frappes visaient des infrastructures du Hezbollah, des d\u00e9p\u00f4ts d&rsquo;armes et des lanceurs de missiles.<\/p>\n<p>Plus t\u00f4t dans la journ\u00e9e de dimanche, le chef du Hezbollah, Naim Kassem, a r\u00e9it\u00e9r\u00e9 le refus du groupe militant de d\u00e9poser les armes avant qu&rsquo;Isra\u00ebl ne se retire de tout le sud du Liban et ne mette fin \u00e0 sa campagne a\u00e9rienne.<\/p>\n<p>Le conflit entre le Hezbollah et Isra\u00ebl a fait plus de 4 000 morts au Liban et caus\u00e9 des destructions estim\u00e9es \u00e0 9 milliards d&rsquo;euros. En Isra\u00ebl, 127 personnes, dont 80 soldats, ont \u00e9t\u00e9 tu\u00e9es.<\/p>\n<p>Depuis le cessez-le-feu de novembre, Isra\u00ebl a effectu\u00e9 des centaines de frappes a\u00e9riennes sur diff\u00e9rentes parties du Liban, tuant environ 250 personnes et en blessant plus de 600.<\/p>\n<p>Isra\u00ebl conserve \u00e9galement cinq postes strat\u00e9giques \u00e0 l&rsquo;int\u00e9rieur du Liban, dont il a <a href=\"https:\/\/fr.euronews.com\/2025\/04\/16\/larmee-israelienne-restera-indefiniment-a-gaza-au-liban-et-en-syrie-selon-le-ministre-de-l\" rel=\"nofollow noopener\" target=\"_blank\"><strong>refus\u00e9 de se retirer<\/strong><\/a> au d\u00e9but de l&rsquo;ann\u00e9e.<\/p>\n","protected":false},"excerpt":{"rendered":"PUBLICIT\u00c9 Un responsable am\u00e9ricain a d\u00e9clar\u00e9 lundi qu&rsquo;il \u00e9tait satisfait de la r\u00e9ponse du gouvernement libanais \u00e0 une&hellip;\n","protected":false},"author":2,"featured_media":233353,"comment_status":"","ping_status":"","sticky":false,"template":"","format":"standard","meta":{"footnotes":""},"categories":[1589],"tags":[11,37211,73,1866,7295,664,12404,12,1864,1865,1863,308],"class_list":{"0":"post-233352","1":"post","2":"type-post","3":"status-publish","4":"format-standard","5":"has-post-thumbnail","7":"category-etats-unis","8":"tag-actualites","9":"tag-conflit-israel-hezbollah","10":"tag-etats-unis","11":"tag-etats-unis-damerique","12":"tag-hezbollah","13":"tag-israel","14":"tag-liban","15":"tag-news","16":"tag-united-states","17":"tag-united-states-of-america","18":"tag-us","19":"tag-usa"},"share_on_mastodon":{"url":"https:\/\/pubeurope.com\/@fr\/114813661704602244","error":""},"_links":{"self":[{"href":"https:\/\/www.europesays.com\/fr\/wp-json\/wp\/v2\/posts\/233352","targetHints":{"allow":["GET"]}}],"collection":[{"href":"https:\/\/www.europesays.com\/fr\/wp-json\/wp\/v2\/posts"}],"about":[{"href":"https:\/\/www.europesays.com\/fr\/wp-json\/wp\/v2\/types\/post"}],"author":[{"embeddable":true,"href":"https:\/\/www.europesays.com\/fr\/wp-json\/wp\/v2\/users\/2"}],"replies":[{"embeddable":true,"href":"https:\/\/www.europesays.com\/fr\/wp-json\/wp\/v2\/comments?post=233352"}],"version-history":[{"count":0,"href":"https:\/\/www.europesays.com\/fr\/wp-json\/wp\/v2\/posts\/233352\/revisions"}],"wp:featuredmedia":[{"embeddable":true,"href":"https:\/\/www.europesays.com\/fr\/wp-json\/wp\/v2\/media\/233353"}],"wp:attachment":[{"href":"https:\/\/www.europesays.com\/fr\/wp-json\/wp\/v2\/media?parent=233352"}],"wp:term":[{"taxonomy":"category","embeddable":true,"href":"https:\/\/www.europesays.com\/fr\/wp-json\/wp\/v2\/categories?post=233352"},{"taxonomy":"post_tag","embeddable":true,"href":"https:\/\/www.europesays.com\/fr\/wp-json\/wp\/v2\/tags?post=233352"}],"curies":[{"name":"wp","href":"https:\/\/api.w.org\/{rel}","templated":true}]}}