{"id":233355,"date":"2025-07-07T19:44:22","date_gmt":"2025-07-07T19:44:22","guid":{"rendered":"https:\/\/www.europesays.com\/fr\/233355\/"},"modified":"2025-07-07T19:44:22","modified_gmt":"2025-07-07T19:44:22","slug":"avion-de-combat-europeen-la-france-reclame-a-lallemagne-une-participation-de-80-dans-le-projet","status":"publish","type":"post","link":"https:\/\/www.europesays.com\/fr\/233355\/","title":{"rendered":"Avion de combat europ\u00e9en : la France r\u00e9clame \u00e0 l&rsquo;Allemagne une participation de 80 % dans le projet"},"content":{"rendered":"<p>\tAvion de combat europ\u00e9en : la France r\u00e9clame \u00e0 l&rsquo;Allemagne une participation de 80 % dans le projet &#8211; Valeurs actuelles<\/p>\n<p><a href=\"https:\/\/www.valeursactuelles.com\/\" rel=\"nofollow noopener\" target=\"_blank\">Accueil<\/a> \u00bb <a href=\"https:\/\/www.valeursactuelles.com\/monde\" rel=\"nofollow noopener\" target=\"_blank\">Monde<\/a> \u00bb Avion de combat europ\u00e9en : la France r\u00e9clame \u00e0 l\u2019Allemagne une participation de 80 % dans le projet<\/p>\n<p>            la boutique <img decoding=\"async\" class=\"lazy\" src=\"https:\/\/www.valeursactuelles.com\/assets\/themes\/krea-theme\/images\/valeurs-actuelles-yellow.svg\" title=\"Valeurs actuelles\"\/><\/p>\n<p>                                                            <img decoding=\"async\" class=\"lazy\" src=\"https:\/\/www.europesays.com\/fr\/wp-content\/uploads\/2025\/06\/VA_HS39_001B.jpg\"\/><\/p>\n<p>                                                    Voir le produit<\/p>\n<p>                                                            <img decoding=\"async\" class=\"lazy\" src=\"https:\/\/www.europesays.com\/fr\/wp-content\/uploads\/2025\/06\/WhatsApp-Image-2024-05-28-a-11.48.56_25edefee-1.jpg\"\/><\/p>\n<p>                                                    Voir le produit<\/p>\n<p>                                                            <img decoding=\"async\" class=\"lazy\" src=\"https:\/\/www.europesays.com\/fr\/wp-content\/uploads\/2025\/06\/SM017_001.jpg\"\/><\/p>\n<p>                                                    Voir le produit<\/p>\n","protected":false},"excerpt":{"rendered":"Avion de combat europ\u00e9en : la France r\u00e9clame \u00e0 l&rsquo;Allemagne une participation de 80 % dans le projet&hellip;\n","protected":false},"author":2,"featured_media":233356,"comment_status":"","ping_status":"","sticky":false,"template":"","format":"standard","meta":{"footnotes":""},"categories":[1587],"tags":[11,672,37,1804,5432,1805,554,1803,1777,674,27,1801,12,1802],"class_list":{"0":"post-233355","1":"post","2":"type-post","3":"status-publish","4":"format-standard","5":"has-post-thumbnail","7":"category-allemagne","8":"tag-actualites","9":"tag-allemagne","10":"tag-avion","11":"tag-bundesrepublik-deutschland","12":"tag-combat","13":"tag-de","14":"tag-defense","15":"tag-deutschland","16":"tag-eu","17":"tag-europe","18":"tag-france","19":"tag-germany","20":"tag-news","21":"tag-republique-federale-dallemagne"},"share_on_mastodon":{"url":"https:\/\/pubeurope.com\/@fr\/114813669750628058","error":""},"_links":{"self":[{"href":"https:\/\/www.europesays.com\/fr\/wp-json\/wp\/v2\/posts\/233355","targetHints":{"allow":["GET"]}}],"collection":[{"href":"https:\/\/www.europesays.com\/fr\/wp-json\/wp\/v2\/posts"}],"about":[{"href":"https:\/\/www.europesays.com\/fr\/wp-json\/wp\/v2\/types\/post"}],"author":[{"embeddable":true,"href":"https:\/\/www.europesays.com\/fr\/wp-json\/wp\/v2\/users\/2"}],"replies":[{"embeddable":true,"href":"https:\/\/www.europesays.com\/fr\/wp-json\/wp\/v2\/comments?post=233355"}],"version-history":[{"count":0,"href":"https:\/\/www.europesays.com\/fr\/wp-json\/wp\/v2\/posts\/233355\/revisions"}],"wp:featuredmedia":[{"embeddable":true,"href":"https:\/\/www.europesays.com\/fr\/wp-json\/wp\/v2\/media\/233356"}],"wp:attachment":[{"href":"https:\/\/www.europesays.com\/fr\/wp-json\/wp\/v2\/media?parent=233355"}],"wp:term":[{"taxonomy":"category","embeddable":true,"href":"https:\/\/www.europesays.com\/fr\/wp-json\/wp\/v2\/categories?post=233355"},{"taxonomy":"post_tag","embeddable":true,"href":"https:\/\/www.europesays.com\/fr\/wp-json\/wp\/v2\/tags?post=233355"}],"curies":[{"name":"wp","href":"https:\/\/api.w.org\/{rel}","templated":true}]}}