{"id":233361,"date":"2025-07-07T19:47:10","date_gmt":"2025-07-07T19:47:10","guid":{"rendered":"https:\/\/www.europesays.com\/fr\/233361\/"},"modified":"2025-07-07T19:47:10","modified_gmt":"2025-07-07T19:47:10","slug":"emmanuel-macron-retrouve-son-pouvoir-de-dissolution-et-tente-deviter-la-disparition","status":"publish","type":"post","link":"https:\/\/www.europesays.com\/fr\/233361\/","title":{"rendered":"Emmanuel Macron retrouve son pouvoir de dissolution et tente d\u2019\u00e9viter la disparition"},"content":{"rendered":"<p><strong>D\u00c9CRYPTAGE <\/strong>&#8211; Recadrage du gouvernement, intervention surprise \u00e0 un meeting partisan, r\u00e9unions sur le budget ou l\u2019entrisme islamiste\u2026 Le chef de l\u2019\u00c9tat s\u2019active de nouveau sur tous les fronts.<\/p>\n<p class=\"fig-paragraph\">Dans l\u2019entourage d\u2019Emmanuel Macron, on appelle \u00e7a pompeusement le \u00ab\u00a0r\u00e9armement institutionnel\u00a0\u00bb. \u00c0 partir de ce lundi 7\u00a0juillet,<a href=\"http:\/\/www.lefigaro.fr\/elections\/legislatives\/dossier\/legislatives-2024-toutes-les-cartes-pour-comprendre-les-resultats-des-elections\" data-fig-type=\"Topic\" data-gtm-custom-categorie=\"navigation\" data-gtm-custom-action=\"crossclick\" data-gtm-custom-label=\"Contextuel\" data-gtm-event=\"customEventSPE\" data-fig-domain=\"LEFIGARO\" target=\"_blank\" rel=\"noopener\">\u00a0date anniversaire du second tour des \u00e9lections l\u00e9gislatives anticip\u00e9es<\/a>\u00a0qu\u2019il a provoqu\u00e9es l\u2019an dernier, le pr\u00e9sident retrouve son pouvoir\u00a0<a href=\"http:\/\/www.lefigaro.fr\/vox\/politique\/la-dissolution-de-l-assemblee-a-acte-une-decomposition-politique-a-l-oeuvre-dans-toutes-les-democraties-europeennes-20250609\" data-fig-type=\"Article\" data-gtm-custom-categorie=\"navigation\" data-gtm-custom-action=\"crossclick\" data-gtm-custom-label=\"Contextuel\" data-gtm-event=\"customEventSPE\" data-fig-domain=\"LEFIGARO\" target=\"_blank\" rel=\"noopener\">de dissoudre l\u2019Assembl\u00e9e nationale<\/a>, selon l\u2019interpr\u00e9tation que font la plupart des constitutionnalistes de l\u2019article\u00a012 du texte fondamental. Loin d\u2019exclure d\u2019embl\u00e9e cette perspective, il compte bien en profiter pour tenter de retrouver un peu d\u2019influence dans le jeu politique national, alors qu\u2019il s\u2019est d\u00e9ploy\u00e9 sur plusieurs fronts ces derniers jours.<\/p>\n<p class=\"fig-paragraph\">Une nouvelle dissolution\u00a0? C\u2019est la hantise de nombre de d\u00e9put\u00e9s, qui labourent leur circonscription en cas de nouveau coup de tonnerre, ce qui vide un peu plus les bancs de l\u2019H\u00e9micycle, y compris lors de votes d\u00e9cisifs. L\u2019opinion publique, elle, est tr\u00e8s partag\u00e9e\u00a0: 50\u00a0% des Fran\u00e7ais souhaitent de nouvelles \u00e9lections l\u00e9gislatives et 50\u00a0% ne les souhaitent pas, selon\u2026<\/p>\n<p class=\"fig-premium-paywall__infos\">\n        Cet article est r\u00e9serv\u00e9 aux abonn\u00e9s.        Il vous reste 86% \u00e0 d\u00e9couvrir.\n    <\/p>\n<p>                <img  data- alt=\"Le Figaro\" class=\"fig-img--complete fig-img\"\/><\/p>\n<p class=\"fig-premium-paywall__title\">Vous avez envie de lire la suite ?<\/p>\n<p class=\"fig-premium-paywall__subtitle\">D\u00e9bloquez tous les articles imm\u00e9diatement.<\/p>\n<p class=\"fig-premium-paywall__connect\">\n                D\u00e9j\u00e0 abonn\u00e9\u00a0?                <a class=\"fig-premium-paywall__connect-link\" href=\"https:\/\/connect.lefigaro.fr\/login?client=horizon_web&amp;type=main&amp;redirect_uri=https%3A%2F%2Fwww.lefigaro.fr%2Fpolitique%2Femmanuel-macron-retrouve-son-pouvoir-de-dissolution-et-tente-d-eviter-la-disparition-20250707\" data-js-gtm=\"{&quot;customCategorie&quot;: &quot;conversion&quot;, &quot;customAction&quot;: &quot;before_Landing_Connexion_paywall_auto&quot;, &quot;customLabel&quot;: &quot;bGVmaWdhcm8uZnJfXzFmMDViMmJlLWY3MTQtNjJmMi05N2JmLTdiZmM1M2I2OWFiNl9fQXJ0aWNsZQ==_Emmanuel Macron retrouve son pouvoir de dissolution et tente d\u2019\u00e9viter la disparition_374&quot;, &quot;customIDSPE&quot;: &quot;bGVmaWdhcm8uZnJfXzFmMDViMmJlLWY3MTQtNjJmMi05N2JmLTdiZmM1M2I2OWFiNl9fQXJ0aWNsZQ==&quot;, &quot;event&quot;: &quot;customEventSPE&quot;}\" target=\"_blank\" rel=\"noopener\"><br \/>\n                    Connectez-vous<br \/>\n                <\/a>\n            <\/p>\n","protected":false},"excerpt":{"rendered":"D\u00c9CRYPTAGE &#8211; Recadrage du gouvernement, intervention surprise \u00e0 un meeting partisan, r\u00e9unions sur le budget ou l\u2019entrisme islamiste\u2026&hellip;\n","protected":false},"author":2,"featured_media":233362,"comment_status":"","ping_status":"","sticky":false,"template":"","format":"standard","meta":{"footnotes":""},"categories":[2],"tags":[11,13281,1073,1011,27,12,25],"class_list":{"0":"post-233361","1":"post","2":"type-post","3":"status-publish","4":"format-standard","5":"has-post-thumbnail","7":"category-actualites","8":"tag-actualites","9":"tag-dissolution-de-lassemblee-nationale","10":"tag-emmanuel-macron","11":"tag-fr","12":"tag-france","13":"tag-news","14":"tag-republique-francaise"},"share_on_mastodon":{"url":"https:\/\/pubeurope.com\/@fr\/114813681450054637","error":""},"_links":{"self":[{"href":"https:\/\/www.europesays.com\/fr\/wp-json\/wp\/v2\/posts\/233361","targetHints":{"allow":["GET"]}}],"collection":[{"href":"https:\/\/www.europesays.com\/fr\/wp-json\/wp\/v2\/posts"}],"about":[{"href":"https:\/\/www.europesays.com\/fr\/wp-json\/wp\/v2\/types\/post"}],"author":[{"embeddable":true,"href":"https:\/\/www.europesays.com\/fr\/wp-json\/wp\/v2\/users\/2"}],"replies":[{"embeddable":true,"href":"https:\/\/www.europesays.com\/fr\/wp-json\/wp\/v2\/comments?post=233361"}],"version-history":[{"count":0,"href":"https:\/\/www.europesays.com\/fr\/wp-json\/wp\/v2\/posts\/233361\/revisions"}],"wp:featuredmedia":[{"embeddable":true,"href":"https:\/\/www.europesays.com\/fr\/wp-json\/wp\/v2\/media\/233362"}],"wp:attachment":[{"href":"https:\/\/www.europesays.com\/fr\/wp-json\/wp\/v2\/media?parent=233361"}],"wp:term":[{"taxonomy":"category","embeddable":true,"href":"https:\/\/www.europesays.com\/fr\/wp-json\/wp\/v2\/categories?post=233361"},{"taxonomy":"post_tag","embeddable":true,"href":"https:\/\/www.europesays.com\/fr\/wp-json\/wp\/v2\/tags?post=233361"}],"curies":[{"name":"wp","href":"https:\/\/api.w.org\/{rel}","templated":true}]}}