{"id":233367,"date":"2025-07-07T19:52:11","date_gmt":"2025-07-07T19:52:11","guid":{"rendered":"https:\/\/www.europesays.com\/fr\/233367\/"},"modified":"2025-07-07T19:52:11","modified_gmt":"2025-07-07T19:52:11","slug":"un-an-apres-les-affaires-comment-les-bleus-vivent-ils-la-tournee-en-nouvelle-zelande","status":"publish","type":"post","link":"https:\/\/www.europesays.com\/fr\/233367\/","title":{"rendered":"un an apr\u00e8s les affaires, comment les Bleus vivent-ils la tourn\u00e9e en Nouvelle-Z\u00e9lande\u00a0?"},"content":{"rendered":"\n<p>Escorte par le RAID, r\u00e8gles de vie\u00a0: un an apr\u00e8s les affaires, comment les Bleus vivent-ils la tourn\u00e9e en Nouvelle-Z\u00e9lande\u00a0?<\/p>\n<p>Un an jour pour jour apr\u00e8s les affaires Jaminet et Auradou-Jegou en Argentine, l&rsquo;\u00e9quipe de France se retrouve en tourn\u00e9e en Nouvelle-Z\u00e9lande avec un cadre de vie resserr\u00e9, \u00e9prouv\u00e9 par la saison \u00e9coul\u00e9e, et cette fois escort\u00e9 par le RAID, l&rsquo;unit\u00e9 d&rsquo;\u00e9lite de la police fran\u00e7aise.<\/p>\n","protected":false},"excerpt":{"rendered":"Escorte par le RAID, r\u00e8gles de vie\u00a0: un an apr\u00e8s les affaires, comment les Bleus vivent-ils la tourn\u00e9e&hellip;\n","protected":false},"author":2,"featured_media":233368,"comment_status":"","ping_status":"","sticky":false,"template":"","format":"standard","meta":{"footnotes":""},"categories":[1416],"tags":[1011,27,479,1468,60],"class_list":{"0":"post-233367","1":"post","2":"type-post","3":"status-publish","4":"format-standard","5":"has-post-thumbnail","7":"category-rugby","8":"tag-fr","9":"tag-france","10":"tag-rugby","11":"tag-rugby-football","12":"tag-sports"},"share_on_mastodon":{"url":"https:\/\/pubeurope.com\/@fr\/114813700997566562","error":""},"_links":{"self":[{"href":"https:\/\/www.europesays.com\/fr\/wp-json\/wp\/v2\/posts\/233367","targetHints":{"allow":["GET"]}}],"collection":[{"href":"https:\/\/www.europesays.com\/fr\/wp-json\/wp\/v2\/posts"}],"about":[{"href":"https:\/\/www.europesays.com\/fr\/wp-json\/wp\/v2\/types\/post"}],"author":[{"embeddable":true,"href":"https:\/\/www.europesays.com\/fr\/wp-json\/wp\/v2\/users\/2"}],"replies":[{"embeddable":true,"href":"https:\/\/www.europesays.com\/fr\/wp-json\/wp\/v2\/comments?post=233367"}],"version-history":[{"count":0,"href":"https:\/\/www.europesays.com\/fr\/wp-json\/wp\/v2\/posts\/233367\/revisions"}],"wp:featuredmedia":[{"embeddable":true,"href":"https:\/\/www.europesays.com\/fr\/wp-json\/wp\/v2\/media\/233368"}],"wp:attachment":[{"href":"https:\/\/www.europesays.com\/fr\/wp-json\/wp\/v2\/media?parent=233367"}],"wp:term":[{"taxonomy":"category","embeddable":true,"href":"https:\/\/www.europesays.com\/fr\/wp-json\/wp\/v2\/categories?post=233367"},{"taxonomy":"post_tag","embeddable":true,"href":"https:\/\/www.europesays.com\/fr\/wp-json\/wp\/v2\/tags?post=233367"}],"curies":[{"name":"wp","href":"https:\/\/api.w.org\/{rel}","templated":true}]}}