{"id":233369,"date":"2025-07-07T19:53:10","date_gmt":"2025-07-07T19:53:10","guid":{"rendered":"https:\/\/www.europesays.com\/fr\/233369\/"},"modified":"2025-07-07T19:53:10","modified_gmt":"2025-07-07T19:53:10","slug":"resultat-ekaterina-alexandrova-belinda-bencic-lequipe","status":"publish","type":"post","link":"https:\/\/www.europesays.com\/fr\/233369\/","title":{"rendered":"R\u00e9sultat : Ekaterina Alexandrova &#8211; Belinda Bencic &#8211; L&#039;\u00c9quipe"},"content":{"rendered":"<ol>\n<li><a href=\"https:\/\/news.google.com\/rss\/articles\/CBMizgFBVV95cUxPZjE5ZExPd1pYaG5lWHNoLWNmdzdVeGpLUjk0MUM3VTBUTWp3WlVrOWVRM0kyWUIyYXg5RUFvN3RwaDVURXVwOTNzZ1JRSXkyUEQxVC1RUlAwUTlnd2NPc2ZQWDF4QXRqbnlxQ2p0RXdvLUFkMXRlc3lHZXFiTHJ2TldZVlk3TkZ0MjltYzIweUFGdk8wMGNQZFNtX2pyeEo1RjZtZS1JSkZhWUk5aEZnRUFoc0F3ZUw1a2duXzRJV0VKYWJGMDlhcFFlTlRzUQ?oc=5\" target=\"_blank\" rel=\"nofollow noopener\">R\u00e9sultat : Ekaterina Alexandrova &#8211; Belinda Bencic<\/a>&nbsp;&nbsp;L&rsquo;\u00c9quipe<\/li>\n<li><a href=\"https:\/\/news.google.com\/rss\/articles\/CBMikwFBVV95cUxQZ2ZuNUd5Q1hNcFVMQnQ2TURTNmNlR0JLazFDd2NxQXlia2tkYTlmUWR4LVFqblZua3FoeUEzU1J3dmRpVkw4bWY5TjZEdVBsZ0U4amI3b3VtM05GMHhKenFjWm9teUhQSDhxdkdqU3hUMkU0YW5WY0k4dWc5Sk1lZDVyREd5MzExLUhwUGpxakhOWmc?oc=5\" target=\"_blank\" rel=\"nofollow noopener\">Espagne (F) 6-2 Belgique (F), Euro f\u00e9minin : r\u00e9sum\u00e9 du match (07\/07\/2025)<\/a>&nbsp;&nbsp;L&rsquo;\u00c9quipe<\/li>\n<li><a href=\"https:\/\/news.google.com\/rss\/articles\/CBMisAFBVV95cUxQZVZfQUF2dGdTSlh6MFlobHZ4a21MUVNYSDRIV1ZiRmpvem1pRWhyM0xqR1NKUnl3WUtCNG1OMDNfa01qcTNpVnRSZDRGYlZxMVdHZkV2LWU3YUVST1RKeFg3SHFhQ25Hb0ttbnVwM0J4T3RHQVlxb3ZTQklVN0NOaUlOUnNidXE0akoyZUh3czljSmtnX0lvWjhlWm5nV1JoVzV5WnVKcGg0c3ZRaGxBeQ?oc=5\" target=\"_blank\" rel=\"nofollow noopener\">France &#8211; Angleterre (Euro de football f\u00e9minin)<\/a>&nbsp;&nbsp;TF1+<\/li>\n<li><a href=\"https:\/\/news.google.com\/rss\/articles\/CBMikwFBVV95cUxOcDJ4SWpKcmVwSE04LXhmcU83b0pHWkpRVTRiQ0E0TXp1UlN4N0ptanRQOVhocHNCNUNJNzh1SDNKekZDUWw0MHF5MnlYOW1Tem5ocWFpbURVRk9nM3NPUWw0ZFpOSXdNZTFsMkR2NVVRSzhCU2ZjbF8yYjZ3S0JBaVdUYXdMNDNxZFlGQUJXazNUWE0?oc=5\" target=\"_blank\" rel=\"nofollow noopener\">G\u00e9raldine Reuteler, la p\u00e9pite d\u2019une g\u00e9n\u00e9ration dor\u00e9e<\/a>&nbsp;&nbsp;Le Temps<\/li>\n<li><a href=\"https:\/\/news.google.com\/rss\/articles\/CBMiswFBVV95cUxQUjJ2TFg3VW9hUExPR0RCdE1tTXl6ZHJnYUkta1lYbTB6QzFBSXBZUWh1RGdwQjRfbEFvblR1MGNBbUwwbFJDUWFYRlNiVjBnSFdnVTRPOHJ4MmpQNWlITlI3bXF5MlF2TExzMTRlSE1QSlJZMENQSUdlZ2hUUFFPZmlBUU9rOTFZRU12SmJHcEgwYmowQjdFTVFkUmZHNUx2NnJGWV80MjRDU2Viall2N1dDbw?oc=5\" target=\"_blank\" rel=\"nofollow noopener\">Compos probables de l&rsquo;EURO f\u00e9minin 2025<\/a>&nbsp;&nbsp;UEFA.com<\/li>\n<\/ol>\n","protected":false},"excerpt":{"rendered":"R\u00e9sultat : Ekaterina Alexandrova &#8211; Belinda Bencic&nbsp;&nbsp;L&rsquo;\u00c9quipe Espagne (F) 6-2 Belgique (F), Euro f\u00e9minin : r\u00e9sum\u00e9 du match&hellip;\n","protected":false},"author":2,"featured_media":218175,"comment_status":"","ping_status":"","sticky":false,"template":"","format":"standard","meta":{"footnotes":""},"categories":[1415],"tags":[1011,27,60,1467],"class_list":{"0":"post-233369","1":"post","2":"type-post","3":"status-publish","4":"format-standard","5":"has-post-thumbnail","7":"category-tennis","8":"tag-fr","9":"tag-france","10":"tag-sports","11":"tag-tennis"},"share_on_mastodon":{"url":"https:\/\/pubeurope.com\/@fr\/114813704895632109","error":""},"_links":{"self":[{"href":"https:\/\/www.europesays.com\/fr\/wp-json\/wp\/v2\/posts\/233369","targetHints":{"allow":["GET"]}}],"collection":[{"href":"https:\/\/www.europesays.com\/fr\/wp-json\/wp\/v2\/posts"}],"about":[{"href":"https:\/\/www.europesays.com\/fr\/wp-json\/wp\/v2\/types\/post"}],"author":[{"embeddable":true,"href":"https:\/\/www.europesays.com\/fr\/wp-json\/wp\/v2\/users\/2"}],"replies":[{"embeddable":true,"href":"https:\/\/www.europesays.com\/fr\/wp-json\/wp\/v2\/comments?post=233369"}],"version-history":[{"count":0,"href":"https:\/\/www.europesays.com\/fr\/wp-json\/wp\/v2\/posts\/233369\/revisions"}],"wp:featuredmedia":[{"embeddable":true,"href":"https:\/\/www.europesays.com\/fr\/wp-json\/wp\/v2\/media\/218175"}],"wp:attachment":[{"href":"https:\/\/www.europesays.com\/fr\/wp-json\/wp\/v2\/media?parent=233369"}],"wp:term":[{"taxonomy":"category","embeddable":true,"href":"https:\/\/www.europesays.com\/fr\/wp-json\/wp\/v2\/categories?post=233369"},{"taxonomy":"post_tag","embeddable":true,"href":"https:\/\/www.europesays.com\/fr\/wp-json\/wp\/v2\/tags?post=233369"}],"curies":[{"name":"wp","href":"https:\/\/api.w.org\/{rel}","templated":true}]}}