{"id":233374,"date":"2025-07-07T19:57:11","date_gmt":"2025-07-07T19:57:11","guid":{"rendered":"https:\/\/www.europesays.com\/fr\/233374\/"},"modified":"2025-07-07T19:57:11","modified_gmt":"2025-07-07T19:57:11","slug":"bryan-coquard-est-il-vraiment-responsable-de-la-chute-et-de-labandon-de-jasper-philipsen","status":"publish","type":"post","link":"https:\/\/www.europesays.com\/fr\/233374\/","title":{"rendered":"Bryan Coquard est-il vraiment responsable de la chute et de l\u2019abandon de Jasper Philipsen\u00a0?"},"content":{"rendered":"<p>Les adeptes des siestes lors des \u00e9tapes du <a href=\"https:\/\/www.20minutes.fr\/sport\/tour-de-france\/\" target=\"_blank\" class=\"color-ultramarine c-link\" rel=\"noopener\">Tour de France<\/a> ont peut-\u00eatre trouv\u00e9 leur Sainte Trinit\u00e9, ce lundi. <a href=\"https:\/\/www.20minutes.fr\/sport\/cyclisme\/tour-de-france\/4162319-20250707-direct-tour-france-2025-3e-etape-sprinteurs-nouveau-fete-route-dunkerque-suivez-etape\" target=\"_blank\" class=\"color-ultramarine c-link\" rel=\"noopener\">Une \u00e9tape entre Valenciennes et Dunkerque toute plate<\/a>, au lendemain d\u2019un week-end qui a laiss\u00e9 des marques, pas d\u2019\u00e9chapp\u00e9e, un d\u00e9but de course couru \u00e0 moins de 40\u00a0km\/h. Le roupillon du d\u00e9but d\u2019apr\u00e8s-midi s\u2019est vite transform\u00e9 en sieste durable, o\u00f9 le filet de bave est m\u00eame venu s\u2019\u00e9chouer sur le coussin du canap\u00e9.<\/p>\n<p>Mais le voyage au pays des songes s\u2019est brusquement stopp\u00e9 \u00e0 soixante kilom\u00e8tres de l\u2019arriv\u00e9e, au niveau du sprint interm\u00e9diaire d\u2019Isbergues, qui devait \u00eatre le seul petit point d\u2019excitation avant l\u2019arriv\u00e9e dans la cit\u00e9 de Jean Bart. Apr\u00e8s avoir fait tournicoter leurs jambes pendant plus de cent bornes, les sprinteurs avaient envie d\u2019en d\u00e9coudre pour marquer de gros points au classement du maillot vert, <a href=\"https:\/\/www.20minutes.fr\/sport\/cyclisme\/tour-de-france\/4162037-20250705-direct-tour-france-2025-girmay-philipsen-tous-sprinteurs-fond-emparer-premier-maillot-jaune-suivez-etape\" target=\"_blank\" class=\"color-ultramarine c-link\" rel=\"noopener\">domin\u00e9 par Jasper Philipsen<\/a>.<\/p>\n<p>\u00ab\u00a0J\u2019\u00e9tais juste dans la roue de Milan\u00a0\u00bb<\/p>\n<p>Victorieux de la premi\u00e8re \u00e9tape et maillot jaune \u00e0 Lille, le Belge \u00e9tait encore le grand favori pour le sprint pr\u00e9vu \u00e0 Dunkerque. Sauf qu\u2019il n\u2019a jamais pu voir la ligne d\u2019arriv\u00e9e. Ni m\u00eame celle du sprint interm\u00e9diaire, fauch\u00e9 en plein vol au moment de faire chauffer ses grosses cuisses \u00e0 Isbergues. Celui qui a remport\u00e9 trois \u00e9tapes sur la Grande Boucle l\u2019ann\u00e9e derni\u00e8re n\u2019a pu \u00e9viter l\u2019embard\u00e9e de Bryan Coquard, d\u00e9s\u00e9quilibr\u00e9 lui-m\u00eame par Lorenz Rex.<\/p>\n<blockquote class=\"twitter-tweet\" align=\"center\" data-lang=\"fr_FR\">\n<p lang=\"fr\" dir=\"ltr\">\ud83d\ude2e La chute terrible de Jasper Philipsen ! Le maillot vert abandonne apr\u00e8s \u00eatre tomb\u00e9 lourdement lors du sprint interm\u00e9diaire sur cette 3e \u00e9tape du Tour de France <a href=\"https:\/\/twitter.com\/hashtag\/LesRP?src=hash&amp;ref_src=twsrc%5Etfw\" target=\"_blank\" rel=\"noopener\">#LesRP<\/a> <a href=\"https:\/\/twitter.com\/hashtag\/TDF2025?src=hash&amp;ref_src=twsrc%5Etfw\" target=\"_blank\" rel=\"noopener\">#TDF2025<\/a> <a href=\"https:\/\/t.co\/FbqRqMuWfd\">pic.twitter.com\/FbqRqMuWfd<\/a><\/p>\n<p>\u2014 Eurosport France (@Eurosport_FR) <a href=\"https:\/\/twitter.com\/Eurosport_FR\/status\/1942230138126533060?ref_src=twsrc%5Etfw\" target=\"_blank\" rel=\"noopener\">July 7, 2025<\/a><\/p><\/blockquote>\n<p class=\"mb-xxl@xs color-ultramarine font-weight-semi-bold@xs font-source-serif-pro heading-s@xs\">L\u2019acc\u00e8s \u00e0 ce contenu a \u00e9t\u00e9 bloqu\u00e9 afin de respecter votre choix de consentement<\/p>\n<p class=\"mb-m@xs text-l@xs\">En cliquant sur\u00ab J\u2019accepte \u00bb, vous acceptez le d\u00e9p\u00f4t de cookies par des services externes et aurez ainsi acc\u00e8s aux contenus de nos partenaires.<\/p>\n<p class=\"mb-xl@xs text-s@xs\">Plus d\u2019informations sur la page<a href=\"https:\/\/www.20minutes.fr\/gestion-cookies\" class=\"mx-xxs@xs color-ultramarine\" target=\"_blank\" rel=\"noopener\">Politique de gestion des cookies<\/a><\/p>\n<p>J\u2019accepte<\/p>\n<p>Il n\u2019a pas fallu bien longtemps pour comprendre que Jasper Philipsen, tomb\u00e9 au niveau de l\u2019omoplate, le maillot d\u00e9chir\u00e9, n\u2019allait pas pouvoir continuer la course. Ses co\u00e9quipiers, \u00e0 son chevet, sont repartis fissa et le Belge a vite \u00e9t\u00e9 mis sur le bas-c\u00f4t\u00e9 pour \u00eatre vu par les m\u00e9decins avant d\u2019\u00eatre emport\u00e9 par une ambulance. Une action qui a valu au Fran\u00e7ais les remontrances tr\u00e8s vertes de Jonas Rickaert, le co\u00e9quipier de Philipsen, \u00e9nerv\u00e9 d\u2019avoir perdu l\u2019un de ses leadeurs.<\/p>\n<p>Mais, dans les faits, Bryan Coquard est-il vraiment responsable de la chute de Jasper Philipsen\u00a0? \u00ab\u00a0Sur le moment, je ne sais pas ce qu\u2019il s\u2019est pass\u00e9, a comment\u00e9 <a href=\"https:\/\/www.20minutes.fr\/sport\/cyclisme\/tour-de-france\/4162389-20250707-tour-france-2025-course-contre-montre-cofidis-partenaires-remplacer-velos-voles\" target=\"_blank\" class=\"color-ultramarine c-link\" rel=\"noopener\">le coureur de la Cofidis<\/a> \u00e0 l\u2019arriv\u00e9e. J\u2019ai l\u2019impression que Milan lance son sprint, peut-\u00eatre que ma roue avant touche son d\u00e9railleur ou Rex qui me d\u00e9s\u00e9quilibre, je n\u2019en sais vraiment rien, ce n\u2019\u00e9tait pas mon intention de cr\u00e9er une chute, je ne voulais pas prendre de risque, j\u2019\u00e9tais juste dans la roue de Milan.\u00a0\u00bb<\/p>\n<p>Un encha\u00eenement de petits d\u00e9tails<\/p>\n<p>Jonathan Milan, deuxi\u00e8me \u00e0 l\u2019arriv\u00e9e derri\u00e8re Tim Merlier, \u00e9tait alors lanc\u00e9 pour le sprint interm\u00e9diaire par son co\u00e9quipier Simone Consonni (ancien de la Cofidis). Sauf que ce dernier, avec un petit coup d\u2019\u0153il derri\u00e8re lui, a chang\u00e9 un poil sa trajectoire, ce qui a oblig\u00e9 Milan \u00e0 se d\u00e9caler un peu plus \u00e0 droite pour le d\u00e9passer et donc Coquard \u00e0 faire un petit \u00e9cart pour \u00e9viter l\u2019Italien. Mais avec un mouvement un peu brusque, le Tricolore s\u2019est retrouv\u00e9 \u00e0 toucher l\u2019avant du v\u00e9lo de Lorenz Rex, situ\u00e9 sur sa droite, ce qui lui a fait compl\u00e8tement perdre les p\u00e9dales, jusqu\u2019\u00e0 finir sur le cadre du v\u00e9lo.<\/p>\n<\/p>\n<p>\u00ab\u00a0Faire abandonner le maillot vert, \u00e7a ne fait pas plaisir, expliquait Coquard, tr\u00e8s \u00e9mu, les larmes aux yeux. Je tiens \u00e0 m\u2019excuser aupr\u00e8s de Philipsen, m\u00eame si ce n\u2019\u00e9tait pas volontaire [il le r\u00e9p\u00e8te \u00e0 plusieurs reprises]. <a href=\"https:\/\/www.20minutes.fr\/sport\/cyclisme\/tour-de-france\/4161596-20250704-tour-france-2025-pressions-tous-cotes-bryan-coquard-difficile-tache-etre-francais-tour\" target=\"_blank\" class=\"color-ultramarine c-link\" rel=\"noopener\">M\u00eame si je ne suis pas un mauvais bougre, un mauvais gar\u00e7on<\/a>, ce n\u2019est pas agr\u00e9able.\u00a0\u00bb C\u00e9dric Vasseur, le manageur de la Cofidis est m\u00eame venu \u00e0 sa d\u00e9fense, sur le plateau de France 2 apr\u00e8s l\u2019\u00e9tape\u00a0:<\/p>\n<blockquote class=\"mx-m@xs mx-xxl@md color-ultramarine c-citation\">\n<p class=\"font-weight-regular@xs text-italic font-source-serif-pro text-l@xs c-citation__content\">\u00ab\u00a0\u00ab\u00a0Bryan est compl\u00e8tement d\u00e9stabilis\u00e9 et est miracul\u00e9 de rester sur son v\u00e9lo. Il d\u00e9chausse compl\u00e8tement dans ce mouvement et Philipsen est d\u00e9stabilis\u00e9.\u00a0\u00bb\u00a0\u00bb<\/p>\n<\/blockquote>\n<p>Un soleil pour Coquard \u00e0 l\u2019arriv\u00e9e<\/p>\n<p>D\u00e9stabilis\u00e9, Bryan Coquard l\u2019a aussi \u00e9t\u00e9, dans une moindre mesure, apr\u00e8s ce fait de course, dans les 60 derniers kilom\u00e8tres qui amenaient les coureurs jusqu\u2019\u00e0 Dunkerque. On a vu le coureur de la Cofidis longtemps \u00e0 l\u2019arri\u00e8re du peloton, en discussion notamment avec <a href=\"https:\/\/www.20minutes.fr\/sport\/julian-alaphilippe\/\" target=\"_blank\" class=\"color-ultramarine c-link\" rel=\"noopener\">Julian Alaphilippe<\/a>, sans doute pour revenir sur l\u2019incident. D\u00e9stabilis\u00e9 au point de ne pas savoir s\u2019il allait se m\u00ealer de nouveau aux grosses cuisses pour l\u2019emballage final.<\/p>\n<p>\u00ab\u00a0Je ne voulais pas vraiment faire le sprint final et je me suis remobilis\u00e9\u00a0\u00bb, a indiqu\u00e9 le Fran\u00e7ais. Et puis, nouvelle chute. Un peu derri\u00e8re Tim Merlier et Jonathan Milan qui se battaient pour la victoire, Coquard a \u00e9t\u00e9 pris dans un nouvel incident, dont il n\u2019est en rien responsable, qui lui a fait faire un \u00e9norme soleil pour retomber sur le bas du dos. \u00ab\u00a0J\u2019ai mal partout\u00a0\u00bb, a-t-il confi\u00e9. Vraiment une journ\u00e9e \u00e0 oublier.<\/p>\n<p><script async src=\"https:\/\/platform.twitter.com\/widgets.js\" charset=\"utf-8\"><\/script><\/p>\n","protected":false},"excerpt":{"rendered":"Les adeptes des siestes lors des \u00e9tapes du Tour de France ont peut-\u00eatre trouv\u00e9 leur Sainte Trinit\u00e9, ce&hellip;\n","protected":false},"author":2,"featured_media":233375,"comment_status":"","ping_status":"","sticky":false,"template":"","format":"standard","meta":{"footnotes":""},"categories":[1411],"tags":[36937,1154,207,1011,27,517,60,14040,210],"class_list":{"0":"post-233374","1":"post","2":"type-post","3":"status-publish","4":"format-standard","5":"has-post-thumbnail","7":"category-cyclisme","8":"tag-cofidis","9":"tag-cycling","10":"tag-cyclisme","11":"tag-fr","12":"tag-france","13":"tag-sport","14":"tag-sports","15":"tag-sprint","16":"tag-tour-de-france"},"share_on_mastodon":{"url":"https:\/\/pubeurope.com\/@fr\/114813720527780763","error":""},"_links":{"self":[{"href":"https:\/\/www.europesays.com\/fr\/wp-json\/wp\/v2\/posts\/233374","targetHints":{"allow":["GET"]}}],"collection":[{"href":"https:\/\/www.europesays.com\/fr\/wp-json\/wp\/v2\/posts"}],"about":[{"href":"https:\/\/www.europesays.com\/fr\/wp-json\/wp\/v2\/types\/post"}],"author":[{"embeddable":true,"href":"https:\/\/www.europesays.com\/fr\/wp-json\/wp\/v2\/users\/2"}],"replies":[{"embeddable":true,"href":"https:\/\/www.europesays.com\/fr\/wp-json\/wp\/v2\/comments?post=233374"}],"version-history":[{"count":0,"href":"https:\/\/www.europesays.com\/fr\/wp-json\/wp\/v2\/posts\/233374\/revisions"}],"wp:featuredmedia":[{"embeddable":true,"href":"https:\/\/www.europesays.com\/fr\/wp-json\/wp\/v2\/media\/233375"}],"wp:attachment":[{"href":"https:\/\/www.europesays.com\/fr\/wp-json\/wp\/v2\/media?parent=233374"}],"wp:term":[{"taxonomy":"category","embeddable":true,"href":"https:\/\/www.europesays.com\/fr\/wp-json\/wp\/v2\/categories?post=233374"},{"taxonomy":"post_tag","embeddable":true,"href":"https:\/\/www.europesays.com\/fr\/wp-json\/wp\/v2\/tags?post=233374"}],"curies":[{"name":"wp","href":"https:\/\/api.w.org\/{rel}","templated":true}]}}