{"id":233380,"date":"2025-07-07T20:00:39","date_gmt":"2025-07-07T20:00:39","guid":{"rendered":"https:\/\/www.europesays.com\/fr\/233380\/"},"modified":"2025-07-07T20:00:39","modified_gmt":"2025-07-07T20:00:39","slug":"les-convictions-bien-arretees-de-jean-nouvel","status":"publish","type":"post","link":"https:\/\/www.europesays.com\/fr\/233380\/","title":{"rendered":"les convictions bien arr\u00eat\u00e9es de Jean Nouvel"},"content":{"rendered":"<p>C\u2019est simplement le plus connu des architectes fran\u00e7ais, pas seulement pour sa tenue noire et son cr\u00e2ne poli. Le premier \u00e0 avoir d\u00e9croch\u00e9 le prestigieux Pritzker Prize, le Nobel de l\u2019architecture. Aucun des b\u00e2timents qu\u2019il a con\u00e7us et construits, dont un certain nombre dans son Aquitaine, n\u2019a laiss\u00e9 indiff\u00e9rent, souvent applaudi ou imit\u00e9, parfois houspill\u00e9, jamais \u00e9gal\u00e9. Pas de quoi l\u2019abattre. <a href=\"https:\/\/www.sudouest.fr\/culture\/jean-nouvel-la-star-mondiale-de-l-architecture-aux-racines-perigourdines-13695264.php\" target=\"_blank\" rel=\"follow nofollow noopener\">Jean Nouvel<\/a>, natif de Fumel (47) et enfant \u00e0 Sarlat (24), est un vrai Gascon.<\/p>\n<p>\u00ab\u00a0On n\u2019est pas n\u00e9 dans la ville d\u2019\u00c9tienne de la Bo\u00e9tie et dans le pays de d\u2019Artagnan pour oublier ses convictions mais au contraire pour les d\u00e9fendre bec et ongles\u00a0\u00bb, affirme-t-il dans son livre, pr\u00e9cis\u00e9ment intitul\u00e9 \u00ab\u00a0Mes convictions\u00a0\u00bb.<\/p>\n<p>L\u2019ouvrage est un recueil de notes, de textes po\u00e9tiques, de souvenirs personnels et de r\u00e9flexions th\u00e9oriques qui dessinent, avec un vrai talent d\u2019\u00e9criture, un pionnier qui a influenc\u00e9 et form\u00e9 plusieurs g\u00e9n\u00e9rations\u00a0: \u00ab\u00a0J\u2019aime que les architectures soient intelligentes et caract\u00e9ris\u00e9es\u2026 J\u2019assume les ruptures et je suis le champion du pluralisme.\u00a0\u00bb Si Nouvel n\u2019est pas toujours facile \u00e0 suivre, il ass\u00e8ne aussi des v\u00e9rit\u00e9s simples \u00e0 comprendre\u00a0: \u00ab\u00a0Pourquoi un logement social devrait-il \u00eatre \u00e9triqu\u00e9 et inconfortable\u00a0? Un bel appartement est un grand appartement. Une belle pi\u00e8ce est une grande pi\u00e8ce.\u00a0\u00bb<\/p>\n<p>        <img decoding=\"async\" id=\"25085869\" src=\"https:\/\/www.europesays.com\/fr\/wp-content\/uploads\/2025\/07\/9782080462497.jpg\" itemprop=\"contentURL\"\/><\/p>\n<p>    La passion des arts<\/p>\n<p>\u00ab\u00a0Mes convictions\u00a0\u00bb n\u2019a rien d\u2019une autobiographie qu\u2019on pourrait attendre de la part d\u2019un architecte de bient\u00f4t 80\u00a0ans qui a laiss\u00e9 sa marque, aussi bien dans sa ville d\u2019enfance que<a href=\"https:\/\/www.radiofrance.fr\/franceinter\/podcasts\/l-interview-de-9h20\/l-itw-de-9h20-du-mardi-24-juin-2025-2443170\" target=\"_blank\" rel=\"nofollow noopener\"> partout dans le monde<\/a>. Jean Nouvel a encore trop \u00e0 dire, trop \u00e0 b\u00e2tir, lui qui doit se d\u00e9fendre d\u2019accusations de mauvaise gestion alors que l\u2019argent l\u2019int\u00e9resse si peu.<\/p>\n<p>Un livre qui rappelle \u00e0 quel point l\u2019homme est cultiv\u00e9, passionn\u00e9 par les arts, la musique et la litt\u00e9rature, sans lesquels son architecture serait s\u00fbrement plus banale. C\u2019est d\u2019ailleurs de l\u2019\u00e9crivain argentin Jorge Luis Borges qu\u2019il s\u2019inspire pour assurer qu\u2019il fait de l\u2019architecture \u00ab\u00a0avec le s\u00e9rieux d\u2019un enfant qui s\u2019amuse\u00a0\u00bb.<\/p>\n<p>\u00ab<a href=\"https:\/\/editions.flammarion.com\/mes-convictions\/9782080462497\" target=\"_blank\" rel=\"nofollow noopener\">\u00a0Mes convictions\u00a0\u00bb, de Jean Nouvel, \u00e9d. Flammarion<\/a>, 390 p., 24\u00a0\u20ac, ebook 15,99\u00a0\u20ac.<\/p>\n","protected":false},"excerpt":{"rendered":"C\u2019est simplement le plus connu des architectes fran\u00e7ais, pas seulement pour sa tenue noire et son cr\u00e2ne poli.&hellip;\n","protected":false},"author":2,"featured_media":233381,"comment_status":"","ping_status":"","sticky":false,"template":"","format":"standard","meta":{"footnotes":""},"categories":[1358],"tags":[1348,1384,1385,1386,58,59,1011,27],"class_list":{"0":"post-233380","1":"post","2":"type-post","3":"status-publish","4":"format-standard","5":"has-post-thumbnail","7":"category-arts-et-design","8":"tag-arts","9":"tag-arts-and-design","10":"tag-arts-et-design","11":"tag-design","12":"tag-divertissement","13":"tag-entertainment","14":"tag-fr","15":"tag-france"},"share_on_mastodon":{"url":"https:\/\/pubeurope.com\/@fr\/114813732619813569","error":""},"_links":{"self":[{"href":"https:\/\/www.europesays.com\/fr\/wp-json\/wp\/v2\/posts\/233380","targetHints":{"allow":["GET"]}}],"collection":[{"href":"https:\/\/www.europesays.com\/fr\/wp-json\/wp\/v2\/posts"}],"about":[{"href":"https:\/\/www.europesays.com\/fr\/wp-json\/wp\/v2\/types\/post"}],"author":[{"embeddable":true,"href":"https:\/\/www.europesays.com\/fr\/wp-json\/wp\/v2\/users\/2"}],"replies":[{"embeddable":true,"href":"https:\/\/www.europesays.com\/fr\/wp-json\/wp\/v2\/comments?post=233380"}],"version-history":[{"count":0,"href":"https:\/\/www.europesays.com\/fr\/wp-json\/wp\/v2\/posts\/233380\/revisions"}],"wp:featuredmedia":[{"embeddable":true,"href":"https:\/\/www.europesays.com\/fr\/wp-json\/wp\/v2\/media\/233381"}],"wp:attachment":[{"href":"https:\/\/www.europesays.com\/fr\/wp-json\/wp\/v2\/media?parent=233380"}],"wp:term":[{"taxonomy":"category","embeddable":true,"href":"https:\/\/www.europesays.com\/fr\/wp-json\/wp\/v2\/categories?post=233380"},{"taxonomy":"post_tag","embeddable":true,"href":"https:\/\/www.europesays.com\/fr\/wp-json\/wp\/v2\/tags?post=233380"}],"curies":[{"name":"wp","href":"https:\/\/api.w.org\/{rel}","templated":true}]}}