{"id":233392,"date":"2025-07-07T20:07:10","date_gmt":"2025-07-07T20:07:10","guid":{"rendered":"https:\/\/www.europesays.com\/fr\/233392\/"},"modified":"2025-07-07T20:07:10","modified_gmt":"2025-07-07T20:07:10","slug":"pourquoi-le-telefilm-de-tf1-oradour-ne-moublie-pas-avec-matt-pokora-provoque-de-vives-inquietudes","status":"publish","type":"post","link":"https:\/\/www.europesays.com\/fr\/233392\/","title":{"rendered":"Pourquoi le t\u00e9l\u00e9film de TF1 \u00ab\u00a0Oradour, ne m\u2019oublie pas\u00a0\u00bb avec Matt Pokora provoque de \u00ab\u00a0vives inqui\u00e9tudes\u00a0\u00bb"},"content":{"rendered":"<p>        <img decoding=\"async\" loading=\"lazy\" src=\"https:\/\/www.europesays.com\/fr\/wp-content\/uploads\/2025\/07\/0e2f745_1658943977177-62e1400725000031a9477177.jpeg\"  width=\"728\" height=\"409\" alt=\"Matt Pokora, ici photographi\u00e9 le 4 avril 2022 \u00e0 Los Angeles, en Californie.\"\/>  <\/p>\n<p>Rodin Eckenroth via Getty Images<\/p>\n<p>Matt Pokora, ici photographi\u00e9 le 4 avril 2022 \u00e0 Los Angeles, en Californie.<\/p>\n<p class=\"asset asset-text\">CULTURE &#8211; Un \u00ab\u00a0appel \u00e0 la responsabilit\u00e9\u00a0\u00bb. Seulement quelques jours apr\u00e8s l\u2019annonce d\u2019un nouveau t\u00e9l\u00e9film de TF1\u00a0centr\u00e9 sur le <a href=\"https:\/\/www.huffingtonpost.fr\/france\/article\/robert-hebras-est-mort-le-dernier-survivant-d-oradour-sur-glane-avait-97-ans_213956.html\" target=\"_blank\" rel=\"noopener\">massacre d\u2019Oradour-sur-Glane<\/a> et avec le chanteur <a href=\"https:\/\/www.huffingtonpost.fr\/divertissement\/article\/matt-pokora-trouve-que-louane-est-courageuse-de-representer-la-france-a-l-eurovision_247765.html\" target=\"_blank\" rel=\"noopener\">Matt Pokora<\/a> au casting, plusieurs institutions et associations ont fait part de leur \u00ab\u00a0vive inqui\u00e9tude\u00a0\u00bb dans un communiqu\u00e9 publi\u00e9 vendredi dernier.<\/p>\n<p class=\"asset asset-text\">La commune, le d\u00e9partement de Haute-Vienne, le centre de la M\u00e9moire d\u2019Oradour, ainsi que l\u2019association nationale des familles des martyrs d\u2019Oradour-sur-Glane (ANFMOG) ont d\u00e9plor\u00e9 avoir \u00ab\u00a0appris avec surprise\u00a0\u00bb le d\u00e9but du tournage, en Belgique, de cette fiction intitul\u00e9e Oradour, ne m\u2019oublie pas.<\/p>\n<p class=\"asset asset-text\">La fiction\u00a0suivra un officier des Forces fran\u00e7aises libres (FFL) parachut\u00e9 pr\u00e8s d\u2019Oradour-sur-Glane \u00ab\u00a0le 5\u00a0juin\u00a01944, cinq jours avant le plus important massacre de civils fran\u00e7ais pendant la Seconde Guerre mondiale\u00a0\u00bb, selon le dossier de presse de TF1, qui n\u2019a pas pr\u00e9cis\u00e9 de date de diffusion \u00e0 ce stade.<\/p>\n<p>    Le minist\u00e8re de la Culture et TF1\u00a0saisis    <\/p>\n<p class=\"asset asset-text\">Or, aucun des signataires du communiqu\u00e9 \u00ab\u00a0n\u2019(a) \u00e9t\u00e9 consult\u00e9 ou inform\u00e9\u00a0\u00bb en amont du projet. \u00ab\u00a0Nous n\u2019avons connaissance d\u2019aucune collaboration avec des historiens ou chercheurs de la m\u00e9moire, ce qui suscite de l\u00e9gitimes interrogations sur la solidit\u00e9 du projet\u00a0\u00bb, poursuivent-ils, alertant qu\u2019une \u00ab\u00a0reconstitution approximative, m\u00eame partielle, peut cr\u00e9er des confusions et compromettre le travail d\u2019histoire et de m\u00e9moire men\u00e9 depuis des ann\u00e9es\u00a0\u00bb.<\/p>\n<p> La lecture de ce contenu est susceptible d\u2019entra\u00eener un d\u00e9p\u00f4t de cookies de la part de l\u2019op\u00e9rateur tiers qui l\u2019h\u00e9berge. Compte-tenu des choix que vous avez exprim\u00e9s en mati\u00e8re de d\u00e9p\u00f4t de cookies, nous avons bloqu\u00e9 l\u2019affichage de ce contenu. Si vous souhaitez y acc\u00e9der, vous devez accepter la cat\u00e9gorie de cookies \u201cContenus tiers\u201d en cliquant sur le bouton ci-dessous. <\/p>\n<p> Lire la Vid\u00e9o        <\/p>\n<p class=\"asset asset-text\">\u00c0 <a href=\"https:\/\/france3-regions.franceinfo.fr\/nouvelle-aquitaine\/haute-vienne\/limoges\/oradour-ne-m-oublie-pas-matt-pokora-dans-un-telefilm-consacre-au-village-martyr-ce-qui-m-inquiete-c-est-le-respect-de-la-verite-historique-3182391.html\" target=\"_blank\" rel=\"noopener\" title=\"Nouvelle fen\u00eatre\">France 3<\/a>, le pr\u00e9sident de l\u2019ANFMOG Beno\u00eet Sadry insiste\u00a0: \u00ab\u00a0qu\u2019il y ait une fiction, c\u2019est in\u00e9vitable et \u00e7a peut \u00eatre un bon moyen de faire conna\u00eetre Oradour. Ce qui m\u2019inqui\u00e8te, c\u2019est le c\u00f4t\u00e9 respect de la v\u00e9rit\u00e9 historique. D\u2019apr\u00e8s ce que j\u2019ai lu, il est fait r\u00e9f\u00e9rence \u00e0 la R\u00e9sistance par un parachutage, ce qui perturbe la compr\u00e9hension, car le 10\u00a0juin\u00a01944 s\u2019est d\u00e9roul\u00e9 en dehors de tout ph\u00e9nom\u00e8ne de R\u00e9sistance.\u00a0\u00bb<\/p>\n<p class=\"asset asset-text\">En cons\u00e9quence, le maire d\u2019Oradour-sur-Glane Philippe Lacroix, Beno\u00eet Sadry, ainsi que le pr\u00e9sident du Centre de la M\u00e9moire d\u2019Oradour ont annonc\u00e9 dans leur communiqu\u00e9 commun qu\u2019ils \u00ab\u00a0saisiront officiellement TF1 et le minist\u00e8re de la Culture pour appeler \u00e0 la plus grande vigilance historique\u00a0\u00bb. Contact\u00e9 par France 3, TF1\u00a0a promis de r\u00e9pondre \u00ab\u00a0dans les plus brefs d\u00e9lais\u00a0\u00bb.<\/p>\n","protected":false},"excerpt":{"rendered":"Rodin Eckenroth via Getty Images Matt Pokora, ici photographi\u00e9 le 4 avril 2022 \u00e0 Los Angeles, en Californie.&hellip;\n","protected":false},"author":2,"featured_media":233393,"comment_status":"","ping_status":"","sticky":false,"template":"","format":"standard","meta":{"footnotes":""},"categories":[8],"tags":[251,58,59,1011,27,2886,12809,252,199],"class_list":{"0":"post-233392","1":"post","2":"type-post","3":"status-publish","4":"format-standard","5":"has-post-thumbnail","7":"category-divertissement","8":"tag-culture","9":"tag-divertissement","10":"tag-entertainment","11":"tag-fr","12":"tag-france","13":"tag-matt-pokora","14":"tag-telefilm","15":"tag-television","16":"tag-tf1"},"share_on_mastodon":{"url":"https:\/\/pubeurope.com\/@fr\/114813760085951120","error":""},"_links":{"self":[{"href":"https:\/\/www.europesays.com\/fr\/wp-json\/wp\/v2\/posts\/233392","targetHints":{"allow":["GET"]}}],"collection":[{"href":"https:\/\/www.europesays.com\/fr\/wp-json\/wp\/v2\/posts"}],"about":[{"href":"https:\/\/www.europesays.com\/fr\/wp-json\/wp\/v2\/types\/post"}],"author":[{"embeddable":true,"href":"https:\/\/www.europesays.com\/fr\/wp-json\/wp\/v2\/users\/2"}],"replies":[{"embeddable":true,"href":"https:\/\/www.europesays.com\/fr\/wp-json\/wp\/v2\/comments?post=233392"}],"version-history":[{"count":0,"href":"https:\/\/www.europesays.com\/fr\/wp-json\/wp\/v2\/posts\/233392\/revisions"}],"wp:featuredmedia":[{"embeddable":true,"href":"https:\/\/www.europesays.com\/fr\/wp-json\/wp\/v2\/media\/233393"}],"wp:attachment":[{"href":"https:\/\/www.europesays.com\/fr\/wp-json\/wp\/v2\/media?parent=233392"}],"wp:term":[{"taxonomy":"category","embeddable":true,"href":"https:\/\/www.europesays.com\/fr\/wp-json\/wp\/v2\/categories?post=233392"},{"taxonomy":"post_tag","embeddable":true,"href":"https:\/\/www.europesays.com\/fr\/wp-json\/wp\/v2\/tags?post=233392"}],"curies":[{"name":"wp","href":"https:\/\/api.w.org\/{rel}","templated":true}]}}