{"id":233394,"date":"2025-07-07T20:08:13","date_gmt":"2025-07-07T20:08:13","guid":{"rendered":"https:\/\/www.europesays.com\/fr\/233394\/"},"modified":"2025-07-07T20:08:13","modified_gmt":"2025-07-07T20:08:13","slug":"le-courant-de-locean-austral-sinverse-pour-la-premiere-fois-signalant-un-risque-deffondrement-du-systeme-climatique","status":"publish","type":"post","link":"https:\/\/www.europesays.com\/fr\/233394\/","title":{"rendered":"Le courant de l&rsquo;oc\u00e9an Austral s&rsquo;inverse pour la premi\u00e8re fois, signalant un risque d&rsquo;effondrement du syst\u00e8me climatique"},"content":{"rendered":"<p><img fetchpriority=\"high\" decoding=\"async\" width=\"1200\" height=\"675\" src=\"data:image\/svg+xml,%3Csvg%20xmlns=\" http:=\"\" alt=\"\" class=\"wp-image-221852\" data-lazy- data-lazy- data-lazy-src=\"https:\/\/sain-et-naturel.ouest-france.fr\/wp-content\/uploads\/2025\/07\/ocean-austral.webp\"\/><\/p>\n<p>Inversion historique d\u2019un courant oc\u00e9anique majeur dans l\u2019h\u00e9misph\u00e8re sud<\/p>\n<p style=\"font-size:27px\">Un courant oc\u00e9anique majeur dans l\u2019h\u00e9misph\u00e8re sud a invers\u00e9 sa direction pour la premi\u00e8re fois dans l\u2019histoire, ce que les climatologues qualifient de point de basculement \u00ab catastrophique \u00bb dans le syst\u00e8me climatique mondial. Ce ph\u00e9nom\u00e8ne, confirm\u00e9 par des scientifiques marins espagnols de l\u2019Institut de Ci\u00e8ncies del Mar (ICM-CSIC) de Barcelone, a d\u00e9clench\u00e9 une alarme g\u00e9n\u00e9rale parmi les climatologues en raison de son potentiel \u00e0 acc\u00e9l\u00e9rer le r\u00e9chauffement climatique et \u00e0 d\u00e9stabiliser les r\u00e9gimes m\u00e9t\u00e9orologiques \u00e0 l\u2019\u00e9chelle mondiale.<\/p>\n<p>Un signal alarmant pour le syst\u00e8me climatique mondial<\/p>\n<p><img loading=\"lazy\" decoding=\"async\" width=\"1200\" height=\"700\" src=\"data:image\/svg+xml,%3Csvg%20xmlns=\" http:=\"\" alt=\"\" class=\"wp-image-203467\" data-lazy- data-lazy- data-lazy-src=\"https:\/\/www.europesays.com\/fr\/wp-content\/uploads\/2025\/07\/ocean-atlantique-se-refroidit-2.jpg\"\/><\/p>\n<p>\u00ab L\u2019inversion stup\u00e9fiante de la circulation oc\u00e9anique dans l\u2019h\u00e9misph\u00e8re sud confirme que le syst\u00e8me climatique mondial est entr\u00e9 dans une phase critique \u00bb, a d\u00e9clar\u00e9 le militant climatique Ben See sur les r\u00e9seaux sociaux.<\/p>\n<p>Cette inversion affecte la circulation de retournement profonde dans l\u2019Atlantique Sud, une partie du r\u00e9seau mondial de courants oc\u00e9aniques. <\/p>\n<p>Ce syst\u00e8me tire habituellement l\u2019eau froide et riche en nutriments des profondeurs oc\u00e9aniques et contribue \u00e0 la redistribution de la chaleur \u00e0 l\u2019\u00e9chelle plan\u00e9taire.<\/p>\n<p>D\u00e9couverte et implications scientifiques<\/p>\n<p><a href=\"https:\/\/www.icm.csic.es\/en\/news\/major-reversal-ocean-circulation-detected-southern-ocean-key-climate-implications?\" target=\"_blank\" rel=\"noreferrer noopener nofollow\">L\u2019\u00e9tude <\/a>met en lumi\u00e8re un effondrement et une inversion du courant de bordure occidentale profonde (DWBC) dans l\u2019Atlantique Sud, un \u00e9l\u00e9ment cl\u00e9 de la circulation m\u00e9ridionale de retournement de l\u2019Atlantique (AMOC).<\/p>\n<p>Ce syst\u00e8me joue un r\u00f4le crucial dans la r\u00e9gulation des temp\u00e9ratures mondiales et le stockage du dioxyde de carbone atmosph\u00e9rique dans les profondeurs oc\u00e9aniques. Les donn\u00e9es de l\u2019ICM indiquent que le flux du courant DWBC s\u2019est invers\u00e9 du nord au sud pendant plusieurs mois cons\u00e9cutifs en 2023 \u2014 un \u00e9v\u00e9nement sans pr\u00e9c\u00e9dent en 30 ans de surveillance continue.<\/p>\n<p>Selon la physicienne et auteure principale de l\u2019\u00e9tude, le Dr Marilena Oltmanns, ces changements pourraient alt\u00e9rer la capacit\u00e9 de l\u2019oc\u00e9an Austral \u00e0 s\u00e9questrer la chaleur et le carbone, avec des cons\u00e9quences majeures pour le climat.<\/p>\n<p><strong>Articles les plus lus sur Sain et Naturel : <\/strong><\/p>\n<p>Causes possibles de l\u2019inversion<\/p>\n<p><img loading=\"lazy\" decoding=\"async\" width=\"1200\" height=\"695\" src=\"data:image\/svg+xml,%3Csvg%20xmlns=\" http:=\"\" alt=\"\" class=\"wp-image-211619\" data-lazy- data-lazy- data-lazy-src=\"https:\/\/sain-et-naturel.ouest-france.fr\/wp-content\/uploads\/2024\/11\/l-effondrement-du-courant-oceanique-amoc.webp\"\/><\/p>\n<p>Le renversement observ\u00e9 est probablement li\u00e9 \u00e0 l\u2019affaiblissement continu de la circulation de retournement antarctique, un processus oc\u00e9anique profond provoqu\u00e9 par la formation de masses d\u2019eau froide et sal\u00e9e pr\u00e8s de l\u2019Antarctique. <\/p>\n<p>Ce syst\u00e8me a ralenti jusqu\u2019\u00e0 40 % depuis la fin des ann\u00e9es 1990, et les nouvelles donn\u00e9es sugg\u00e8rent qu\u2019il pourrait d\u00e9stabiliser la dynamique oc\u00e9anique r\u00e9gionale plus rapidement que pr\u00e9vu.<\/p>\n<p>Le spectre de l\u2019effondrement de l\u2019AMOC<\/p>\n<p>De nombreuses sp\u00e9culations ont circul\u00e9 sur un possible arr\u00eat complet du courant de l\u2019<a href=\"https:\/\/sain-et-naturel.ouest-france.fr\/l-effondrement-du-courant-oceanique-amoc.html\" target=\"_blank\" rel=\"noreferrer noopener nofollow\">AMOC<\/a>, \u00e9galement appel\u00e9 Gulf Stream. Ce courant apporte de l\u2019eau chaude en Europe depuis l\u2019\u00e9quateur, et son arr\u00eat pourrait provoquer une mini-\u00e8re glaciaire en Europe, avec des temp\u00e9ratures hivernales chutant de 10 \u00e0 30 \u00b0C.<\/p>\n<p>Les scientifiques estiment \u00e0 98 % la probabilit\u00e9 que l\u2019AMOC cesse de fonctionner d\u2019ici 2100, mais des \u00e9tudes r\u00e9centes sugg\u00e8rent que cet effondrement pourrait survenir d\u00e8s cette ann\u00e9e ou dans les prochaines d\u00e9cennies.<\/p>\n<p>Risques li\u00e9s \u00e0 la lib\u00e9ration massive de CO\u2082<\/p>\n<p>Le rapport de l\u2019ICM met en garde contre la lib\u00e9ration potentielle d\u2019importantes quantit\u00e9s de dioxyde de carbone actuellement pi\u00e9g\u00e9es dans les r\u00e9servoirs des grands fonds oc\u00e9aniques. L\u2019inversion du cycle de la DWBC compromettrait ainsi le r\u00f4le de l\u2019oc\u00e9an comme puits de carbone, qui absorbe aujourd\u2019hui environ 25 % des \u00e9missions anthropiques de CO\u2082.<\/p>\n<p>Cette lib\u00e9ration pourrait doubler les concentrations atmosph\u00e9riques actuelles de CO\u2082 en rejetant du carbone stock\u00e9 depuis des si\u00e8cles dans les profondeurs oc\u00e9aniques. <\/p>\n<p>Un tel sc\u00e9nario remettrait en cause les objectifs climatiques actuels, car les \u00e9missions suppl\u00e9mentaires d\u00e9passeraient les budgets carbone \u00e9tablis et rendraient obsol\u00e8tes les strat\u00e9gies d\u2019att\u00e9nuation fond\u00e9es sur des r\u00e9ductions progressives.<\/p>\n<p>Un avertissement urgent pour la plan\u00e8te<\/p>\n<p><img loading=\"lazy\" decoding=\"async\" width=\"1200\" height=\"691\" src=\"data:image\/svg+xml,%3Csvg%20xmlns=\" http:=\"\" alt=\"\" class=\"wp-image-210320\" data-lazy- data-lazy- data-lazy-src=\"https:\/\/www.europesays.com\/fr\/wp-content\/uploads\/2025\/07\/observe-la-terre-depuis-l-espace.jpg\"\/><\/p>\n<p>L\u2019ICM alerte sur le fait que la plan\u00e8te envoie des signaux de plus en plus clairs indiquant que des seuils critiques sont franchis, qualifiant cet \u00e9v\u00e9nement de passage d\u2019un \u00ab stress climatique chronique \u00bb \u00e0 une \u00ab rupture syst\u00e9mique aigu\u00eb \u00bb.<\/p>\n<p>Ce renversement menace d\u2019affaiblir le r\u00f4le crucial de l\u2019oc\u00e9an en tant que puits de carbone \u2014 l\u2019une des principales d\u00e9fenses naturelles contre l\u2019augmentation du CO\u2082 atmosph\u00e9rique \u2014 et pourrait perturber consid\u00e9rablement les syst\u00e8mes m\u00e9t\u00e9orologiques mondiaux, les mod\u00e8les de mont\u00e9e du niveau de la mer ainsi que les \u00e9cosyst\u00e8mes marins.<\/p>\n<p>La M\u00e9diterran\u00e9e aussi chaude que de l\u2019eau de bain<\/p>\n<p><img loading=\"lazy\" decoding=\"async\" width=\"1200\" height=\"600\" src=\"data:image\/svg+xml,%3Csvg%20xmlns=\" http:=\"\" alt=\"\" class=\"wp-image-221850\" data-lazy- data-lazy- data-lazy-src=\"https:\/\/sain-et-naturel.ouest-france.fr\/wp-content\/uploads\/2025\/07\/mediterranee.webp\"\/><\/p>\n<p>Cet \u00e9t\u00e9, la M\u00e9diterran\u00e9e conna\u00eet une vague de chaleur marine sans pr\u00e9c\u00e9dent. Le 4 juillet, une bou\u00e9e m\u00e9t\u00e9orologique espagnole a enregistr\u00e9 une temp\u00e9rature de l\u2019eau \u00e0 31 \u00b0C, une chaleur comparable \u00e0 celle d\u2019un bain ti\u00e8de. <\/p>\n<p>Dans le nord-ouest de la M\u00e9diterran\u00e9e, l\u2019anomalie thermique atteint +6,21 \u00b0C par rapport \u00e0 la moyenne observ\u00e9e entre 1982 et 2015. Ce ph\u00e9nom\u00e8ne s\u2019inscrit dans une tendance croissante aux vagues de chaleur marines record qui, selon les scientifiques, modifient profond\u00e9ment les \u00e9cosyst\u00e8mes marins.<\/p>\n<p>Un r\u00e9chauffement aux cons\u00e9quences inqui\u00e9tantes<\/p>\n<p>La temp\u00e9rature de surface de la mer dans le nord-ouest de la M\u00e9diterran\u00e9e d\u00e9passe aujourd\u2019hui de 6,21 \u00b0C la moyenne historique, cr\u00e9ant une situation que les chercheurs qualifient d\u2019\u00ab eau de bain \u00bb dans un bassin habituellement temp\u00e9r\u00e9. <\/p>\n<p>Ce r\u00e9chauffement pourrait ralentir ou perturber les courants oc\u00e9aniques locaux, alimentant une boucle de r\u00e9troaction dangereuse qui amplifierait le r\u00e9chauffement et d\u00e9stabiliserait les circulations marines.<\/p>\n<p>Une inversion des courants oc\u00e9anographiques sans pr\u00e9c\u00e9dent<\/p>\n<p><img loading=\"lazy\" decoding=\"async\" width=\"1200\" height=\"686\" src=\"data:image\/svg+xml,%3Csvg%20xmlns=\" http:=\"\" alt=\"\" class=\"wp-image-212374\" data-lazy- data-lazy- data-lazy-src=\"https:\/\/sain-et-naturel.ouest-france.fr\/wp-content\/uploads\/2024\/12\/ocean.webp\"\/><\/p>\n<p>Bien que les circulations oc\u00e9aniques se soient modifi\u00e9es dans un pass\u00e9 lointain \u00e0 cause des cycles glaciaires, l\u2019inversion actuelle est la premi\u00e8re \u00e0 se produire \u00e0 l\u2019\u00e9poque moderne, sous l\u2019effet du <a href=\"https:\/\/www.ouest-france.fr\/pays-de-la-loire\/nantes-44000\/cartes-changement-climatique-quels-sont-les-territoires-les-plus-a-risques-en-pays-de-la-loire-7c752012-4ce8-11f0-9cff-87ef4f671601\" target=\"_blank\" rel=\"noreferrer noopener nofollow\">changement climatique <\/a>d\u2019origine humaine. <\/p>\n<p>Les chercheurs tirent la sonnette d\u2019alarme sur le plus grand risque de changements brutaux dans les r\u00e9gimes de mousson, l\u2019effondrement des p\u00eacheries, ainsi qu\u2019une \u00e9l\u00e9vation rapide du niveau de la mer dans l\u2019h\u00e9misph\u00e8re sud.<\/p>\n<p>Ils appellent \u00e0 une mobilisation mondiale imm\u00e9diate et \u00e0 une r\u00e9vision des strat\u00e9gies d\u2019adaptation climatique, face \u00e0 un r\u00e9gime climatique qui pourrait devenir plus instable et impr\u00e9visible.<\/p>\n<p>Un signal d\u2019alarme climatique<\/p>\n<p>Le climatologue Ben See a comment\u00e9 sur les r\u00e9seaux sociaux : \u00ab L\u2019inversion spectaculaire de la circulation oc\u00e9anique dans l\u2019h\u00e9misph\u00e8re sud confirme que le syst\u00e8me climatique mondial est entr\u00e9 dans une phase catastrophique \u00bb.<\/p>\n<p>Cette inversion oc\u00e9anique fait remonter \u00e0 la surface des eaux froides profondes o\u00f9 est pi\u00e9g\u00e9 le dioxyde de carbone (CO\u2082). Selon l\u2019Institut des sciences de la mer, cela pourrait \u00ab doubler les concentrations atmosph\u00e9riques actuelles de CO\u2082 en lib\u00e9rant du carbone stock\u00e9 dans les profondeurs oc\u00e9aniques depuis des si\u00e8cles \u00bb.<\/p>\n<p>Des seuils critiques franchis<\/p>\n<p><img loading=\"lazy\" decoding=\"async\" width=\"1200\" height=\"675\" src=\"data:image\/svg+xml,%3Csvg%20xmlns=\" http:=\"\" alt=\"\" class=\"wp-image-220900\" data-lazy- data-lazy- data-lazy-src=\"https:\/\/sain-et-naturel.ouest-france.fr\/wp-content\/uploads\/2025\/06\/monter-mer-ocean.webp\"\/><\/p>\n<p>L\u2019Institut ajoute que \u00ab la plan\u00e8te nous envoie des signaux de plus en plus clairs que nous franchissons des seuils critiques \u00bb. Cette situation souligne l\u2019urgence d\u2019agir pour limiter les impacts de ces bouleversements sur le climat et les \u00e9cosyst\u00e8mes marins.<\/p>\n<p>Cette inversion de la circulation oc\u00e9anique dans l\u2019oc\u00e9an Austral est un signal d\u2019alarme concernant l\u2019instabilit\u00e9 croissante du syst\u00e8me climatique mondial.\u00a0Elle souligne l\u2019urgence d\u2019agir pour r\u00e9duire les \u00e9missions de gaz \u00e0 effet de serre et limiter les impacts du r\u00e9chauffement climatique.<\/p>\n","protected":false},"excerpt":{"rendered":"Inversion historique d\u2019un courant oc\u00e9anique majeur dans l\u2019h\u00e9misph\u00e8re sud Un courant oc\u00e9anique majeur dans l\u2019h\u00e9misph\u00e8re sud a invers\u00e9&hellip;\n","protected":false},"author":2,"featured_media":233395,"comment_status":"","ping_status":"","sticky":false,"template":"","format":"standard","meta":{"footnotes":""},"categories":[7],"tags":[37214,1011,27,43,40,41,39,42,44],"class_list":{"0":"post-233394","1":"post","2":"type-post","3":"status-publish","4":"format-standard","5":"has-post-thumbnail","7":"category-sciences-et-technologies","8":"tag-ecologie-environnement-planete-et-changement-climatique-sinformer","9":"tag-fr","10":"tag-france","11":"tag-science","12":"tag-science-and-technology","13":"tag-sciences","14":"tag-sciences-et-technologies","15":"tag-technologies","16":"tag-technology"},"share_on_mastodon":{"url":"https:\/\/pubeurope.com\/@fr\/114813764348864190","error":""},"_links":{"self":[{"href":"https:\/\/www.europesays.com\/fr\/wp-json\/wp\/v2\/posts\/233394","targetHints":{"allow":["GET"]}}],"collection":[{"href":"https:\/\/www.europesays.com\/fr\/wp-json\/wp\/v2\/posts"}],"about":[{"href":"https:\/\/www.europesays.com\/fr\/wp-json\/wp\/v2\/types\/post"}],"author":[{"embeddable":true,"href":"https:\/\/www.europesays.com\/fr\/wp-json\/wp\/v2\/users\/2"}],"replies":[{"embeddable":true,"href":"https:\/\/www.europesays.com\/fr\/wp-json\/wp\/v2\/comments?post=233394"}],"version-history":[{"count":0,"href":"https:\/\/www.europesays.com\/fr\/wp-json\/wp\/v2\/posts\/233394\/revisions"}],"wp:featuredmedia":[{"embeddable":true,"href":"https:\/\/www.europesays.com\/fr\/wp-json\/wp\/v2\/media\/233395"}],"wp:attachment":[{"href":"https:\/\/www.europesays.com\/fr\/wp-json\/wp\/v2\/media?parent=233394"}],"wp:term":[{"taxonomy":"category","embeddable":true,"href":"https:\/\/www.europesays.com\/fr\/wp-json\/wp\/v2\/categories?post=233394"},{"taxonomy":"post_tag","embeddable":true,"href":"https:\/\/www.europesays.com\/fr\/wp-json\/wp\/v2\/tags?post=233394"}],"curies":[{"name":"wp","href":"https:\/\/api.w.org\/{rel}","templated":true}]}}