{"id":233404,"date":"2025-07-07T20:13:16","date_gmt":"2025-07-07T20:13:16","guid":{"rendered":"https:\/\/www.europesays.com\/fr\/233404\/"},"modified":"2025-07-07T20:13:16","modified_gmt":"2025-07-07T20:13:16","slug":"saint-etienne-des-collegiens-sur-les-planches-pour-la-fin-de-lannee-scolaire","status":"publish","type":"post","link":"https:\/\/www.europesays.com\/fr\/233404\/","title":{"rendered":"Saint-\u00c9tienne. Des coll\u00e9giens sur les planches pour la fin de l\u2019ann\u00e9e scolaire"},"content":{"rendered":"<p>Connaissez-vous le contrat local d\u2019accompagnement \u00e0 la scolarit\u00e9 (appel\u00e9 le plus souvent CLAS)\u00a0?<\/p>\n<p>Le CLAS th\u00e9\u00e2tre permet aux coll\u00e9giens de suivre une formation artistique tout au long de leur ann\u00e9e scolaire. Et de finir en beaut\u00e9 par une repr\u00e9sentation th\u00e9\u00e2trale pour nos jeunes coll\u00e9giens st\u00e9phanois. Une mani\u00e8re de travailler leur m\u00e9moire et de prendre confiance en eux.<\/p>\n<p>Devant un public conquis, les enfants ont cl\u00f4tur\u00e9 leur ann\u00e9e par une repr\u00e9sentation r\u00e9ussie au caf\u00e9-th\u00e9\u00e2tre La Ricane dans le quartier du Soleil.<\/p>\n","protected":false},"excerpt":{"rendered":"Connaissez-vous le contrat local d\u2019accompagnement \u00e0 la scolarit\u00e9 (appel\u00e9 le plus souvent CLAS)\u00a0? Le CLAS th\u00e9\u00e2tre permet aux&hellip;\n","protected":false},"author":2,"featured_media":233405,"comment_status":"","ping_status":"","sticky":false,"template":"","format":"standard","meta":{"footnotes":""},"categories":[9653],"tags":[1111,11,2430,7539,1057,1777,674,1011,27,12,25,4001,7538],"class_list":{"0":"post-233404","1":"post","2":"type-post","3":"status-publish","4":"format-standard","5":"has-post-thumbnail","7":"category-saint-etienne","8":"tag-actu","9":"tag-actualites","10":"tag-auvergne-rhone-alpes","11":"tag-edition-loire-sud","12":"tag-education","13":"tag-eu","14":"tag-europe","15":"tag-fr","16":"tag-france","17":"tag-news","18":"tag-republique-francaise","19":"tag-saint-etienne","20":"tag-saint-etienne-ville"},"share_on_mastodon":{"url":"https:\/\/pubeurope.com\/@fr\/114813783549292606","error":""},"_links":{"self":[{"href":"https:\/\/www.europesays.com\/fr\/wp-json\/wp\/v2\/posts\/233404","targetHints":{"allow":["GET"]}}],"collection":[{"href":"https:\/\/www.europesays.com\/fr\/wp-json\/wp\/v2\/posts"}],"about":[{"href":"https:\/\/www.europesays.com\/fr\/wp-json\/wp\/v2\/types\/post"}],"author":[{"embeddable":true,"href":"https:\/\/www.europesays.com\/fr\/wp-json\/wp\/v2\/users\/2"}],"replies":[{"embeddable":true,"href":"https:\/\/www.europesays.com\/fr\/wp-json\/wp\/v2\/comments?post=233404"}],"version-history":[{"count":0,"href":"https:\/\/www.europesays.com\/fr\/wp-json\/wp\/v2\/posts\/233404\/revisions"}],"wp:featuredmedia":[{"embeddable":true,"href":"https:\/\/www.europesays.com\/fr\/wp-json\/wp\/v2\/media\/233405"}],"wp:attachment":[{"href":"https:\/\/www.europesays.com\/fr\/wp-json\/wp\/v2\/media?parent=233404"}],"wp:term":[{"taxonomy":"category","embeddable":true,"href":"https:\/\/www.europesays.com\/fr\/wp-json\/wp\/v2\/categories?post=233404"},{"taxonomy":"post_tag","embeddable":true,"href":"https:\/\/www.europesays.com\/fr\/wp-json\/wp\/v2\/tags?post=233404"}],"curies":[{"name":"wp","href":"https:\/\/api.w.org\/{rel}","templated":true}]}}