{"id":233408,"date":"2025-07-07T20:15:18","date_gmt":"2025-07-07T20:15:18","guid":{"rendered":"https:\/\/www.europesays.com\/fr\/233408\/"},"modified":"2025-07-07T20:15:18","modified_gmt":"2025-07-07T20:15:18","slug":"thiaucourt-regnieville-des-histoires-racontees-en-musique","status":"publish","type":"post","link":"https:\/\/www.europesays.com\/fr\/233408\/","title":{"rendered":"Thiaucourt-Regni\u00e9ville. Des histoires racont\u00e9es en musique"},"content":{"rendered":"<p>Mercredi 2\u00a0juillet, dans le cadre de l\u2019\u00e9v\u00e9nement national \u00ab\u00a0Partir en livres\u00a0\u00bb, la compagnie Les fruits du hasard, venue de Nancy, s\u2019est produite en d\u00e9but d\u2019apr\u00e8s-midi \u00e0 la m\u00e9diath\u00e8que intercommunale. Elle a jou\u00e9 sa pi\u00e8ce \u00ab\u00a0Poils aux pieds et poils partout\u00a0\u00bb s\u2019adressant aux enfants \u00e2g\u00e9s de plus de quatre ans. Le spectacle d\u00e9roule trois histoires racont\u00e9es en musique et tir\u00e9es de livres destin\u00e9s \u00e0 la jeunesse comme \u00ab\u00a0Les mots de Zaza\u00a0\u00bb de Jacqueline Cohen.<\/p>\n","protected":false},"excerpt":{"rendered":"Mercredi 2\u00a0juillet, dans le cadre de l\u2019\u00e9v\u00e9nement national \u00ab\u00a0Partir en livres\u00a0\u00bb, la compagnie Les fruits du hasard, venue&hellip;\n","protected":false},"author":2,"featured_media":233409,"comment_status":"","ping_status":"","sticky":false,"template":"","format":"standard","meta":{"footnotes":""},"categories":[9635],"tags":[1111,11,37216,1687,1706,1777,674,1011,27,775,1702,12,25,3140,37215],"class_list":{"0":"post-233408","1":"post","2":"type-post","3":"status-publish","4":"format-standard","5":"has-post-thumbnail","7":"category-nancy","8":"tag-actu","9":"tag-actualites","10":"tag-cc-mad-et-moselle-54c","11":"tag-culture-loisirs","12":"tag-edition-pont-a-mousson","13":"tag-eu","14":"tag-europe","15":"tag-fr","16":"tag-france","17":"tag-grand-est","18":"tag-nancy","19":"tag-news","20":"tag-republique-francaise","21":"tag-spectacle","22":"tag-thiaucourt-regnieville"},"share_on_mastodon":{"url":"https:\/\/pubeurope.com\/@fr\/114813791383145312","error":""},"_links":{"self":[{"href":"https:\/\/www.europesays.com\/fr\/wp-json\/wp\/v2\/posts\/233408","targetHints":{"allow":["GET"]}}],"collection":[{"href":"https:\/\/www.europesays.com\/fr\/wp-json\/wp\/v2\/posts"}],"about":[{"href":"https:\/\/www.europesays.com\/fr\/wp-json\/wp\/v2\/types\/post"}],"author":[{"embeddable":true,"href":"https:\/\/www.europesays.com\/fr\/wp-json\/wp\/v2\/users\/2"}],"replies":[{"embeddable":true,"href":"https:\/\/www.europesays.com\/fr\/wp-json\/wp\/v2\/comments?post=233408"}],"version-history":[{"count":0,"href":"https:\/\/www.europesays.com\/fr\/wp-json\/wp\/v2\/posts\/233408\/revisions"}],"wp:featuredmedia":[{"embeddable":true,"href":"https:\/\/www.europesays.com\/fr\/wp-json\/wp\/v2\/media\/233409"}],"wp:attachment":[{"href":"https:\/\/www.europesays.com\/fr\/wp-json\/wp\/v2\/media?parent=233408"}],"wp:term":[{"taxonomy":"category","embeddable":true,"href":"https:\/\/www.europesays.com\/fr\/wp-json\/wp\/v2\/categories?post=233408"},{"taxonomy":"post_tag","embeddable":true,"href":"https:\/\/www.europesays.com\/fr\/wp-json\/wp\/v2\/tags?post=233408"}],"curies":[{"name":"wp","href":"https:\/\/api.w.org\/{rel}","templated":true}]}}