{"id":233410,"date":"2025-07-07T20:16:22","date_gmt":"2025-07-07T20:16:22","guid":{"rendered":"https:\/\/www.europesays.com\/fr\/233410\/"},"modified":"2025-07-07T20:16:22","modified_gmt":"2025-07-07T20:16:22","slug":"nancy-de-bonnes-affaires-au-programme-du-grenier-de-bonnet","status":"publish","type":"post","link":"https:\/\/www.europesays.com\/fr\/233410\/","title":{"rendered":"Nancy. De bonnes affaires au programme du grenier de Bonnet"},"content":{"rendered":"<p>Le dimanche 14\u00a0septembre, se d\u00e9roulera le \u00ab\u00a0grenier de Bonnet\u00a0\u00bb, dans le parc Bonnet, situ\u00e9 40 Boulevard de Boudonville \u00e0 Nancy, organis\u00e9 par l\u2019association La Bande \u00e0 Bonnet. L\u2019occasion de d\u00e9nicher des tr\u00e9sors et de profiter d\u2019une buvette et d\u2019une restauration.<\/p>\n<p class=\"note\">Pour participer \u00e0 ce vide-greniers, les inscriptions sont d\u2019ores et d\u00e9j\u00e0 ouvertes\u00a0: labandeabonnet@mailo.com<\/p>\n","protected":false},"excerpt":{"rendered":"Le dimanche 14\u00a0septembre, se d\u00e9roulera le \u00ab\u00a0grenier de Bonnet\u00a0\u00bb, dans le parc Bonnet, situ\u00e9 40 Boulevard de Boudonville&hellip;\n","protected":false},"author":2,"featured_media":233411,"comment_status":"","ping_status":"","sticky":false,"template":"","format":"standard","meta":{"footnotes":""},"categories":[9635],"tags":[1111,11,5738,11679,1687,1704,1777,674,1011,27,775,1702,1703,12,25,3365],"class_list":{"0":"post-233410","1":"post","2":"type-post","3":"status-publish","4":"format-standard","5":"has-post-thumbnail","7":"category-nancy","8":"tag-actu","9":"tag-actualites","10":"tag-bourses","11":"tag-brocantes","12":"tag-culture-loisirs","13":"tag-edition-nancy-et-agglomeration","14":"tag-eu","15":"tag-europe","16":"tag-fr","17":"tag-france","18":"tag-grand-est","19":"tag-nancy","20":"tag-nancy-ville-54b","21":"tag-news","22":"tag-republique-francaise","23":"tag-vide-greniers"},"share_on_mastodon":{"url":"https:\/\/pubeurope.com\/@fr\/114813795485462997","error":""},"_links":{"self":[{"href":"https:\/\/www.europesays.com\/fr\/wp-json\/wp\/v2\/posts\/233410","targetHints":{"allow":["GET"]}}],"collection":[{"href":"https:\/\/www.europesays.com\/fr\/wp-json\/wp\/v2\/posts"}],"about":[{"href":"https:\/\/www.europesays.com\/fr\/wp-json\/wp\/v2\/types\/post"}],"author":[{"embeddable":true,"href":"https:\/\/www.europesays.com\/fr\/wp-json\/wp\/v2\/users\/2"}],"replies":[{"embeddable":true,"href":"https:\/\/www.europesays.com\/fr\/wp-json\/wp\/v2\/comments?post=233410"}],"version-history":[{"count":0,"href":"https:\/\/www.europesays.com\/fr\/wp-json\/wp\/v2\/posts\/233410\/revisions"}],"wp:featuredmedia":[{"embeddable":true,"href":"https:\/\/www.europesays.com\/fr\/wp-json\/wp\/v2\/media\/233411"}],"wp:attachment":[{"href":"https:\/\/www.europesays.com\/fr\/wp-json\/wp\/v2\/media?parent=233410"}],"wp:term":[{"taxonomy":"category","embeddable":true,"href":"https:\/\/www.europesays.com\/fr\/wp-json\/wp\/v2\/categories?post=233410"},{"taxonomy":"post_tag","embeddable":true,"href":"https:\/\/www.europesays.com\/fr\/wp-json\/wp\/v2\/tags?post=233410"}],"curies":[{"name":"wp","href":"https:\/\/api.w.org\/{rel}","templated":true}]}}