{"id":233419,"date":"2025-07-07T20:21:10","date_gmt":"2025-07-07T20:21:10","guid":{"rendered":"https:\/\/www.europesays.com\/fr\/233419\/"},"modified":"2025-07-07T20:21:10","modified_gmt":"2025-07-07T20:21:10","slug":"la-demolition-a-demarre-pour-creer-un-quartier-flambant-neuf","status":"publish","type":"post","link":"https:\/\/www.europesays.com\/fr\/233419\/","title":{"rendered":"la d\u00e9molition a d\u00e9marr\u00e9 pour cr\u00e9er un quartier flambant neuf"},"content":{"rendered":"<p>            Par<br \/>\n        <strong><br \/>\n            <a href=\"https:\/\/actu.fr\/auteur\/fmass\" title=\"Consulter tous les articles de Fabien Massin\" rel=\"nofollow noopener\" target=\"_blank\">Fabien Massin<\/a><br \/>\n        <\/strong><\/p>\n<p>        Publi\u00e9 le<\/p>\n<p>            7 juil. 2025 \u00e0 20h18        <\/p>\n<p>C\u2019est un quartier de <a href=\"https:\/\/actu.fr\/normandie\/rouen_76540\" rel=\"nofollow noopener\" target=\"_blank\">Rouen (Seine-Maritime)<\/a> qui est actuellement mis \u00e0 terre : l\u2019ensemble des immeubles verre et acier rive gauche. Ces tours d\u00e9saffect\u00e9es ont connu un<a href=\"https:\/\/actu.fr\/normandie\/rouen_76540\/rouen-incendie-dans-un-immeuble-verre-et-acier-56-pompiers-interviennent_60150356.html\" rel=\"nofollow noopener\" target=\"_blank\"> destin tragique en 2023<\/a> : <strong>deux d\u2019entre elles ont \u00e9t\u00e9 ravag\u00e9es<\/strong> par un incendie et se sont \u00e9croul\u00e9es. Aujourd\u2019hui les tours restantes sont en cours de d\u00e9molition \u2014 apr\u00e8s avoir \u00e9t\u00e9 pr\u00e9alablement d\u00e9samiant\u00e9es \u2014, op\u00e9ration qui devrait se poursuivre tout au long de l\u2019\u00e9t\u00e9 2025. Ensuite l\u2019am\u00e9nagement d\u2019un vaste programme immobilier sera engag\u00e9 : <a href=\"https:\/\/actu.fr\/normandie\/rouen_76540\/en-remplacement-des-immeubles-verre-et-acier-a-rouen-un-nouveau-quartier-va-sortir-de-terre_62101548.html\" rel=\"nofollow noopener\" target=\"_blank\">Blossom Park<\/a> (parc fleuri en anglais).\u00a0<\/p>\n<p>Un traumatisme dans le quartier<\/p>\n<p class=\" wall-content\">\u00ab\u00a0C\u2019est un des chantiers les plus attendus de Rouen, depuis longtemps, <strong>estime Nicolas Mayer-Rossignol<\/strong>, maire et pr\u00e9sident de la M\u00e9tropole de Rouen. Je remercie les habitants, pour qui forc\u00e9ment il y a eu une inqui\u00e9tude, il y a eu l\u2019incendie, il y a ici de l\u2019amiante, une \u00e9cole \u00e0 proximit\u00e9. <strong>\u00c7a a \u00e9t\u00e9 un traumatisme pour tous<\/strong>.\u00a0\u00bb<\/p>\n<blockquote class=\"ac-article-quote wall-content\">\n<p>Mais dans ce projet nous avons eu une vision exigeante et nous continuerons \u00e0 l&rsquo;avoir, pour faire monter la rive gauche en qualit\u00e9, dans un quartier Saint-Cl\u00e9ment\/jardin des plantes mixte, agr\u00e9able et qui vit.\u00a0<\/p>\n<p>    <strong>Nicolas Mayer-Rossignol<\/strong>\n            <\/p><\/blockquote>\n<p class=\" wall-content\">\u00ab\u00a0L\u2019incendie a rappel\u00e9 l\u2019urgence de r\u00e9inventer le quartier\u00a0\u00bb, souligne de son c\u00f4t\u00e9 Alexandre de Lagarde, directeur r\u00e9gional Normandie de Cogedim, promoteur du projet.\u00a0<\/p>\n<p class=\" wall-content\">Le nouveau quartier comprendra un parc public o\u00f9 <strong>400 arbres seront plant\u00e9s<\/strong>, plusieurs \u00eelots de logements (en accession \u00e0 la propri\u00e9t\u00e9 et en locatif, ainsi que du logement \u00e9tudiant). Le premier immeuble de 175 appartements devrait \u00eatre livr\u00e9 en 2027. <strong>La zone sera 100 % pi\u00e9tonne<\/strong> et comprendra une aire de jeux en bois pour les enfants ainsi qu\u2019une cr\u00e8che.\u00a0<\/p>\n<p>Vid\u00e9os : en ce moment sur Actu<\/p>\n<p class=\" wall-content\">\u00c0 c\u00f4t\u00e9, donnant sur la rue Saint-Julien et sur l\u2019avenue de la Lib\u00e9ration, <strong>Rouen Habitat construira deux immeubles de 175 logements sociaux<\/strong> attendus \u00e0 partir de 2027.\u00a0<\/p>\n<p>Suivez l\u2019actualit\u00e9 de Rouen sur notre <a href=\"https:\/\/www.whatsapp.com\/channel\/0029VaKfnf99hXF2ddApFB1D\" rel=\"nofollow noopener\" target=\"_blank\">cha\u00eene WhatsApp<\/a> et sur notre <a href=\"https:\/\/www.tiktok.com\/@76actu.fr?lang=fr\" rel=\"nofollow noopener\" target=\"_blank\">compte TikTok<\/a><\/p>\n<p class=\" wall-content\">Suivez toute l\u2019actualit\u00e9 de vos villes et m\u00e9dias favoris en vous inscrivant \u00e0 <a href=\"https:\/\/moncompte.actu.fr\" title=\"D\u00e9couvez Mon Actu\" rel=\"nofollow noopener\" data-trk=\"{&quot;cta&quot;:{&quot;action&quot;:&quot;https:\\\/\\\/moncompte.actu.fr&quot;,&quot;category&quot;:&quot;mon compte&quot;,&quot;from&quot;:&quot;article footer&quot;,&quot;name&quot;:&quot;Mon actu&quot;,&quot;type&quot;:&quot;cta&quot;}}\" target=\"_blank\">Mon Actu<\/a>.<\/p>\n<p>                    <script async src=\"\/\/www.tiktok.com\/embed.js\"><\/script><\/p>\n","protected":false},"excerpt":{"rendered":"Par Fabien Massin Publi\u00e9 le 7 juil. 2025 \u00e0 20h18 C\u2019est un quartier de Rouen (Seine-Maritime) qui est&hellip;\n","protected":false},"author":2,"featured_media":233420,"comment_status":"","ping_status":"","sticky":false,"template":"","format":"standard","meta":{"footnotes":""},"categories":[9587],"tags":[1111,11,1777,674,1011,27,1116,1310,12,5161,25,9590,104,1352],"class_list":{"0":"post-233419","1":"post","2":"type-post","3":"status-publish","4":"format-standard","5":"has-post-thumbnail","7":"category-rouen","8":"tag-actu","9":"tag-actualites","10":"tag-eu","11":"tag-europe","12":"tag-fr","13":"tag-france","14":"tag-immobilier","15":"tag-incendie","16":"tag-news","17":"tag-normandie","18":"tag-republique-francaise","19":"tag-rouen","20":"tag-societe","21":"tag-urbanisme"},"share_on_mastodon":{"url":"https:\/\/pubeurope.com\/@fr\/114813815885153924","error":""},"_links":{"self":[{"href":"https:\/\/www.europesays.com\/fr\/wp-json\/wp\/v2\/posts\/233419","targetHints":{"allow":["GET"]}}],"collection":[{"href":"https:\/\/www.europesays.com\/fr\/wp-json\/wp\/v2\/posts"}],"about":[{"href":"https:\/\/www.europesays.com\/fr\/wp-json\/wp\/v2\/types\/post"}],"author":[{"embeddable":true,"href":"https:\/\/www.europesays.com\/fr\/wp-json\/wp\/v2\/users\/2"}],"replies":[{"embeddable":true,"href":"https:\/\/www.europesays.com\/fr\/wp-json\/wp\/v2\/comments?post=233419"}],"version-history":[{"count":0,"href":"https:\/\/www.europesays.com\/fr\/wp-json\/wp\/v2\/posts\/233419\/revisions"}],"wp:featuredmedia":[{"embeddable":true,"href":"https:\/\/www.europesays.com\/fr\/wp-json\/wp\/v2\/media\/233420"}],"wp:attachment":[{"href":"https:\/\/www.europesays.com\/fr\/wp-json\/wp\/v2\/media?parent=233419"}],"wp:term":[{"taxonomy":"category","embeddable":true,"href":"https:\/\/www.europesays.com\/fr\/wp-json\/wp\/v2\/categories?post=233419"},{"taxonomy":"post_tag","embeddable":true,"href":"https:\/\/www.europesays.com\/fr\/wp-json\/wp\/v2\/tags?post=233419"}],"curies":[{"name":"wp","href":"https:\/\/api.w.org\/{rel}","templated":true}]}}