{"id":233432,"date":"2025-07-07T20:28:12","date_gmt":"2025-07-07T20:28:12","guid":{"rendered":"https:\/\/www.europesays.com\/fr\/233432\/"},"modified":"2025-07-07T20:28:12","modified_gmt":"2025-07-07T20:28:12","slug":"alsace-a-strasbourg-des-cochons-priorises-sur-des-malades-du-cancer","status":"publish","type":"post","link":"https:\/\/www.europesays.com\/fr\/233432\/","title":{"rendered":"Alsace. A Strasbourg, des cochons prioris\u00e9s sur des malades du cancer"},"content":{"rendered":"<p>Y a-t-il eu ou non un arbitrage entre actes sur des humains et actes exp\u00e9rimentaux \u00e0 l\u2019IHU\u00a0? La sant\u00e9 de patients atteints de cancer a-t-elle \u00e9t\u00e9 mise en danger\u00a0? C\u2019est \u00e0 ces questions que devront r\u00e9pondre les enqu\u00eateurs de l\u2019Inspection g\u00e9n\u00e9rale des affaires sociales (Igas) et de l\u2019Inspection g\u00e9n\u00e9rale de l\u2019\u00e9ducation, du sport et de la recherche (IGESR), arriv\u00e9s le 1er \u00a0juillet \u00e0 Strasbourg.<\/p>\n<p>Comme des dizaines d\u2019autres patients, Philippe (*) a ainsi vu son examen, pr\u00e9vu le 25\u00a0mars au centre d\u2019imagerie m\u00e9dicale de <a href=\"https:\/\/www.lejsl.com\/sante\/2024\/03\/06\/l-institut-hospitalo-universitaire-de-strasbourg-passe-au-scanner\" target=\"_blank\" rel=\"nofollow noopener\">l\u2019IHU<\/a> , annul\u00e9 \u00e0 la&#8230;<\/p>\n","protected":false},"excerpt":{"rendered":"Y a-t-il eu ou non un arbitrage entre actes sur des humains et actes exp\u00e9rimentaux \u00e0 l\u2019IHU\u00a0? La&hellip;\n","protected":false},"author":2,"featured_media":233433,"comment_status":"","ping_status":"","sticky":false,"template":"","format":"standard","meta":{"footnotes":""},"categories":[2820],"tags":[1111,11,1777,674,1011,27,329,775,1686,12,25,71,640],"class_list":{"0":"post-233432","1":"post","2":"type-post","3":"status-publish","4":"format-standard","5":"has-post-thumbnail","7":"category-strasbourg","8":"tag-actu","9":"tag-actualites","10":"tag-eu","11":"tag-europe","12":"tag-fr","13":"tag-france","14":"tag-france-monde","15":"tag-grand-est","16":"tag-import-print","17":"tag-news","18":"tag-republique-francaise","19":"tag-sante","20":"tag-strasbourg"},"share_on_mastodon":{"url":"https:\/\/pubeurope.com\/@fr\/114813842588838394","error":""},"_links":{"self":[{"href":"https:\/\/www.europesays.com\/fr\/wp-json\/wp\/v2\/posts\/233432","targetHints":{"allow":["GET"]}}],"collection":[{"href":"https:\/\/www.europesays.com\/fr\/wp-json\/wp\/v2\/posts"}],"about":[{"href":"https:\/\/www.europesays.com\/fr\/wp-json\/wp\/v2\/types\/post"}],"author":[{"embeddable":true,"href":"https:\/\/www.europesays.com\/fr\/wp-json\/wp\/v2\/users\/2"}],"replies":[{"embeddable":true,"href":"https:\/\/www.europesays.com\/fr\/wp-json\/wp\/v2\/comments?post=233432"}],"version-history":[{"count":0,"href":"https:\/\/www.europesays.com\/fr\/wp-json\/wp\/v2\/posts\/233432\/revisions"}],"wp:featuredmedia":[{"embeddable":true,"href":"https:\/\/www.europesays.com\/fr\/wp-json\/wp\/v2\/media\/233433"}],"wp:attachment":[{"href":"https:\/\/www.europesays.com\/fr\/wp-json\/wp\/v2\/media?parent=233432"}],"wp:term":[{"taxonomy":"category","embeddable":true,"href":"https:\/\/www.europesays.com\/fr\/wp-json\/wp\/v2\/categories?post=233432"},{"taxonomy":"post_tag","embeddable":true,"href":"https:\/\/www.europesays.com\/fr\/wp-json\/wp\/v2\/tags?post=233432"}],"curies":[{"name":"wp","href":"https:\/\/api.w.org\/{rel}","templated":true}]}}