{"id":233434,"date":"2025-07-07T20:29:10","date_gmt":"2025-07-07T20:29:10","guid":{"rendered":"https:\/\/www.europesays.com\/fr\/233434\/"},"modified":"2025-07-07T20:29:10","modified_gmt":"2025-07-07T20:29:10","slug":"une-balade-en-mer-entre-villas-et-celebrites-au-depart-de-saint-jean-cap-ferrat","status":"publish","type":"post","link":"https:\/\/www.europesays.com\/fr\/233434\/","title":{"rendered":"Une balade en mer entre villas et c\u00e9l\u00e9brit\u00e9s au d\u00e9part de Saint-Jean-Cap Ferrat"},"content":{"rendered":"<p>\u00ab\u00a0Le bateau part du port de Saint-Jean-Cap-Ferrat en direction de Beaulieu-sur-Mer et ensuite on longe le Cap Ferrat jusqu\u2019\u00e0 Villefranche-sur-Mer. \u00a0\u00bb \u00c9milie et Lor\u00e9line, guides en mer, ont leur rituel d\u2019\u00e9t\u00e9 bien lanc\u00e9.<\/p>\n<p>Chaque mardi matin jusqu\u2019au 30 septembre, l\u2019office de tourisme de Saint-Jean-Cap-Ferrat organise des croisi\u00e8res \u00e0 bord de La Sir\u00e8ne, un bateau de cent places. \u00c0 bord, \u00c9milie et Lor\u00e9line racontent en fran\u00e7ais et en anglais la riche histoire du littoral.<\/p>\n<p>Au fil de la promenade, elles \u00e9voquent les villas somptueuses de la Belle \u00c9poque et leurs c\u00e9l\u00e8bres propri\u00e9taires, comme la baronne Ephrussi de Rothschild, le roi L\u00e9opold II ou Isadora Duncan. \u00ab\u00a0Nous livrons aussi l\u2019histoire plus contemporaine de Saint-Jean-Cap-Ferrat avec la pr\u00e9sence d\u2019artistes qui ont habit\u00e9 ici comme l\u2019acteur britannique David Niven \u00e0 la villa Lo Scoglietto o\u00f9 r\u00e9sida aussi Charlie Chaplin. Nous faisons d\u00e9couvrir aux passagers la tr\u00e8s hollywoodienne villa Alpha du r\u00e9alisateur Otto Preminger. Il y a aussi la Tour Saint Hospiceo\u00f9 l\u2019acteur allemand Curd J\u00fcrgens y a r\u00e9sid\u00e9. Nous pouvons aussi apercevoir les propri\u00e9t\u00e9s des \u00e9crivains Somers et Maugham ou encore celle d\u2019Andrew Lloyd Webber, compositeur, notamment, de la com\u00e9die musicale Cats \u00e0 la villa La Chabanne.\u00a0\u00bb<\/p>\n<p>Sans oublier les grands h\u00f4tels, dont le prestigieux Grand H\u00f4tel du Cap Ferrat, un embl\u00e8me de la Riviera depuis 1908, \u00e9lu premier palace de la C\u00f4t\u00e9 d\u2019Azur.<\/p>\n<p><strong>Tous les mardis, d\u00e9part \u00e0 10h45 quai Virgile Allari, c\u00f4t\u00e9 parking du Centenaire. Jusqu\u2019au 30 septembre. Dur\u00e9e: 1h15. 18 euros et 10 euros pour les -12 ans. Gratuit pour les &#8211; de 4 ans. R\u00e9servations \u00e0 l\u2019office de tourisme: 04.93.76.08.90.<\/strong><\/p>\n","protected":false},"excerpt":{"rendered":"\u00ab\u00a0Le bateau part du port de Saint-Jean-Cap-Ferrat en direction de Beaulieu-sur-Mer et ensuite on longe le Cap Ferrat&hellip;\n","protected":false},"author":2,"featured_media":233435,"comment_status":"","ping_status":"","sticky":false,"template":"","format":"standard","meta":{"footnotes":""},"categories":[2819],"tags":[1111,11,1777,674,1011,27,1393,12,2401,882,25],"class_list":{"0":"post-233434","1":"post","2":"type-post","3":"status-publish","4":"format-standard","5":"has-post-thumbnail","7":"category-nice","8":"tag-actu","9":"tag-actualites","10":"tag-eu","11":"tag-europe","12":"tag-fr","13":"tag-france","14":"tag-loisirs","15":"tag-news","16":"tag-nice","17":"tag-provence-alpes-cote-dazur","18":"tag-republique-francaise"},"share_on_mastodon":{"url":"https:\/\/pubeurope.com\/@fr\/114813846393213020","error":""},"_links":{"self":[{"href":"https:\/\/www.europesays.com\/fr\/wp-json\/wp\/v2\/posts\/233434","targetHints":{"allow":["GET"]}}],"collection":[{"href":"https:\/\/www.europesays.com\/fr\/wp-json\/wp\/v2\/posts"}],"about":[{"href":"https:\/\/www.europesays.com\/fr\/wp-json\/wp\/v2\/types\/post"}],"author":[{"embeddable":true,"href":"https:\/\/www.europesays.com\/fr\/wp-json\/wp\/v2\/users\/2"}],"replies":[{"embeddable":true,"href":"https:\/\/www.europesays.com\/fr\/wp-json\/wp\/v2\/comments?post=233434"}],"version-history":[{"count":0,"href":"https:\/\/www.europesays.com\/fr\/wp-json\/wp\/v2\/posts\/233434\/revisions"}],"wp:featuredmedia":[{"embeddable":true,"href":"https:\/\/www.europesays.com\/fr\/wp-json\/wp\/v2\/media\/233435"}],"wp:attachment":[{"href":"https:\/\/www.europesays.com\/fr\/wp-json\/wp\/v2\/media?parent=233434"}],"wp:term":[{"taxonomy":"category","embeddable":true,"href":"https:\/\/www.europesays.com\/fr\/wp-json\/wp\/v2\/categories?post=233434"},{"taxonomy":"post_tag","embeddable":true,"href":"https:\/\/www.europesays.com\/fr\/wp-json\/wp\/v2\/tags?post=233434"}],"curies":[{"name":"wp","href":"https:\/\/api.w.org\/{rel}","templated":true}]}}