{"id":233445,"date":"2025-07-07T20:35:11","date_gmt":"2025-07-07T20:35:11","guid":{"rendered":"https:\/\/www.europesays.com\/fr\/233445\/"},"modified":"2025-07-07T20:35:11","modified_gmt":"2025-07-07T20:35:11","slug":"sortir-a-toulouse-ce-nouveau-rooftop-accueille-des-concerts-et-des-soirees-club-durant-tout-lete","status":"publish","type":"post","link":"https:\/\/www.europesays.com\/fr\/233445\/","title":{"rendered":"Sortir \u00e0 Toulouse. Ce nouveau rooftop accueille des concerts et des soir\u00e9es club durant tout l&rsquo;\u00e9t\u00e9"},"content":{"rendered":"<p>            Par<br \/>\n        <strong><br \/>\n            <a href=\"https:\/\/actu.fr\/auteur\/gabriel-kenedi\" title=\"Consulter tous les articles de Gabriel Kenedi\" rel=\"nofollow noopener\" target=\"_blank\">Gabriel Kenedi<\/a><br \/>\n        <\/strong><\/p>\n<p>        Publi\u00e9 le<\/p>\n<p>            7 juil. 2025 \u00e0 19h02        <\/p>\n<p>Le saviez-vous\u2009? Durant tout l\u2019\u00e9t\u00e9, <strong>Interference,<\/strong> la toute nouvelle salle de spectacles <a href=\"https:\/\/actu.fr\/toulouse\/loisirs-culture\" rel=\"nofollow noopener\" target=\"_blank\">de l\u2019agglom\u00e9ration toulousaine<\/a> (situ\u00e9e \u00e0 quelques pas du m\u00e9tro Balma-Gramont), organise des \u00e9v\u00e9nements sur son <strong>rooftop<\/strong>\u2009! Il faut dire que ce dernier ne manque pas d\u2019atouts\u2009: d\u2019une superficie de 500\u00a0m2, il peut accueillir <strong>jusqu\u2019\u00e0 700\u00a0personnes<\/strong>\u2009!<\/p>\n<p>Un rooftop ouvert tous les jours<\/p>\n<p class=\" wall-content\">Tout au long de l\u2019\u00e9t\u00e9, Interference accueille donc des concerts et soir\u00e9es club sur son rooftop. \u00ab\u00a0Une s\u00e9rie de rendez-vous <strong>en plein air<\/strong> pour danser, chiller et voir le soleil se coucher sur fond de lives et DJ sets.<\/p>\n<p class=\" wall-content\">\u00ab\u2009Du reggaeton aux beats \u00e9lectroniques, <strong>du groove psych\u00e9 \u00e0 la disco<\/strong>, en passant par le rap, la house, la soul ou les musiques du monde\u2009: l\u2019\u00e9t\u00e9 sur notre terrasse s\u2019annonce aussi \u00e9clectique que vibrant. Jusqu\u2019en octobre, une seule consigne\u2009: prendre de la hauteur\u2009\u00bb, informe l\u2019\u00e9quipe d\u2019Interference.<\/p>\n<p>Des DJ sets \u00e0 la pelle<br \/>\n    <img   decoding=\"async\" loading=\"lazy\" src=\"https:\/\/www.europesays.com\/fr\/wp-content\/uploads\/2025\/07\/baccusxitf-3261-b-960x640.jpg\" alt=\"Baccus Social Club organise plusieurs soir\u00e9es sur le rooftop d'Interference. \" width=\"960\" height=\"640\"\/><br \/>\n    Baccus Social Club organise plusieurs soir\u00e9es sur le rooftop d\u2019Interference. (\u00a9Etienne Sahuc)Vid\u00e9os : en ce moment sur Actu<\/p>\n<p class=\" wall-content\">Bien connu \u00e0 Toulouse, le DJ <strong>Baccus Social Club<\/strong> y organise par exemple quelques soir\u00e9es dont il a le secret\u2009: les prochaines sessions auront lieu les 11\u00a0juillet, 2\u00a0ao\u00fbt et 14\u00a0septembre prochains\u2009!<\/p>\n<p class=\" wall-content\">On croisera y \u00e9galement <strong>Acid Arab<\/strong> (20\u00a0juillet), <strong>Jennifer Cardini<\/strong> (3\u00a0ao\u00fbt), ou encore le collectif Suppl\u00e9ment Groove, qui f\u00eatera ses 3\u00a0ans le 23\u00a0ao\u00fbt.\u00a0Et la programmation perdurera tout l\u2019\u00e9t\u00e9, et m\u00eame au-del\u00e0, jusqu\u2019au 18\u00a0octobre.<\/p>\n<p>Des concerts d\u2019\u00e9t\u00e9<\/p>\n<p class=\" wall-content\">Mais Interference laisse place aussi \u00e0 d\u2019autres esth\u00e9tiques musicales en organisant <strong>quelques concerts d\u2019\u00e9t\u00e9<\/strong>, toujours sur son rooftop\u2009!<\/p>\n<p class=\" wall-content\">Une des premi\u00e8res soir\u00e9es du genre aura lieu le 10\u00a0juillet\u2009:<strong> Sababa 5<\/strong>, quartet originaire de Tel-Aviv, proposera une v\u00e9ritable fusion instrumentale o\u00f9 s\u2019entrem\u00ealent les vibrations de l\u2019afro-disco, du funk et du jazz. Et ce seront les Marseillais de <strong>Biens\u00fcr<\/strong> qui poursuivront la soir\u00e9e en proposant une \u00e9lectro-disco teint\u00e9e de m\u00e9lodies anatoliennes.<\/p>\n<p class=\" wall-content\">Le 31\u00a0juillet, c\u2019est Ago Gazo qui se produira sur le rooftop. <strong>Ago Gazo<\/strong> fusionne musiques traditionnelles togolaises et sons \u00e9lectroniques pour cr\u00e9er une transe \u00e9motionnelle et percutante.<\/p>\n<p class=\" wall-content\"><strong>Les soir\u00e9es club et concerts programm\u00e9s cet \u00e9t\u00e9 sur le rooftop d\u2019Interference\u2009:<\/strong><\/p>\n<p class=\" wall-content\"><a href=\"https:\/\/www.instagram.com\/p\/DJuKRaxI1Ec\/embed\" title=\"Ouvrir le lien sur Instagram\" rel=\"nofollow noopener\" target=\"_blank\">Visualiser le contenu sur Instagram<\/a><\/p>\n<p>Le rooftop toujours ouvert en septembre<\/p>\n<p class=\" wall-content\">\u00c0 noter que le rooftop d\u2019Interference sera \u00e9galement ouvert en septembre\u2026 avant la reprise des concerts et soir\u00e9es club dans la grande salle de spectacles, qui red\u00e9marrent \u00e0 partir du 20\u00a0septembre avec la venue de la star mondiale de l\u2019\u00e9lectro<strong> Sara Landry<\/strong> (co-organis\u00e9e par le Bricks Festival et Reevolt).<\/p>\n<p>Des soir\u00e9es clubs et concert dans la grande salle d\u00e8s septembre<\/p>\n<p>Pour d\u00e9couvrir la grande salle Aura (elle peut accueillir jusqu&rsquo;\u00e0 2500 personnes en mode club), il faudra patienter jusqu&rsquo;\u00e0 septembre, avec la venue de la star de la musique \u00e9lectro Sara Landry, le samedi 13 septembre prochain. Suivront \u00e9galement (et entre autres) Superbus, Tsew The Kid ou encore Swan P\u00e9riss\u00e9, Kery James ou Lorie !\u00a0<\/p>\n<p>Infos pratiques<br \/><a href=\"https:\/\/interference-toulouse.fr\/\" rel=\"nofollow noopener\" target=\"_blank\">Interference<\/a>, 56 Rte de Lavaur, 31130 Balma<\/p>\n<p class=\" wall-content\">Suivez toute l\u2019actualit\u00e9 de vos villes et m\u00e9dias favoris en vous inscrivant \u00e0 <a href=\"https:\/\/moncompte.actu.fr\" title=\"D\u00e9couvez Mon Actu\" rel=\"nofollow noopener\" data-trk=\"{&quot;cta&quot;:{&quot;action&quot;:&quot;https:\\\/\\\/moncompte.actu.fr&quot;,&quot;category&quot;:&quot;mon compte&quot;,&quot;from&quot;:&quot;article footer&quot;,&quot;name&quot;:&quot;Mon actu&quot;,&quot;type&quot;:&quot;cta&quot;}}\" target=\"_blank\">Mon Actu<\/a>.<\/p>\n<p>                    <script async src=\"\/\/www.instagram.com\/embed.js\"><\/script><\/p>\n","protected":false},"excerpt":{"rendered":"Par Gabriel Kenedi Publi\u00e9 le 7 juil. 2025 \u00e0 19h02 Le saviez-vous\u2009? Durant tout l\u2019\u00e9t\u00e9, Interference, la toute&hellip;\n","protected":false},"author":2,"featured_media":233446,"comment_status":"","ping_status":"","sticky":false,"template":"","format":"standard","meta":{"footnotes":""},"categories":[2816],"tags":[1111,11,1777,674,1011,27,1652,12,2680,25,1341,2312],"class_list":{"0":"post-233445","1":"post","2":"type-post","3":"status-publish","4":"format-standard","5":"has-post-thumbnail","7":"category-toulouse","8":"tag-actu","9":"tag-actualites","10":"tag-eu","11":"tag-europe","12":"tag-fr","13":"tag-france","14":"tag-loisirs-culture","15":"tag-news","16":"tag-occitanie","17":"tag-republique-francaise","18":"tag-sortir-a-toulouse","19":"tag-toulouse"},"share_on_mastodon":{"url":"https:\/\/pubeurope.com\/@fr\/114813870270834358","error":""},"_links":{"self":[{"href":"https:\/\/www.europesays.com\/fr\/wp-json\/wp\/v2\/posts\/233445","targetHints":{"allow":["GET"]}}],"collection":[{"href":"https:\/\/www.europesays.com\/fr\/wp-json\/wp\/v2\/posts"}],"about":[{"href":"https:\/\/www.europesays.com\/fr\/wp-json\/wp\/v2\/types\/post"}],"author":[{"embeddable":true,"href":"https:\/\/www.europesays.com\/fr\/wp-json\/wp\/v2\/users\/2"}],"replies":[{"embeddable":true,"href":"https:\/\/www.europesays.com\/fr\/wp-json\/wp\/v2\/comments?post=233445"}],"version-history":[{"count":0,"href":"https:\/\/www.europesays.com\/fr\/wp-json\/wp\/v2\/posts\/233445\/revisions"}],"wp:featuredmedia":[{"embeddable":true,"href":"https:\/\/www.europesays.com\/fr\/wp-json\/wp\/v2\/media\/233446"}],"wp:attachment":[{"href":"https:\/\/www.europesays.com\/fr\/wp-json\/wp\/v2\/media?parent=233445"}],"wp:term":[{"taxonomy":"category","embeddable":true,"href":"https:\/\/www.europesays.com\/fr\/wp-json\/wp\/v2\/categories?post=233445"},{"taxonomy":"post_tag","embeddable":true,"href":"https:\/\/www.europesays.com\/fr\/wp-json\/wp\/v2\/tags?post=233445"}],"curies":[{"name":"wp","href":"https:\/\/api.w.org\/{rel}","templated":true}]}}