{"id":233454,"date":"2025-07-07T20:40:19","date_gmt":"2025-07-07T20:40:19","guid":{"rendered":"https:\/\/www.europesays.com\/fr\/233454\/"},"modified":"2025-07-07T20:40:19","modified_gmt":"2025-07-07T20:40:19","slug":"effondrements-de-la-rue-daubagne-a-marseille-prison-sous-bracelet-pour-trois-proprietaires-07-07-2025-a-1955","status":"publish","type":"post","link":"https:\/\/www.europesays.com\/fr\/233454\/","title":{"rendered":"Effondrements de la rue d&rsquo;Aubagne \u00e0 Marseille: prison sous bracelet pour trois propri\u00e9taires &#8211; 07\/07\/2025 \u00e0 19:55"},"content":{"rendered":"<p>        <img fetchpriority=\"high\" decoding=\"async\" src=\"https:\/\/www.europesays.com\/fr\/wp-content\/uploads\/2025\/07\/8206d365ab29151b14b85661f171b07b-760x506.jpg\" alt=\"Un v\u00e9hicule des marins-pompiers devant le palais de justice o\u00f9 le verdict dans l'affaire de l'effondrement mortel de deux immeubles d'habitation\u00a0rue d'Aubagne en 2018, a \u00e9t\u00e9 interrompu et la salle d'audience \u00e9vacu\u00e9e apr\u00e8s le malaise d'un des accus\u00e9s reconnu coupable, le 7 juillet 2025 \u00e0 Marseille ( AFP \/ Clement MAHOUDEAU )\" loading=\"eager\" width=\"760\" height=\"506\" style=\"max-width: 100%!important; height: auto;\"\/><\/p>\n<p class=\"c-image-news__legend\">Un v\u00e9hicule des marins-pompiers devant le palais de justice o\u00f9 le verdict dans l&rsquo;affaire de l&rsquo;effondrement mortel de deux immeubles d&rsquo;habitation\u00a0rue d&rsquo;Aubagne en 2018, a \u00e9t\u00e9 interrompu et la salle d&rsquo;audience \u00e9vacu\u00e9e apr\u00e8s le malaise d&rsquo;un des accus\u00e9s reconnu coupable, le 7 juillet 2025 \u00e0 Marseille ( AFP \/ Clement MAHOUDEAU )<\/p>\n<p>\n Symbole du fl\u00e9au du logement indigne \u00e0 Marseille, le proc\u00e8s des effondrements mortels de la rue d&rsquo;Aubagne s&rsquo;est sold\u00e9 lundi par de la prison ferme, sous bracelet \u00e9lectronique, pour trois copropri\u00e9taires, mais du sursis seulement pour un architecte-expert et un ex-adjoint au maire.\n<\/p>\n<p>\n Alors que la justice marseillaise n&rsquo;h\u00e9site plus \u00e0 envoyer des marchands de sommeil en prison, ces d\u00e9cisions de prison ferme mais sans mandat de d\u00e9p\u00f4t ont \u00e9t\u00e9 mal re\u00e7ues par les dizaines de personnes venues assister \u00e0 ce d\u00e9lib\u00e9r\u00e9, qui ont cri\u00e9 \u00ab\u00a0assassins\u00a0\u00bb aux principaux condamn\u00e9s sortant de la salle.\n<\/p>\n<\/p>\n<p>\n \u00ab\u00a0C&rsquo;est un jugement assez cl\u00e9ment (&#8230;), on attendait plus\u00a0\u00bb, a reconnu Anissa Harbaoui, copr\u00e9sidente de l&rsquo;Assembl\u00e9e des d\u00e9log\u00e9s.\n<\/p>\n<p>\n Parmi les 16 pr\u00e9venus, seuls dix ont \u00e9t\u00e9 condamn\u00e9s, dont quatre copropri\u00e9taires de la rue d&rsquo;Aubagne o\u00f9 huit locataires ont perdu la vie. Mais les familles des victimes ont tent\u00e9 de temporiser.\n<\/p>\n<p>\n Le tribunal a \u00ab\u00a0envoy\u00e9 un message important pour les condamner, et \u00e7a c&rsquo;est tr\u00e8s bien\u00a0\u00bb mais \u00ab\u00a0pas suffisamment fort\u00a0\u00bb, a regrett\u00e9 Liliana Lalonde, m\u00e8re de Julien Lalonde, disparu le 5 novembre 2018, \u00e0 l&rsquo;\u00e2ge de 30 ans. Elle a d\u00e9plor\u00e9 que les deux bailleurs de son fils aient \u00e9t\u00e9 relax\u00e9s.\n<\/p>\n<p>\n Le fils a\u00een\u00e9 d&rsquo;Ouloume Sa\u00efd Hassani, m\u00e8re de famille comorienne d\u00e9c\u00e9d\u00e9e dans le drame, a lui \u00e9t\u00e9 satisfait des mots tr\u00e8s durs employ\u00e9s par le pr\u00e9sident Pascal Gand face au \u00ab\u00a0m\u00e9pris assum\u00e9\u00a0\u00bb de leurs propri\u00e9taires, la famille Ardilly, qui a manifest\u00e9 un \u00ab\u00a0d\u00e9sint\u00e9r\u00eat total\u00a0\u00bb pour les probl\u00e8mes structurels de l&rsquo;immeuble et une globale \u00ab\u00a0indiff\u00e9rence face \u00e0 l&rsquo;\u00e9tat d\u00e9plorable\u00a0\u00bb de leur appartement.\n<\/p>\n<p> &#8211; Un proc\u00e8s \u00ab\u00a0formateur\u00a0\u00bb ? &#8211;<\/p>\n<p>        <img decoding=\"async\" src=\"https:\/\/www.europesays.com\/fr\/wp-content\/uploads\/2025\/07\/a2cac8ced0118cc6412c8d5f5a22de7a-760x507.jpg\" alt=\"Liliana Lalonde, m\u00e8re de Julien Lalonde, disparu lors de l'effondreement de deux immeubles de la rue d'Aubagne \u00e0 Marseille, s'exprime devant la presse Palais de justice de la ville, le 7 juillet 2025 ( AFP \/ CLEMENT MAHOUDEAU )\" loading=\"eager\" width=\"760\" height=\"507\" style=\"max-width: 100%!important; height: auto;\"\/><\/p>\n<p class=\"c-image-news__legend\">Liliana Lalonde, m\u00e8re de Julien Lalonde, disparu lors de l&rsquo;effondreement de deux immeubles de la rue d&rsquo;Aubagne \u00e0 Marseille, s&rsquo;exprime devant la presse Palais de justice de la ville, le 7 juillet 2025 ( AFP \/ CLEMENT MAHOUDEAU )<\/p>\n<p>\n A ces mots, le fils Ardilly, S\u00e9bastien, a fait un malaise, provoquant une interruption d&rsquo;audience d&rsquo;une quarantaine de minutes. Il a finalement \u00e9t\u00e9 condamn\u00e9 \u00e0 trois ans de prison dont un an ferme, son p\u00e8re Gilbert \u00e0 quatre ans dont deux ans ferme, l\u00e0 encore sous bracelet, et sa m\u00e8re \u00e0 trois ans avec sursis.\n<\/p>\n<p>\n Mais, pour le tribunal, les fautes \u00ab\u00a0les plus graves\u00a0\u00bb sont venues du cabinet Liautard, le syndic de l&rsquo;immeuble, et de Xavier Cachard, l&rsquo;avocat de ce syndic, \u00e9galement propri\u00e9taire d&rsquo;un appartement.\n<\/p>\n<p>\n Condamn\u00e9 \u00e0 quatre ans de prison dont deux ans ferme sous bracelet \u00e9lectronique, ce copropri\u00e9taire, alors \u00e9lu \u00e0 la r\u00e9gion Paca, avait adopt\u00e9 \u00ab\u00a0une strat\u00e9gie d&rsquo;obstruction des travaux n\u00e9cessaires\u00a0\u00bb avec une \u00ab\u00a0emprise manifeste sur les d\u00e9cisions et les votes\u00a0\u00bb.\n<\/p>\n<p>\n L&rsquo;ex-\u00e9lu a aussi \u00e9t\u00e9 condamn\u00e9 \u00e0 une amende de 100.000 euros, tout comme le cabinet Liautard. M. Cachard va faire appel de sa condamnation, selon son avocat Me Pierre Ceccaldi.\n<\/p>\n<p>\n Ce jugement est en creux une critique du travail des magistrats instructeurs, qui n&rsquo;avaient poursuivi aucun copropri\u00e9taire. S&rsquo;ils ont \u00e9t\u00e9 jug\u00e9s, c&rsquo;est sur citations directes par des parties civiles.\n<\/p>\n<p>\n Quant aux deux principaux pr\u00e9venus renvoy\u00e9s devant le tribunal apr\u00e8s l&rsquo;instruction, l&rsquo;expert-architecte Richard Carta, pourtant reconnu coupable de \u00ab\u00a0faute caract\u00e9ris\u00e9e\u00a0\u00bb en b\u00e2clant une visite de l&rsquo;immeuble quelques jours avant le drame, et l&rsquo;ex-adjoint au maire Julien Ruas, alors charg\u00e9 du logement insalubre, ils ont \u00e9t\u00e9 condamn\u00e9s \u00e0 des peines inf\u00e9rieures, deux ans de prison avec sursis.\n<\/p>\n<p>        <img decoding=\"async\" src=\"https:\/\/www.europesays.com\/fr\/wp-content\/uploads\/2025\/07\/62ad120c7abfe596141a1a304dcdc7c1-760x507.jpg\" alt=\"Des parents de victimes (g) et des membres du &quot;Collectif du 5 Novembre&quot; s'adressent \u00e0 la presse devant le palais de justice avant l'annonce du verdict dans l'affaire de l'effondrement mortel de deux immeubles d'habitation rue d'Aubagne en 2018, le 7 juillet 2025 \u00e0 Marseille ( AFP \/ Clement MAHOUDEAU )\" loading=\"eager\" width=\"760\" height=\"507\" style=\"max-width: 100%!important; height: auto;\"\/><\/p>\n<p class=\"c-image-news__legend\">Des parents de victimes (g) et des membres du \u00ab\u00a0Collectif du 5 Novembre\u00a0\u00bb s&rsquo;adressent \u00e0 la presse devant le palais de justice avant l&rsquo;annonce du verdict dans l&rsquo;affaire de l&rsquo;effondrement mortel de deux immeubles d&rsquo;habitation rue d&rsquo;Aubagne en 2018, le 7 juillet 2025 \u00e0 Marseille ( AFP \/ Clement MAHOUDEAU )<\/p>\n<p>\n Julien Ruas, alors adjoint de Jean-Claude Gaudin, maire LR de la ville, ne s&rsquo;\u00e9tait \u00ab\u00a0aucunement mobilis\u00e9 pour mettre en place une politique volontariste de lutte contre les immeubles en p\u00e9ril\u00a0\u00bb, a estim\u00e9 le tribunal.\n<\/p>\n<p>\n La peine est \u00ab\u00a0cl\u00e9mente\u00a0\u00bb, a convenu l&rsquo;un des avocats de Julien Ruas, Me Erick Campana. Mais comme \u00ab\u00a0il crie son innocence, il va faire appel\u00a0\u00bb.\n<\/p>\n<p>\n Autre camouflet pour l&rsquo;instruction: la relaxe du bailleur social de la ville, Marseille Habitat, qui d\u00e9tenait le b\u00e2timent mitoyen, au num\u00e9ro 63, inoccup\u00e9 et totalement insalubre lors du drame. Les six semaines de d\u00e9bats \u00e0 l&rsquo;automne avaient permis d&rsquo;\u00e9tablir que les effondrements des 63 et 65 \u00e9taient in\u00e9luctables, vu l&rsquo;\u00e9tat du b\u00e2ti.\n<\/p>\n<p>\n \u00ab\u00a0Nous ne pouvons contenir notre indignation concernant la relaxe de certains propri\u00e9taires priv\u00e9s et de Marseille Habitat\u00a0\u00bb, a r\u00e9agi dans un communiqu\u00e9 le Collectif du 5 novembre, reconnaissant toutefois que le jugement a \u00ab\u00a0clairement mis en cause des responsabilit\u00e9s politiques majeures ainsi que le syst\u00e8me de l&rsquo;habitat indigne\u00a0\u00bb.\n<\/p>\n<p>\n Le proc\u00e8s avait aussi montr\u00e9 l&rsquo;inaction de la pr\u00e9c\u00e9dente majorit\u00e9 municipale &#8211; dont la constitution de partie civile avait \u00e9t\u00e9 refus\u00e9e -contre l&rsquo;habitat indigne, dans une ville min\u00e9e par au moins 40.000 taudis.\n<\/p>\n<p>\n \u00ab\u00a0Marseille pr\u00e9sente ses excuses publiques et \u00e9ternelles \u00e0 ses enfants, morts du seul fait d\u2019\u00eatre chez eux\u00a0\u00bb, a comment\u00e9 le maire divers gauche de Marseille, Beno\u00eet Payan.\n<\/p>\n<p>\n Il n&rsquo;y a plus qu&rsquo;\u00e0 esp\u00e9rer que ce proc\u00e8s se montrera \u00ab\u00a0formateur pour tout un tas de professionnels\u00a0\u00bb du logement, a d\u00e9clar\u00e9 Me C\u00e9line Lendo, avocate des parents de Simona Carpignano, cette jeune Italienne parmi les huit victimes.\n<\/p>\n<p>\n Deux audiences civiles fixeront fin 2025 et en 2026 les pr\u00e9judices de la centaine de parties civiles de ce dossier, estim\u00e9s pour l&rsquo;heure \u00e0 au moins 1,4 million d&rsquo;euros.<\/p>\n","protected":false},"excerpt":{"rendered":"Un v\u00e9hicule des marins-pompiers devant le palais de justice o\u00f9 le verdict dans l&rsquo;affaire de l&rsquo;effondrement mortel de&hellip;\n","protected":false},"author":2,"featured_media":233455,"comment_status":"","ping_status":"","sticky":false,"template":"","format":"standard","meta":{"footnotes":""},"categories":[2814],"tags":[400,1111,11,398,408,405,1777,674,1011,27,403,402,399,404,884,12,882,25,401,406,407],"class_list":{"0":"post-233454","1":"post","2":"type-post","3":"status-publish","4":"format-standard","5":"has-post-thumbnail","7":"category-marseille","8":"tag-action-cac-40","9":"tag-actu","10":"tag-actualites","11":"tag-bourse-de-paris","12":"tag-boursorama","13":"tag-cotations","14":"tag-eu","15":"tag-europe","16":"tag-fr","17":"tag-france","18":"tag-indices-devises","19":"tag-investir","20":"tag-investissement","21":"tag-marche-boursier","22":"tag-marseille","23":"tag-news","24":"tag-provence-alpes-cote-dazur","25":"tag-republique-francaise","26":"tag-sicav","27":"tag-trackers","28":"tag-warrants"},"share_on_mastodon":{"url":"https:\/\/pubeurope.com\/@fr\/114813889872704005","error":""},"_links":{"self":[{"href":"https:\/\/www.europesays.com\/fr\/wp-json\/wp\/v2\/posts\/233454","targetHints":{"allow":["GET"]}}],"collection":[{"href":"https:\/\/www.europesays.com\/fr\/wp-json\/wp\/v2\/posts"}],"about":[{"href":"https:\/\/www.europesays.com\/fr\/wp-json\/wp\/v2\/types\/post"}],"author":[{"embeddable":true,"href":"https:\/\/www.europesays.com\/fr\/wp-json\/wp\/v2\/users\/2"}],"replies":[{"embeddable":true,"href":"https:\/\/www.europesays.com\/fr\/wp-json\/wp\/v2\/comments?post=233454"}],"version-history":[{"count":0,"href":"https:\/\/www.europesays.com\/fr\/wp-json\/wp\/v2\/posts\/233454\/revisions"}],"wp:featuredmedia":[{"embeddable":true,"href":"https:\/\/www.europesays.com\/fr\/wp-json\/wp\/v2\/media\/233455"}],"wp:attachment":[{"href":"https:\/\/www.europesays.com\/fr\/wp-json\/wp\/v2\/media?parent=233454"}],"wp:term":[{"taxonomy":"category","embeddable":true,"href":"https:\/\/www.europesays.com\/fr\/wp-json\/wp\/v2\/categories?post=233454"},{"taxonomy":"post_tag","embeddable":true,"href":"https:\/\/www.europesays.com\/fr\/wp-json\/wp\/v2\/tags?post=233454"}],"curies":[{"name":"wp","href":"https:\/\/api.w.org\/{rel}","templated":true}]}}