{"id":233462,"date":"2025-07-07T20:45:11","date_gmt":"2025-07-07T20:45:11","guid":{"rendered":"https:\/\/www.europesays.com\/fr\/233462\/"},"modified":"2025-07-07T20:45:11","modified_gmt":"2025-07-07T20:45:11","slug":"la-guinee-equatoriale-fait-appel-a-la-cij-pour-recuperer-un-hotel-particulier-parisien","status":"publish","type":"post","link":"https:\/\/www.europesays.com\/fr\/233462\/","title":{"rendered":"La Guin\u00e9e \u00e9quatoriale fait appel \u00e0 la CIJ pour r\u00e9cup\u00e9rer un h\u00f4tel particulier parisien"},"content":{"rendered":"\n<p>Petit rappel des faits pour planter le d\u00e9cor\u00a0: en 2021, Teodorin Nguema Obiang, vice-pr\u00e9sident et fils du pr\u00e9sident \u00e9quato-guin\u00e9en, avait \u00e9t\u00e9 condamn\u00e9 par la justice fran\u00e7aise pour blanchiment, abus de biens sociaux, corruption et d\u00e9tournement de fonds publics. Dans ce cadre, une somptueuse propri\u00e9t\u00e9 tapiss\u00e9e de dorures et de marbre, sise dans le 16e\u00a0arrondissement de Paris, appartenant suppos\u00e9ment au vice-pr\u00e9sident \u00e9quato-guin\u00e9en avait \u00e9t\u00e9 saisie en vertu d\u2019une loi visant \u00e0 frapper les fortunes frauduleusement acquises par des dirigeants \u00e9trangers.<\/p>\n<p>Quatre ans plus tard, le 4\u00a0juillet 2025 pr\u00e9cis\u00e9ment, la Guin\u00e9e \u00e9quatoriale contre-attaque en d\u00e9posant une requ\u00eate contre la France devant la Cour internationale de justice (CIJ), bien d\u00e9termin\u00e9e \u00e0 bloquer la vente de ce symbole de prestige et surtout de souverainet\u00e9, d\u2019autant que le bien litigieux serait, selon la partie plaignante, une mission diplomatique qui devrait, \u00e0 ce titre, b\u00e9n\u00e9ficier de l\u2019immunit\u00e9 pr\u00e9vue par la convention de Vienne de 1961.<\/p>\n<p>Ce nouveau rebondissement est peut-\u00eatre le d\u00e9but d\u2019une saga judiciaire et d\u2019un bras de fer aux r\u00e9percussions politico-diplomatiques, puisque, pour la France, ce recours n\u2019est rien d\u2019autre qu\u2019une tentative d\u00e9sesp\u00e9r\u00e9e du r\u00e9gime de Malabo pour pr\u00e9senter cette forteresse d\u2019origine douteuse comme une mission diplomatique, alors qu\u2019elle sert d\u2019\u00e9crin pour les fastes priv\u00e9s du tout-puissant fils du pr\u00e9sident Obiang.<\/p>\n<p>                    \u201cLuxe insolent\u201d       <\/p>\n<p>Ce diff\u00e9rend rappelle un pr\u00e9c\u00e9dent, celui de 2018, au terme duquel la CIJ avait d\u00e9j\u00e0 d\u00e9bout\u00e9, sur le fond, la Guin\u00e9e \u00e9quatoriale par rapport au m\u00eame objet, estimant qu\u2019aucun usage diplomatique de l\u2019immeuble n\u2019\u00e9tait \u00e9tabli. Aujourd\u2019hui, Malabo joue manifestement sa derni\u00e8re carte pour \u00e9viter la liquidation d\u2019un bien devenu, aux yeux de Paris, symbole d\u2019enrichissement illicite et de lutte contre la corruption transnationale.<\/p>\n<p>Obtiendra-t-elle gain de cause\u00a0? Ou verra-t-elle sa requ\u00eate balay\u00e9e comme en 2018\u00a0? Une chose est s\u00fbre, c\u2019est que c\u2019est un arbitrage explosif m\u00ealant luxe insolent et droit international qui est attendu dans les prochains jours. Le verdict sera d\u2019autant plus int\u00e9ressant \u00e0 suivre qu\u2019il permettra de savoir si la CIJ est d\u00e9cid\u00e9e \u00e0 restaurer la primaut\u00e9 du droit en donnant, cette fois-ci, raison \u00e0 la Guin\u00e9e \u00e9quatoriale avec la sanctuarisation du b\u00e2timent querell\u00e9, conform\u00e9ment aux prescriptions des conventions internationales, ou, a contrario, \u00e0 refuser, comme il y a sept\u00a0ans, de servir de paravent \u00e0 une \u00e9lite pr\u00e9datrice qui a b\u00e2ti sa fortune opaque sur la corruption et le pillage des richesses de son pays.<\/p>\n<p>Dans cette affaire, la France joue les justiciers, mais on peut se demander, a posteriori, o\u00f9 \u00e9tait Paris quand le m\u00eame Teodorin Obiang s\u2019offrait des yachts et des Lamborghini avec l\u2019argent du p\u00e9trole vol\u00e9 \u00e0 la Guin\u00e9e \u00e9quatoriale\u00a0? Pourquoi la justice fran\u00e7aise a-t-elle attendu autant de temps avant d\u2019agir\u00a0contre ce r\u00e9gime qui a affam\u00e9 son peuple pendant pr\u00e8s de cinquante\u00a0ans\u00a0?<\/p>\n<p>La v\u00e9rit\u00e9 est que la France sait tr\u00e8s bien que tous ces oligarques sont corrompus, mais elle ferme herm\u00e9tiquement les yeux tant qu\u2019ils ach\u00e8tent ses armes et ses entreprises, et lui vendent du p\u00e9trole \u00e0 moindre co\u00fbt.<\/p>\n<p>               Opportunisme fran\u00e7ais\u00a0?       <\/p>\n<p>Elle aurait d\u00fb geler, en effet, tous leurs avoirs, poursuivre les complices, c\u2019est-\u00e0-dire les banques, les notaires et les hommes d\u2019affaires qui ont facilit\u00e9 le blanchiment, et surtout rendre l\u2019argent au peuple \u00e9quato-guin\u00e9en au lieu de l\u2019engloutir dans le budget de l\u2019\u00c9tat fran\u00e7ais, comme il se susurre. Il n\u2019y a malheureusement rien de tout cela, et c\u2019est sans doute la raison pour laquelle les ploutocrates de Malabo jouent aujourd\u2019hui les victimes, et se comportent comme ce voleur audacieux qui attaque la police pour avoir os\u00e9 lui reprendre son butin.<\/p>\n<p>La justice internationale a en tout cas, encore une fois, l\u2019occasion de faire comprendre, peut-\u00eatre une bonne fois pour toutes, aux dirigeants de ce petit \u00c9tat hispanophone\u00a0nich\u00e9 entre le Cameroun et le Gabon que m\u00eame l\u2019immunit\u00e9 diplomatique qu\u2019ils invoquent, dans ce cas-ci, pour r\u00e9cup\u00e9rer ce b\u00e2timent qui suscite la controverse n\u2019est nullement un bouclier pour piller le pays et cacher leur butin en France ou dans des paradis fiscaux, alors que la majorit\u00e9 de leurs compatriotes vivent avec moins de deux\u00a0dollars par jour.<\/p>\n<p>Pour tout dire, et au risque de nous r\u00e9p\u00e9ter, la d\u00e9cision de la CIJ sera scrut\u00e9e de pr\u00e8s non seulement pour son impact sur les relations entre les deux pays, mais aussi pour la jurisprudence qu\u2019elle pourrait cr\u00e9er en mati\u00e8re d\u2019immunit\u00e9 diplomatique et de restitution de biens mal acquis.<\/p>\n","protected":false},"excerpt":{"rendered":"Petit rappel des faits pour planter le d\u00e9cor\u00a0: en 2021, Teodorin Nguema Obiang, vice-pr\u00e9sident et fils du pr\u00e9sident&hellip;\n","protected":false},"author":2,"featured_media":233463,"comment_status":"","ping_status":"","sticky":false,"template":"","format":"standard","meta":{"footnotes":""},"categories":[1888],"tags":[1111,1928,11,1927,879,1770,1777,674,1011,27,37219,37218,27266,12,1926,626,1925,25,17786,1857],"class_list":{"0":"post-233462","1":"post","2":"type-post","3":"status-publish","4":"format-standard","5":"has-post-thumbnail","7":"category-paris","8":"tag-actu","9":"tag-actu-paris","10":"tag-actualites","11":"tag-actualites-paris","12":"tag-afrique","13":"tag-corruption","14":"tag-eu","15":"tag-europe","16":"tag-fr","17":"tag-france","18":"tag-franu00e7afrique","19":"tag-guinu00e9e-u00e9quatoriale","20":"tag-inu00e9galitu00e9s","21":"tag-news","22":"tag-news-paris","23":"tag-paris","24":"tag-paris-news","25":"tag-republique-francaise","26":"tag-richesse","27":"tag-sociu00e9tu00e9"},"share_on_mastodon":{"url":"https:\/\/pubeurope.com\/@fr\/114813909573494872","error":""},"_links":{"self":[{"href":"https:\/\/www.europesays.com\/fr\/wp-json\/wp\/v2\/posts\/233462","targetHints":{"allow":["GET"]}}],"collection":[{"href":"https:\/\/www.europesays.com\/fr\/wp-json\/wp\/v2\/posts"}],"about":[{"href":"https:\/\/www.europesays.com\/fr\/wp-json\/wp\/v2\/types\/post"}],"author":[{"embeddable":true,"href":"https:\/\/www.europesays.com\/fr\/wp-json\/wp\/v2\/users\/2"}],"replies":[{"embeddable":true,"href":"https:\/\/www.europesays.com\/fr\/wp-json\/wp\/v2\/comments?post=233462"}],"version-history":[{"count":0,"href":"https:\/\/www.europesays.com\/fr\/wp-json\/wp\/v2\/posts\/233462\/revisions"}],"wp:featuredmedia":[{"embeddable":true,"href":"https:\/\/www.europesays.com\/fr\/wp-json\/wp\/v2\/media\/233463"}],"wp:attachment":[{"href":"https:\/\/www.europesays.com\/fr\/wp-json\/wp\/v2\/media?parent=233462"}],"wp:term":[{"taxonomy":"category","embeddable":true,"href":"https:\/\/www.europesays.com\/fr\/wp-json\/wp\/v2\/categories?post=233462"},{"taxonomy":"post_tag","embeddable":true,"href":"https:\/\/www.europesays.com\/fr\/wp-json\/wp\/v2\/tags?post=233462"}],"curies":[{"name":"wp","href":"https:\/\/api.w.org\/{rel}","templated":true}]}}