{"id":233464,"date":"2025-07-07T20:46:25","date_gmt":"2025-07-07T20:46:25","guid":{"rendered":"https:\/\/www.europesays.com\/fr\/233464\/"},"modified":"2025-07-07T20:46:25","modified_gmt":"2025-07-07T20:46:25","slug":"cote-divoire-50e-session-de-lapf-en-france-bictogo-et-kandia-a-fond-dans-la-diplomatie-parlementaire-a-paris","status":"publish","type":"post","link":"https:\/\/www.europesays.com\/fr\/233464\/","title":{"rendered":"C\u00f4te d&rsquo;Ivoire : 50\u00e8 session de l&rsquo;APF en France, Bictogo et Kandia \u00e0 fond dans la diplomatie parlementaire \u00e0 Paris"},"content":{"rendered":"<p>\u00a9 Koaci.com &#8211; lundi 07 juillet 2025 &#8211; 13:40<\/p>\n<p>La C\u00f4te d\u2019Ivoire prendra part \u00e0 la 50\u1d49 session de l\u2019Assembl\u00e9e<a href=\"https:\/\/www.koaci.com\/recherche?search=+parlementaire\" rel=\"nofollow noopener\" target=\"_blank\"> parlementaire<\/a> de la<a href=\"https:\/\/www.koaci.com\/recherche?search=+Francophonie\" rel=\"nofollow noopener\" target=\"_blank\"> Francophonie<\/a> (APF), qui se tiendra \u00e0<a href=\"https:\/\/www.koaci.com\/recherche?search=+Paris\" rel=\"nofollow noopener\" target=\"_blank\"> Paris<\/a>, en R\u00e9publique fran\u00e7aise. \u00c0 cette occasion, le Pr\u00e9sident de l\u2019Assembl\u00e9e nationale, Son Excellence Adama<a href=\"https:\/\/www.koaci.com\/recherche?search=+Bictogo\" rel=\"nofollow noopener\" target=\"_blank\"> Bictogo<\/a>, \u00e9galement Pr\u00e9sident de la section ivoirienne de l\u2019APF, et la Pr\u00e9sidente du S\u00e9nat, Son Excellence<a href=\"https:\/\/www.koaci.com\/recherche?search=+Kandia\" rel=\"nofollow noopener\" target=\"_blank\"> Kandia<\/a> Camara, conduiront une importante d\u00e9l\u00e9gation<a href=\"https:\/\/www.koaci.com\/recherche?search=+parlementaire\" rel=\"nofollow noopener\" target=\"_blank\"> parlementaire<\/a> ivoirienne.<\/p>\n<p>Cette session anniversaire de l\u2019APF rev\u00eat une dimension hautement strat\u00e9gique pour la diplomatie<a href=\"https:\/\/www.koaci.com\/recherche?search=+parlementaire\" rel=\"nofollow noopener\" target=\"_blank\"> parlementaire<\/a> francophone. Elle permettra aux repr\u00e9sentants des parlements membres de la<a href=\"https:\/\/www.koaci.com\/recherche?search=+Francophonie\" rel=\"nofollow noopener\" target=\"_blank\"> Francophonie<\/a> de se retrouver pour \u00e9changer sur des enjeux communs, autour des valeurs cardinales que sont la d\u00e9mocratie, la solidarit\u00e9, le d\u00e9veloppement durable, la coop\u00e9ration entre les peuples et la promotion de la langue fran\u00e7aise.\u00a0<\/p>\n<p>Les travaux s\u2019ouvriront le mercredi 9 juillet au S\u00e9nat fran\u00e7ais avec une r\u00e9union du Bureau de l\u2019APF. Dans la m\u00eame journ\u00e9e, de nombreuses rencontres bilat\u00e9rales sont pr\u00e9vues. Le Pr\u00e9sident Adama<a href=\"https:\/\/www.koaci.com\/recherche?search=+Bictogo\" rel=\"nofollow noopener\" target=\"_blank\"> Bictogo<\/a> \u00e9changera notamment avec la Pr\u00e9sidente de l\u2019Assembl\u00e9e nationale de Maurice, le Pr\u00e9sident de la Chambre des repr\u00e9sentants du Maroc et la Pr\u00e9sidente de l\u2019Assembl\u00e9e nationale fran\u00e7aise. De son c\u00f4t\u00e9, la Pr\u00e9sidente<a href=\"https:\/\/www.koaci.com\/recherche?search=+Kandia\" rel=\"nofollow noopener\" target=\"_blank\"> Kandia<\/a> Camara s\u2019entretiendra avec le Pr\u00e9sident du S\u00e9nat fran\u00e7ais ainsi que d\u2019autres hauts responsables<a href=\"https:\/\/www.koaci.com\/recherche?search=+parlementaire\" rel=\"nofollow noopener\" target=\"_blank\"> parlementaire<\/a>s.<\/p>\n<p>Ces \u00e9changes permettront de renforcer les liens interparlementaires et de discuter de grandes th\u00e9matiques telles que la gouvernance d\u00e9mocratique, la s\u00e9curit\u00e9 r\u00e9gionale, l\u2019\u00e9ducation et la participation des jeunes \u00e0 la vie publique.<\/p>\n<p><\/p>\n<p>Le jeudi 10 juillet sera marqu\u00e9 par la r\u00e9union du R\u00e9seau des femmes<a href=\"https:\/\/www.koaci.com\/recherche?search=+parlementaire\" rel=\"nofollow noopener\" target=\"_blank\"> parlementaire<\/a>s de l\u2019APF, tandis que le vendredi 11 juillet, les<a href=\"https:\/\/www.koaci.com\/recherche?search=+parlementaire\" rel=\"nofollow noopener\" target=\"_blank\"> parlementaire<\/a>s ivoiriens prendront une part active aux travaux des quatre commissions th\u00e9matiques. Ces commissions permettront d\u2019approfondir les r\u00e9flexions sur des sujets d\u2019int\u00e9r\u00eat commun et de pr\u00e9parer les r\u00e9solutions qui seront soumises \u00e0 la session pl\u00e9ni\u00e8re.<\/p>\n<p>Les travaux culmineront les samedi 12 et dimanche 13 juillet avec la tenue de la session pl\u00e9ni\u00e8re de l\u2019APF. Celle-ci sera consacr\u00e9e \u00e0 l\u2019adoption des r\u00e9solutions finales et \u00e0 la pr\u00e9sentation des d\u00e9clarations communes, marquant ainsi la cl\u00f4ture officielle de cette 50\u1d49 \u00e9dition.<\/p>\n<p>Le lundi 14 juillet, les Pr\u00e9sidents Adama<a href=\"https:\/\/www.koaci.com\/recherche?search=+Bictogo\" rel=\"nofollow noopener\" target=\"_blank\"> Bictogo<\/a> et<a href=\"https:\/\/www.koaci.com\/recherche?search=+Kandia\" rel=\"nofollow noopener\" target=\"_blank\"> Kandia<\/a> Camara assisteront au traditionnel d\u00e9fil\u00e9 du 14 juillet \u00e0<a href=\"https:\/\/www.koaci.com\/recherche?search=+Paris\" rel=\"nofollow noopener\" target=\"_blank\"> Paris<\/a>, \u00e0 l\u2019invitation des autorit\u00e9s fran\u00e7aises. Leur pr\u00e9sence \u00e0 cet \u00e9v\u00e9nement embl\u00e9matique t\u00e9moigne de la solidit\u00e9 des relations entre la C\u00f4te d\u2019Ivoire et la R\u00e9publique fran\u00e7aise, ainsi que de l\u2019engagement ivoirien au sein de la communaut\u00e9 francophone.<\/p>\n<p>La d\u00e9l\u00e9gation ivoirienne, compos\u00e9e \u00e9galement de d\u00e9put\u00e9s, de s\u00e9nateurs et de membres de l\u2019administration<a href=\"https:\/\/www.koaci.com\/recherche?search=+parlementaire\" rel=\"nofollow noopener\" target=\"_blank\"> parlementaire<\/a>, entend ainsi porter haut la voix de la C\u00f4te d\u2019Ivoire sur la sc\u00e8ne<a href=\"https:\/\/www.koaci.com\/recherche?search=+parlementaire\" rel=\"nofollow noopener\" target=\"_blank\"> parlementaire<\/a> internationale.<\/p>\n<p>Par leur participation \u00e0 cette session historique, les Pr\u00e9sidents des deux chambres r\u00e9affirment la volont\u00e9 de la C\u00f4te d\u2019Ivoire de d\u00e9fendre les id\u00e9aux de la<a href=\"https:\/\/www.koaci.com\/recherche?search=+Francophonie\" rel=\"nofollow noopener\" target=\"_blank\"> Francophonie<\/a><a href=\"https:\/\/www.koaci.com\/recherche?search=+parlementaire\" rel=\"nofollow noopener\" target=\"_blank\"> parlementaire<\/a>. Elle traduit l\u2019engagement constant du pays \u00e0 promouvoir la d\u00e9mocratie, la solidarit\u00e9, le dialogue et la coop\u00e9ration entre les peuples francophones.<\/p>\n<p><\/p>\n","protected":false},"excerpt":{"rendered":"\u00a9 Koaci.com &#8211; lundi 07 juillet 2025 &#8211; 13:40 La C\u00f4te d\u2019Ivoire prendra part \u00e0 la 50\u1d49 session&hellip;\n","protected":false},"author":2,"featured_media":233465,"comment_status":"","ping_status":"","sticky":false,"template":"","format":"standard","meta":{"footnotes":""},"categories":[1888],"tags":[1111,1928,47,11,1927,2813,1777,674,1011,27,1922,10109,10110,12,1926,626,1925,25],"class_list":{"0":"post-233464","1":"post","2":"type-post","3":"status-publish","4":"format-standard","5":"has-post-thumbnail","7":"category-paris","8":"tag-actu","9":"tag-actu-paris","10":"tag-actualite","11":"tag-actualites","12":"tag-actualites-paris","13":"tag-article","14":"tag-eu","15":"tag-europe","16":"tag-fr","17":"tag-france","18":"tag-info","19":"tag-koaci","20":"tag-koaci-cote-d","21":"tag-news","22":"tag-news-paris","23":"tag-paris","24":"tag-paris-news","25":"tag-republique-francaise"},"share_on_mastodon":{"url":"https:\/\/pubeurope.com\/@fr\/114813913374507950","error":""},"_links":{"self":[{"href":"https:\/\/www.europesays.com\/fr\/wp-json\/wp\/v2\/posts\/233464","targetHints":{"allow":["GET"]}}],"collection":[{"href":"https:\/\/www.europesays.com\/fr\/wp-json\/wp\/v2\/posts"}],"about":[{"href":"https:\/\/www.europesays.com\/fr\/wp-json\/wp\/v2\/types\/post"}],"author":[{"embeddable":true,"href":"https:\/\/www.europesays.com\/fr\/wp-json\/wp\/v2\/users\/2"}],"replies":[{"embeddable":true,"href":"https:\/\/www.europesays.com\/fr\/wp-json\/wp\/v2\/comments?post=233464"}],"version-history":[{"count":0,"href":"https:\/\/www.europesays.com\/fr\/wp-json\/wp\/v2\/posts\/233464\/revisions"}],"wp:featuredmedia":[{"embeddable":true,"href":"https:\/\/www.europesays.com\/fr\/wp-json\/wp\/v2\/media\/233465"}],"wp:attachment":[{"href":"https:\/\/www.europesays.com\/fr\/wp-json\/wp\/v2\/media?parent=233464"}],"wp:term":[{"taxonomy":"category","embeddable":true,"href":"https:\/\/www.europesays.com\/fr\/wp-json\/wp\/v2\/categories?post=233464"},{"taxonomy":"post_tag","embeddable":true,"href":"https:\/\/www.europesays.com\/fr\/wp-json\/wp\/v2\/tags?post=233464"}],"curies":[{"name":"wp","href":"https:\/\/api.w.org\/{rel}","templated":true}]}}