{"id":233478,"date":"2025-07-07T20:53:10","date_gmt":"2025-07-07T20:53:10","guid":{"rendered":"https:\/\/www.europesays.com\/fr\/233478\/"},"modified":"2025-07-07T20:53:10","modified_gmt":"2025-07-07T20:53:10","slug":"les-25-ans-du-programme-voltaire","status":"publish","type":"post","link":"https:\/\/www.europesays.com\/fr\/233478\/","title":{"rendered":"les 25 ans du programme Voltaire"},"content":{"rendered":"<p class=\"p-empty\">\u00a0<\/p>\n<p>Il est dix-huit heures, et dans la queue pour rentrer dans l&rsquo;espace \u00e9v\u00e8nementiel Festsaal Kreuzberg, on entend d\u00e9j\u00e0 les invit\u00e9s alterner entre fran\u00e7ais et allemand avec un naturel confondant. Ce brouhaha bilingue vient confirmer &#8211; si besoin \u00e9tait &#8211; l&rsquo;efficacit\u00e9 redoutable du programme Voltaire, qui f\u00eatait ce 3 juillet ses vingt-cinq ans, aux c\u00f4t\u00e9s de ses participants d&rsquo;aujourd&rsquo;hui ou d&rsquo;il y a quinze ans.\u00a0<\/p>\n<p>\u00ab\u00a0Une exp\u00e9rience unique\u00a0\u00bb, \u00ab\u00a0une aventure humaine\u00a0\u00bb, \u00ab\u00a0des souvenirs incroyables\u00a0\u00bb&#8230; Les compliments envers ce programme g\u00e9r\u00e9 par <a href=\"https:\/\/www.ofaj.org\/programmes-formations\/programme-dechange-voltaire#1\" target=\"_blank\" rel=\"nofollow noopener\">l&rsquo;Office franco-allemand pour la jeunesse (OFAJ)<\/a> et la <a href=\"https:\/\/centre-francais.de\/programme-voltaire\/\" target=\"_blank\" rel=\"nofollow noopener\">Centrale Voltaire du Centre fran\u00e7ais de Berlin<\/a> s&rsquo;encha\u00eenent sur la sc\u00e8ne, au rythme des prises de parole des organisateurs et invit\u00e9s. Autant de mani\u00e8res de c\u00e9l\u00e9brer un dispositif historique.\u00a0<\/p>\n<p class=\"p-empty\">\u00a0<\/p>\n<p>Rapprocher la jeunesse des deux pays<br \/>\u00a0<\/p>\n<p>Car le programme Voltaire, nomm\u00e9 d&rsquo;apr\u00e8s le philosophe fran\u00e7ais qui passa plusieurs ann\u00e9es aupr\u00e8s du roi de Prusse Fr\u00e9d\u00e9ric II, est l&rsquo;une des forces vives de l&rsquo;amiti\u00e9 franco-allemande. Son administrateur, l&rsquo;OFAJ, est un enfant du trait\u00e9 de l&rsquo;\u00c9lys\u00e9e, sign\u00e9 en 1963 par Adenauer et De Gaulle pour renforcer la coop\u00e9ration entre la RFA et la France, et qui \u00e9tablit en fer de lance de cette collaboration accrue la jeunesse des deux pays. En 2000, apr\u00e8s une phase de test d&rsquo;un an, cet organisme franco-allemand lance le programme Voltaire.<\/p>\n<p>S&rsquo;adressant aux \u00e9l\u00e8ves fran\u00e7ais (en classe de 3e et 2nde) et allemands (en classe de 8e, 9e et 10e), il \u00e9tablit des paires de correspondants, qui sur un an, vivront six mois en Allemagne, puis six mois en France, dans les familles des deux \u00e9l\u00e8ves. Depuis sa cr\u00e9ation, ce sont pr\u00e8s de 8 000 jeunes qui ont pu faire le voyage et d\u00e9couvrir la culture du voisin en s&rsquo;immergeant dans une famille et une nouvelle \u00e9cole.\u00a0<\/p>\n<blockquote>\n<p>La jeunesse est au c\u0153ur de l\u2019amiti\u00e9 franco-allemande, il y a 25 ans comme aujourd\u2019hui.\u00a0<\/p>\n<p>Anke Rehlinger, ministre-pr\u00e9sidente de la Sarre, pr\u00e9sidente du Bundesrat et pl\u00e9nipotentiaire d&rsquo;Allemagne, charg\u00e9e des relations culturelles franco-allemandes<\/p>\n<\/blockquote>\n<p>L&rsquo;objectif est de rassembler la jeunesse des deux pays, pour conjurer le spectre de la guerre qui conduisit les deux pays \u00e0 l&rsquo;ab\u00eeme lors du premier 20e si\u00e8cle. Pour Baptiste, parti en Allemagne avec l&rsquo;OFAJ il y a dix-huit ans, le pari semble r\u00e9ussi. Apr\u00e8s avoir fond\u00e9 une famille avec une Allemande, la derni\u00e8re \u00e9tape de son parcours de l&rsquo;autre c\u00f4t\u00e9 du Rhin s&rsquo;esquisse sous forme de questionnement : \u00ab\u00a0Qui sait, un jour, j&rsquo;aurais peut-\u00eatre la nationalit\u00e9 allemande\u00a0\u00bb.\u00a0<\/p>\n<p class=\"p-empty\">\u00a0<\/p>\n<p><img alt=\"Une Schult\u00fcte rouge est expos\u00e9e avec un petit texte racontant le souvenir associ\u00e9\" loading=\"lazy\" decoding=\"async\" data-nimg=\"fill\" class=\"drupal__img undefined\" style=\"position:absolute;height:100%;width:100%;left:0;top:0;right:0;bottom:0;object-fit:cover;color:transparent\"   src=\"https:\/\/www.europesays.com\/fr\/wp-content\/uploads\/2025\/07\/1751921590_350_image\"\/>La Schult\u00fcte de L\u00e9a, fabriqu\u00e9e par sa correspondante allemande pour son premier jour de cours, lors d&rsquo;un \u00e9change avec le programme Voltaire en 2006-2007\u00a0\u00a9 P\u00e9n\u00e9lope Le Mauguen &#8211; Lepetitjournal.com Allemagne\u00a0<\/p>\n<p>De nombreux souvenirs formateurs<br \/>\u00a0<\/p>\n<p>Une jeune fran\u00e7aise en \u00e9change \u00e0 Berlin chez sa correspondante anticipe d\u00e9j\u00e0 son d\u00e9part dans un mois : \u00ab\u00a0Ce qui me manquera le plus, ce seront les moments pass\u00e9s avec ma famille allemande\u00a0\u00ab\u00a0, d\u00e9plore-t-elle. La famille d&rsquo;accueil s&rsquo;\u00e9rige en v\u00e9ritable rep\u00e8re pour les jeunes, qui doivent s&rsquo;adapter rapidement \u00e0 un nouveau pays, une autre langue, une nouvelle \u00e9cole&#8230; et elle est souvent au c\u0153ur de l&rsquo;exp\u00e9rience des participants. Ainsi, si on demande \u00e0 Clara de partager un souvenir marquant de son \u00e9change en France, elle se rappelle cette fois, juste avant son d\u00e9part, o\u00f9 ses quatres soeurs fran\u00e7aises lui ont chant\u00e9 \u00ab\u00a0Ma soeur\u00a0\u00bb, de la chanteuse fran\u00e7aise Clara Luciani.\u00a0<\/p>\n<p>Au fond de la salle de f\u00eate, une petite exposition pr\u00e9sente justement les souvenirs d&rsquo;ancien\u2e31es participant\u2e31es : une\u00a0Schult\u00fcte (cornet plein de bonbons, fournitures scolaires et autres cadeaux que les familles allemandes offrent \u00e0 leur enfant, usuellement lors du passage en primaire) datant de 2006, une cr\u00eapi\u00e8re, une plaque \u00e0 Sp\u00e4tzle, quelques maillots d&rsquo;\u00e9quipes de sport, mais aussi un gilet jaune, sign\u00e9 par les amis fran\u00e7ais d&rsquo;Anton, en \u00e9change \u00e0 Marseille en 2017-2018 lors du mouvement de protestation fran\u00e7ais. Autant de souvenirs qui t\u00e9moignent de ces morceaux de vie pass\u00e9s plong\u00e9s dans la culture et la langue de l&rsquo;autre, et illustrent l&rsquo;impact profond du programme Voltaire sur la vie de ses participants.\u00a0<\/p>\n<p class=\"p-empty\">\u00a0<\/p>\n<p>Pour recevoir gratuitement notre newsletter du lundi au vendredi, <a href=\"https:\/\/lepetitjournal.com\/newsletter\" target=\"_blank\" rel=\"nofollow noopener\">inscrivez-vous<\/a> !<br \/>Pour nous suivre sur <a href=\"https:\/\/www.facebook.com\/LPJAllemagne\/\" target=\"_blank\" rel=\"nofollow noopener\">Facebook<\/a>, <a href=\"https:\/\/twitter.com\/LPJ_Allemagne\" target=\"_blank\" rel=\"nofollow noopener\">Twitter<\/a>,<a href=\"https:\/\/www.linkedin.com\/company\/lepetitjournal-com-allemagne\" target=\"_blank\" rel=\"nofollow noopener\"> LinkedIn<\/a> et <a href=\"https:\/\/www.instagram.com\/lpj_Allemagne\/\" target=\"_blank\" rel=\"nofollow noopener\">Instagram<\/a>.<\/p>\n<p><script async src=\"https:\/\/platform.twitter.com\/widgets.js\" charset=\"utf-8\"><\/script><script async src=\"\/\/www.instagram.com\/embed.js\"><\/script><\/p>\n","protected":false},"excerpt":{"rendered":"\u00a0 Il est dix-huit heures, et dans la queue pour rentrer dans l&rsquo;espace \u00e9v\u00e8nementiel Festsaal Kreuzberg, on entend&hellip;\n","protected":false},"author":2,"featured_media":233479,"comment_status":"","ping_status":"","sticky":false,"template":"","format":"standard","meta":{"footnotes":""},"categories":[1587],"tags":[11,672,1804,1805,1803,1777,674,1801,12,1802],"class_list":{"0":"post-233478","1":"post","2":"type-post","3":"status-publish","4":"format-standard","5":"has-post-thumbnail","7":"category-allemagne","8":"tag-actualites","9":"tag-allemagne","10":"tag-bundesrepublik-deutschland","11":"tag-de","12":"tag-deutschland","13":"tag-eu","14":"tag-europe","15":"tag-germany","16":"tag-news","17":"tag-republique-federale-dallemagne"},"share_on_mastodon":{"url":"https:\/\/pubeurope.com\/@fr\/114813940805016216","error":""},"_links":{"self":[{"href":"https:\/\/www.europesays.com\/fr\/wp-json\/wp\/v2\/posts\/233478","targetHints":{"allow":["GET"]}}],"collection":[{"href":"https:\/\/www.europesays.com\/fr\/wp-json\/wp\/v2\/posts"}],"about":[{"href":"https:\/\/www.europesays.com\/fr\/wp-json\/wp\/v2\/types\/post"}],"author":[{"embeddable":true,"href":"https:\/\/www.europesays.com\/fr\/wp-json\/wp\/v2\/users\/2"}],"replies":[{"embeddable":true,"href":"https:\/\/www.europesays.com\/fr\/wp-json\/wp\/v2\/comments?post=233478"}],"version-history":[{"count":0,"href":"https:\/\/www.europesays.com\/fr\/wp-json\/wp\/v2\/posts\/233478\/revisions"}],"wp:featuredmedia":[{"embeddable":true,"href":"https:\/\/www.europesays.com\/fr\/wp-json\/wp\/v2\/media\/233479"}],"wp:attachment":[{"href":"https:\/\/www.europesays.com\/fr\/wp-json\/wp\/v2\/media?parent=233478"}],"wp:term":[{"taxonomy":"category","embeddable":true,"href":"https:\/\/www.europesays.com\/fr\/wp-json\/wp\/v2\/categories?post=233478"},{"taxonomy":"post_tag","embeddable":true,"href":"https:\/\/www.europesays.com\/fr\/wp-json\/wp\/v2\/tags?post=233478"}],"curies":[{"name":"wp","href":"https:\/\/api.w.org\/{rel}","templated":true}]}}