{"id":233482,"date":"2025-07-07T20:55:09","date_gmt":"2025-07-07T20:55:09","guid":{"rendered":"https:\/\/www.europesays.com\/fr\/233482\/"},"modified":"2025-07-07T20:55:09","modified_gmt":"2025-07-07T20:55:09","slug":"ursula-von-der-leyen-sur-le-gril-face-a-une-motion-de-censure-deposee-par-lextreme-droite","status":"publish","type":"post","link":"https:\/\/www.europesays.com\/fr\/233482\/","title":{"rendered":"Ursula von der Leyen sur le gril face \u00e0 une motion de censure d\u00e9pos\u00e9e par l&rsquo;extr\u00eame droite"},"content":{"rendered":"<p>La pr\u00e9sidente de la Commission europ\u00e9enne Ursula von der Leyen est vis\u00e9e par une motion de censure d\u00e9pos\u00e9e par l\u2019extr\u00eame droite. Ce n\u2019\u00e9tait pas arriv\u00e9 depuis 11 ans. Cette motion de censure n\u2019a aucune chance de passer, mais la dirigeante allemande a subi un moment d\u00e9sagr\u00e9able.<\/p>\n<p>De notre envoy\u00e9 sp\u00e9cial au Parlement de Strasbourg,<\/p>\n<p>Il fallait la voir \u00e9couter sans ciller, comme \u00e0 son habitude, les discours des eurod\u00e9put\u00e9s qui n\u2019ont eu de cesse de critiquer sa politique. La motion de censure est port\u00e9e par un \u00e9lu roumain d\u2019extr\u00eame-droite qui lui reproche son manque de transparence pendant la crise du Covid.<\/p>\n<p>La plupart des familles politiques de droite et de gauche ne voteront pas le texte. Mais les d\u00e9put\u00e9s du groupe de<strong> <a href=\"https:\/\/www.rfi.fr\/fr\/tag\/jordan-bardella\/\" class=\"link \" rel=\"nofollow noopener\" target=\"_blank\" data-ylk=\"slk:Jordan Bardella;elm:context_link;itc:0;sec:content-canvas\">Jordan Bardella<\/a><\/strong>, eux, le feront des deux mains, \u00e0 l\u2019image du Fran\u00e7ais Fabrice Leggeri.<\/p>\n<p>\u00ab Ce vote n&rsquo;est pas simplement un geste d&rsquo;opposition, c&rsquo;est un acte de responsabilit\u00e9, car il ne s&rsquo;agit plus seulement de vous d\u00e9savouer. Il s&rsquo;agit de dire qu&rsquo;un autre chemin est possible, le retour du politique, le retour du peuple, le retour du r\u00e9el \u00bb, mart\u00e8le-t-il.<\/p>\n<p>Pr\u00eate \u00e0 se d\u00e9fendre jusqu&rsquo;au bout<\/p>\n<p>Devant un h\u00e9micycle clairsem\u00e9, mais agit\u00e9, <strong><a href=\"https:\/\/www.rfi.fr\/fr\/tag\/ursula-von-der-leyen\/\" class=\"link \" rel=\"nofollow noopener\" target=\"_blank\" data-ylk=\"slk:Ursula von der Leyen;elm:context_link;itc:0;sec:content-canvas\">Ursula von der Leyen<\/a><\/strong> \u00e9tait pr\u00eate \u00e0 ferrailler et \u00e0 se d\u00e9fendre jusqu\u2019au bout pour fustiger une op\u00e9ration de d\u00e9stabilisation de l\u2019Union europ\u00e9enne.<\/p>\n<p>La pr\u00e9sidente de la Commission s\u2019est content\u00e9e de promettre plus de concertation devant des d\u00e9put\u00e9s qui ont d\u00e9j\u00e0 entendu ces paroles par le pass\u00e9.<\/p>\n<p><a href=\"https:\/\/www.rfi.fr\/fr\/europe\/20250707-ue-ursula-von-der-leyen-sur-le-gril-face-%C3%A0-une-motion-de-censure-d%C3%A9pos%C3%A9e-par-l-extr%C3%AAme-droite\" rel=\"nofollow noopener\" target=\"_blank\" data-ylk=\"slk:Lire la suite sur RFI;elm:context_link;itc:0;sec:content-canvas\" class=\"link \">Lire la suite sur RFI<\/a><\/p>\n","protected":false},"excerpt":{"rendered":"La pr\u00e9sidente de la Commission europ\u00e9enne Ursula von der Leyen est vis\u00e9e par une motion de censure d\u00e9pos\u00e9e&hellip;\n","protected":false},"author":2,"featured_media":233483,"comment_status":"","ping_status":"","sticky":false,"template":"","format":"standard","meta":{"footnotes":""},"categories":[1586],"tags":[11,2196,1777,674,1779,1011,27,1077,26542,12,37223,25,1778,364,2544],"class_list":{"0":"post-233482","1":"post","2":"type-post","3":"status-publish","4":"format-standard","5":"has-post-thumbnail","7":"category-europe","8":"tag-actualites","9":"tag-commission-europeenne","10":"tag-eu","11":"tag-europe","12":"tag-european-union","13":"tag-fr","14":"tag-france","15":"tag-jordan-bardella","16":"tag-motion-de-censure","17":"tag-news","18":"tag-parlement-de-strasbourg","19":"tag-republique-francaise","20":"tag-ue","21":"tag-union-europeenne","22":"tag-ursula-von-der-leyen"},"share_on_mastodon":{"url":"https:\/\/pubeurope.com\/@fr\/114813948679801474","error":""},"_links":{"self":[{"href":"https:\/\/www.europesays.com\/fr\/wp-json\/wp\/v2\/posts\/233482","targetHints":{"allow":["GET"]}}],"collection":[{"href":"https:\/\/www.europesays.com\/fr\/wp-json\/wp\/v2\/posts"}],"about":[{"href":"https:\/\/www.europesays.com\/fr\/wp-json\/wp\/v2\/types\/post"}],"author":[{"embeddable":true,"href":"https:\/\/www.europesays.com\/fr\/wp-json\/wp\/v2\/users\/2"}],"replies":[{"embeddable":true,"href":"https:\/\/www.europesays.com\/fr\/wp-json\/wp\/v2\/comments?post=233482"}],"version-history":[{"count":0,"href":"https:\/\/www.europesays.com\/fr\/wp-json\/wp\/v2\/posts\/233482\/revisions"}],"wp:featuredmedia":[{"embeddable":true,"href":"https:\/\/www.europesays.com\/fr\/wp-json\/wp\/v2\/media\/233483"}],"wp:attachment":[{"href":"https:\/\/www.europesays.com\/fr\/wp-json\/wp\/v2\/media?parent=233482"}],"wp:term":[{"taxonomy":"category","embeddable":true,"href":"https:\/\/www.europesays.com\/fr\/wp-json\/wp\/v2\/categories?post=233482"},{"taxonomy":"post_tag","embeddable":true,"href":"https:\/\/www.europesays.com\/fr\/wp-json\/wp\/v2\/tags?post=233482"}],"curies":[{"name":"wp","href":"https:\/\/api.w.org\/{rel}","templated":true}]}}