{"id":233489,"date":"2025-07-07T21:00:09","date_gmt":"2025-07-07T21:00:09","guid":{"rendered":"https:\/\/www.europesays.com\/fr\/233489\/"},"modified":"2025-07-07T21:00:09","modified_gmt":"2025-07-07T21:00:09","slug":"cest-la-premiere-fois-que-je-remets-le-costume-des-jo-les-bleus-du-volley-decores-a-lelysee-un-an-apres-leur-deuxieme-titre-olympique-lequipe","status":"publish","type":"post","link":"https:\/\/www.europesays.com\/fr\/233489\/","title":{"rendered":"\u00ab C&#039;est la premi\u00e8re fois que je remets le costume des JO \u00bb : les Bleus du volley d\u00e9cor\u00e9s \u00e0 l&#039;Elys\u00e9e un an apr\u00e8s leur deuxi\u00e8me titre olympique &#8211; L&#039;\u00c9quipe"},"content":{"rendered":"<ol>\n<li><a href=\"https:\/\/news.google.com\/rss\/articles\/CBMirAJBVV95cUxOQU9XcGRtNWN5Tm03VHJSNXJzT0U4eDBNbFlwUkxMaG9IRmxjMXRucWkyN2IzcERPTmQ0RmNEWTV1eEQycUFmYlhDNEd5RFBIMDk3MWtBMFNJTHR2aW10NWhMbGozanFXZkR4ckZHLVNDSUNvNjVxY3drNkNlZ0RTdVpVNnRLMno5V3IxTGVWUWxEQWJQdDAxSFpFQTVncmRwZ3lId1gwTVNWU3NkT3NPWDlpT1lXeHFoTHB5dE9aQmF1bjloclNNZ2xMZmtqVE9BYlBuRXJEZlF2MFl0N25DR043TUZRLXV4eDlKSzduUFFYVFJRaW1tMzRXeEthbGNvTER0enZaOEVmTzB1S0JzRFdVQ2FtVjRrTVJ1QzRjbVh3TGhoZVJlUGsyd3o?oc=5\" target=\"_blank\" rel=\"nofollow noopener\">\u00ab C&rsquo;est la premi\u00e8re fois que je remets le costume des JO \u00bb : les Bleus du volley d\u00e9cor\u00e9s \u00e0 l&rsquo;Elys\u00e9e un an apr\u00e8s leur deuxi\u00e8me titre olympique<\/a>&nbsp;&nbsp;L&rsquo;\u00c9quipe<\/li>\n<li><a href=\"https:\/\/news.google.com\/rss\/articles\/CBMi9wFBVV95cUxPU2dUUnpLdUljU3AzMm5KS3V6ZlBEUVc2dnMyU1g4MUpUMnZuSjFXbUlrOC1iOUlVN05DQjJBd1hTUGQwZXh5YzFpTWZrQzVqS1FxTnJrdzNUNWJSUXAwS1Z6TlprRkt6ZHVfVDdUVS1BbG1HN2FPU3lXOWFlWFRRT0UweWFIVFhqcG5PYXBscTh4eXJxMV9CS2NRX3Y0T29SZGxpaEd6T0N3cHh5NVYzMU5Fdkt6U1Q0TkZuRHRlb2UteUoxaUl0UjRMaVZZd3lycHZITU1RZHlZbEw2c2xaaGtHb0UySHliaTU3a3piRTBWR1BoRHZV?oc=5\" target=\"_blank\" rel=\"nofollow noopener\">Volley-ball. Earvin Ngapeth quitte l\u2019\u00e9quipe de France pour Capbreton afin de soigner un genou avant le Mondial<\/a>&nbsp;&nbsp;Sud Ouest<\/li>\n<li><a href=\"https:\/\/news.google.com\/rss\/articles\/CBMitwFBVV95cUxQYldjNlU3Q0VpaXNpaTJEX1p3UDFLZmJycm9tMk9jWmJESVVpWE9odHAtbUxkcS1mUk1xNHVsdUhZTWprb2hMRGlQY1VReGVkR1FoRVNwd2todk0zY1l3Z1hoT3J6MXJqR25KRFcxLXFVRVpSY0taZGRHeEVOTTh2VWdvc01oVVowVWdfd2pwM3pER2podEU4V2FLdVVWNHlWSGpyaklXQUkzTnRwNXlRbmRxS01tTTg?oc=5\" target=\"_blank\" rel=\"nofollow noopener\">Volley-ball: deux internationaux varois honor\u00e9s par Emmanuel Macron \u00e0 l&rsquo;Elys\u00e9e<\/a>&nbsp;&nbsp;Var-Matin<\/li>\n<li><a href=\"https:\/\/news.google.com\/rss\/articles\/CBMi_AFBVV95cUxQOXhpSWFScDZ2Vzd3VzluMHF4UU5rdkF5Y1hWZjBTdEVISTVHZDB3ZkU0RlJFdVR3dkdZTG14andqOEZtMThTVWxoOXRhUVNzejB2eXR4VmtVbnVVVVlxT3RXUWx6YWVNc0Y4b19MWWlOcE9iUUlxOS1qMUJwMVNMQjNCUWgzQTN0NnZ1bXI3Z0R5bzNoei1nOW1WdTU0T0d0SC1pZVBURnlxYnptTFFXRUR1OEFRaS0zcDJHeU51U2FvNnp6Z1JMOUZpVXd5Ri1nZlE4T1o1a1RtNk5ONFd1eTY5WHpjdjNIZXk5OEt6TklFMlN0WTgxekIwU2s?oc=5\" target=\"_blank\" rel=\"nofollow noopener\">\u00ab J\u2019ai des frissons \u00bb : quand les Bleus du volley, double champions olympiques, sont d\u00e9cor\u00e9s \u00e0 l\u2019\u00c9lys\u00e9e<\/a>&nbsp;&nbsp;Le Parisien<\/li>\n<li><a href=\"https:\/\/news.google.com\/rss\/articles\/CBMi4wFBVV95cUxPQmJ3UTRDUER1QTQzZTZ0bnYxTHhmOWFpQkhPejEzclpJcHYxMW9fUVVNeDJUeWlXZkRKYzdzLTBqUU5yX1dIc1NsUHFiZFp6ZTVCNGlISG5sNWQxUVEzVmlDeTVxMEtRZzE5NlBDLU16MXRCSGp5S3RmYWdqZ3NMaXRNRTNZYm5RSUpwV1Q1YUxxUTk5LVYtbC13UzJ1LWpyZmEtUFNieXlMTER4dkVHcGVmNDhEREYtSVZjTmhQLUFVeUNBVld6bWdFbDdHVTlqRWZTV2pZRFR4OVV6NGMxSGtOVQ?oc=5\" target=\"_blank\" rel=\"nofollow noopener\">Paris 2024 : Emmanuel Macron va d\u00e9corer les volleyeurs champions olympiques lundi<\/a>&nbsp;&nbsp;France Info<\/li>\n<\/ol>\n","protected":false},"excerpt":{"rendered":"\u00ab C&rsquo;est la premi\u00e8re fois que je remets le costume des JO \u00bb : les Bleus du volley&hellip;\n","protected":false},"author":2,"featured_media":233490,"comment_status":"","ping_status":"","sticky":false,"template":"","format":"standard","meta":{"footnotes":""},"categories":[1417],"tags":[1011,27,60,1470,1469],"class_list":{"0":"post-233489","1":"post","2":"type-post","3":"status-publish","4":"format-standard","5":"has-post-thumbnail","7":"category-volley","8":"tag-fr","9":"tag-france","10":"tag-sports","11":"tag-volley","12":"tag-volleyball"},"share_on_mastodon":{"url":"https:\/\/pubeurope.com\/@fr\/114813969244132068","error":""},"_links":{"self":[{"href":"https:\/\/www.europesays.com\/fr\/wp-json\/wp\/v2\/posts\/233489","targetHints":{"allow":["GET"]}}],"collection":[{"href":"https:\/\/www.europesays.com\/fr\/wp-json\/wp\/v2\/posts"}],"about":[{"href":"https:\/\/www.europesays.com\/fr\/wp-json\/wp\/v2\/types\/post"}],"author":[{"embeddable":true,"href":"https:\/\/www.europesays.com\/fr\/wp-json\/wp\/v2\/users\/2"}],"replies":[{"embeddable":true,"href":"https:\/\/www.europesays.com\/fr\/wp-json\/wp\/v2\/comments?post=233489"}],"version-history":[{"count":0,"href":"https:\/\/www.europesays.com\/fr\/wp-json\/wp\/v2\/posts\/233489\/revisions"}],"wp:featuredmedia":[{"embeddable":true,"href":"https:\/\/www.europesays.com\/fr\/wp-json\/wp\/v2\/media\/233490"}],"wp:attachment":[{"href":"https:\/\/www.europesays.com\/fr\/wp-json\/wp\/v2\/media?parent=233489"}],"wp:term":[{"taxonomy":"category","embeddable":true,"href":"https:\/\/www.europesays.com\/fr\/wp-json\/wp\/v2\/categories?post=233489"},{"taxonomy":"post_tag","embeddable":true,"href":"https:\/\/www.europesays.com\/fr\/wp-json\/wp\/v2\/tags?post=233489"}],"curies":[{"name":"wp","href":"https:\/\/api.w.org\/{rel}","templated":true}]}}