{"id":233491,"date":"2025-07-07T21:01:12","date_gmt":"2025-07-07T21:01:12","guid":{"rendered":"https:\/\/www.europesays.com\/fr\/233491\/"},"modified":"2025-07-07T21:01:12","modified_gmt":"2025-07-07T21:01:12","slug":"notre-pere-est-neo-zelandais-plutot-all-blacks-ou-xv-de-france-sam-spring-repond","status":"publish","type":"post","link":"https:\/\/www.europesays.com\/fr\/233491\/","title":{"rendered":"\u00a0\u00bbNotre p\u00e8re est N\u00e9o-Z\u00e9landais\u00a0\u00bb\u2026 Plut\u00f4t All Blacks ou XV de France ? Sam Spring r\u00e9pond"},"content":{"rendered":"<p>Samedi dernier, <a href=\"https:\/\/www.lerugbynistere.fr\/fiches-joueurs\/tom-spring.php\" ui-sref=\"app.player({playerId: 14377})\" alt=\"Tom Spring\" data-route=\"app.player\" data-param=\"playerId\" data-id=\"14377\" rel=\"nofollow noopener\" target=\"_blank\">Tom Spring<\/a> a donc particip\u00e9 \u00e0 la courte et tr\u00e8s encourageantes d\u00e9faite du <a href=\"https:\/\/www.lerugbynistere.fr\/equipes-nationales\/xv-de-france.php\" ui-sref=\"app.team({teamId: 65})\" alt=\"XV de France\" data-route=\"app.team\" data-param=\"teamId\" data-id=\"65\" rel=\"nofollow noopener\" target=\"_blank\">XV de France<\/a> face All blacks. Si le gamin de Garazi n\u2019a eu que tr\u00e8s peu de munitions \u00e0 se mettre sous la dents, il fut appliqu\u00e9 et tr\u00e8s volontaire en d\u00e9fense, multipliant notamment les courses sans ballon et les retours d\u00e9fensifs, en plus de gratifier le public du Forsyth Barr Stadium d\u2019un superbe tchik-tchak en seconde p\u00e9riode.<\/p>\n<p><a class=\"inserer_lien_article\" href=\"https:\/\/www.lerugbynistere.fr\/news\/xv-de-france-comme-dusautoir-en-2007-le-white-destroyer-alex-fischer-sest-fait-un-nom-au-pays-des-all-blacks-0507251153.php\" data-id=\"45470\" data-route=\"app.article\" data-param=\"articleId\" ui-sref=\"app.article({articleId: 45470})\" alt=\"XV DE FRANCE. Comme Dusautoir en 2007, le &#039;&#039;White Destroyer&#039;&#039; Alex Fischer s\u2019est fait un nom au pays des All Blacks\" title=\"XV DE FRANCE. Comme Dusautoir en 2007, le &#039;&#039;White Destroyer&#039;&#039; Alex Fischer s\u2019est fait un nom au pays des All Blacks\" rel=\"nofollow noopener\" target=\"_blank\"><img decoding=\"async\" src=\"https:\/\/www.europesays.com\/fr\/wp-content\/uploads\/2025\/07\/yt-05-07-25-408.jpg\" alt=\"XV DE FRANCE. Comme Dusautoir en 2007, le ''White Destroyer'' Alex Fischer s\u2019est fait un nom au pays des All Blacks\"\/>XV DE FRANCE. Comme Dusautoir en 2007, le \u00a0\u00bbWhite Destroyer\u00a0\u00bb Alex Fischer s\u2019est fait un nom au pays des All Blacks<\/a><\/p>\n<p>Un match particulier pour le 3\/4 de l\u2019Aviron Bayonnais qui disputait l\u00e0 sa premi\u00e8re s\u00e9lection, et bien plus encore.<\/p>\n<p>Car vous le savez probablement d\u00e9sormais, l\u2019ailier\/arri\u00e8re de 22 ans poss\u00e8de les deux origines : la France de par sa m\u00e8re, le pays o\u00f9 il a grandi. Et la <a href=\"https:\/\/www.lerugbynistere.fr\/equipes-nationales\/all-blacks.php\" ui-sref=\"app.team({teamId: 24})\" alt=\"Nouvelle-Z\u00e9lande\" data-route=\"app.team\" data-param=\"teamId\" data-id=\"24\" rel=\"nofollow noopener\" target=\"_blank\">Nouvelle-Z\u00e9lande<\/a> via son p\u00e8re, o\u00f9 vit d\u2019ailleurs encore toute la faille du c\u00f4t\u00e9 paternel, entre\u00a0Rotorua\u00a0et Wellington.<\/p>\n<p>Sean Spring est lui-m\u00eame un demi d\u2019ouverture <a href=\"https:\/\/www.lerugbynistere.fr\/equipes-nationales\/maori-all-blacks.php\" ui-sref=\"app.team({teamId: 2597})\" alt=\"Maori\" data-route=\"app.team\" data-param=\"teamId\" data-id=\"2597\" rel=\"nofollow noopener\" target=\"_blank\">Maori<\/a> de talent, venu en France pour le rugby dans les ann\u00e9es 90 avant de rencontrer sa femme et d\u2019y fonder une famille. Et c\u2019est donc au Pays basque qu\u2019il a fait grandir ses enfants.<\/p>\n<p><a class=\"inserer_lien_article\" href=\"https:\/\/www.lerugbynistere.fr\/news\/comme-les-bleus-villiere-et-spring-ces-anciens-amateurs-qui-ont-debute-en-federale-1-avant-dacceder-au-top-14-0307251823.php\" data-id=\"45457\" data-route=\"app.article\" data-param=\"articleId\" ui-sref=\"app.article({articleId: 45457})\" alt=\"Comme les Bleus Villi\u00e8re et Spring, ces anciens amateurs qui ont d\u00e9but\u00e9 en F\u00e9d\u00e9rale 1 avant d\u2019acc\u00e9der au Top 14\" title=\"Comme les Bleus Villi\u00e8re et Spring, ces anciens amateurs qui ont d\u00e9but\u00e9 en F\u00e9d\u00e9rale 1 avant d\u2019acc\u00e9der au Top 14\" rel=\"nofollow noopener\" target=\"_blank\"><img decoding=\"async\" src=\"https:\/\/www.europesays.com\/fr\/wp-content\/uploads\/2025\/07\/yt-03-07-25-9107.jpg\" alt=\"Comme les Bleus Villi\u00e8re et Spring, ces anciens amateurs qui ont d\u00e9but\u00e9 en F\u00e9d\u00e9rale 1 avant d\u2019acc\u00e9der au Top 14\"\/>Comme les Bleus Villi\u00e8re et Spring, ces anciens amateurs qui ont d\u00e9but\u00e9 en F\u00e9d\u00e9rale 1 avant d\u2019acc\u00e9der au Top 14<\/a><\/p>\n<p>Pour autant, le choix est-il facile \u00e0 faire pour la fratrie Spring lorsque le XV de France et les All Blacks s\u2019affrontent ?<\/p>\n<p>\u00ab\u00a0Notre p\u00e8re est N\u00e9o-Z\u00e9landais est c\u2019est lui qui nous a appris le rugby, donc forc\u00e9ment, quand tu es petit, tu supportes la Nouvelle-Z\u00e9lande\u00a0\u00bb, avouait <a href=\"https:\/\/www.lerugbynistere.fr\/fiches-joueurs\/sam-spring.php\" ui-sref=\"app.player({playerId: 13775})\" alt=\"Sam Spring\" data-route=\"app.player\" data-param=\"playerId\" data-id=\"13775\" rel=\"nofollow noopener\" target=\"_blank\">Sam Spring<\/a>, le jumeau de Tom et 3\/4 centre de <a href=\"https:\/\/www.lerugbynistere.fr\/clubs\/bo-biarritz-olympique.php\" ui-sref=\"app.team({teamId: 56})\" alt=\"Biarritz\" data-route=\"app.team\" data-param=\"teamId\" data-id=\"56\" rel=\"nofollow noopener\" target=\"_blank\">Biarritz<\/a>, pour le podcast \u00ab\u00a0les cachotteries de Fondacci\u00a0\u00bb. Ses r\u00e9f\u00e9rences ? <a href=\"https:\/\/www.lerugbynistere.fr\/fiches-joueurs\/maa-nonu.php\" ui-sref=\"app.player({playerId: 2404})\" alt=\"Ma&#039;a Nonu\" data-route=\"app.player\" data-param=\"playerId\" data-id=\"2404\" rel=\"nofollow noopener\" target=\"_blank\">Ma&rsquo;a Nonu<\/a> et <a href=\"https:\/\/www.lerugbynistere.fr\/fiches-joueurs\/rieko-ioane.php\" ui-sref=\"app.player({playerId: 4660})\" alt=\"Rieko Ioane\" data-route=\"app.player\" data-param=\"playerId\" data-id=\"4660\" rel=\"nofollow noopener\" target=\"_blank\">Rieko Ioane<\/a> \u00e0 des \u00e9poques diff\u00e9rentes&#8230;<\/p>\n<p>Mais aujourd\u2019hui, ses fr\u00e8res sont internationaux fran\u00e7ais, pour le pays dans lequel ils ont grandi et dans lequel ils ont tous les 3 professionnels. \u00ab\u00a0Cette fois, je supporterai le XV de France\u00a0\u00bb, confiait-il avant le d\u00e9but de la tourn\u00e9e. Mais plus largement, \u00ab\u00a0je supporte les 2 \u00e9quipes de la m\u00eame mani\u00e8re. Je suis toujours content, pour l\u2019une comme pour l\u2019autre.\u00a0\u00bb\u00a0<\/p>\n","protected":false},"excerpt":{"rendered":"Samedi dernier, Tom Spring a donc particip\u00e9 \u00e0 la courte et tr\u00e8s encourageantes d\u00e9faite du XV de France&hellip;\n","protected":false},"author":2,"featured_media":233492,"comment_status":"","ping_status":"","sticky":false,"template":"","format":"standard","meta":{"footnotes":""},"categories":[1416],"tags":[1011,27,479,1468,60],"class_list":{"0":"post-233491","1":"post","2":"type-post","3":"status-publish","4":"format-standard","5":"has-post-thumbnail","7":"category-rugby","8":"tag-fr","9":"tag-france","10":"tag-rugby","11":"tag-rugby-football","12":"tag-sports"},"share_on_mastodon":{"url":"https:\/\/pubeurope.com\/@fr\/114813972285232045","error":""},"_links":{"self":[{"href":"https:\/\/www.europesays.com\/fr\/wp-json\/wp\/v2\/posts\/233491","targetHints":{"allow":["GET"]}}],"collection":[{"href":"https:\/\/www.europesays.com\/fr\/wp-json\/wp\/v2\/posts"}],"about":[{"href":"https:\/\/www.europesays.com\/fr\/wp-json\/wp\/v2\/types\/post"}],"author":[{"embeddable":true,"href":"https:\/\/www.europesays.com\/fr\/wp-json\/wp\/v2\/users\/2"}],"replies":[{"embeddable":true,"href":"https:\/\/www.europesays.com\/fr\/wp-json\/wp\/v2\/comments?post=233491"}],"version-history":[{"count":0,"href":"https:\/\/www.europesays.com\/fr\/wp-json\/wp\/v2\/posts\/233491\/revisions"}],"wp:featuredmedia":[{"embeddable":true,"href":"https:\/\/www.europesays.com\/fr\/wp-json\/wp\/v2\/media\/233492"}],"wp:attachment":[{"href":"https:\/\/www.europesays.com\/fr\/wp-json\/wp\/v2\/media?parent=233491"}],"wp:term":[{"taxonomy":"category","embeddable":true,"href":"https:\/\/www.europesays.com\/fr\/wp-json\/wp\/v2\/categories?post=233491"},{"taxonomy":"post_tag","embeddable":true,"href":"https:\/\/www.europesays.com\/fr\/wp-json\/wp\/v2\/tags?post=233491"}],"curies":[{"name":"wp","href":"https:\/\/api.w.org\/{rel}","templated":true}]}}