{"id":233493,"date":"2025-07-07T21:02:10","date_gmt":"2025-07-07T21:02:10","guid":{"rendered":"https:\/\/www.europesays.com\/fr\/233493\/"},"modified":"2025-07-07T21:02:10","modified_gmt":"2025-07-07T21:02:10","slug":"mene-deux-sets-a-zero-sinner-profite-de-labandon-dechirant-de-dimitrov-pour-rejoindre-les-quarts","status":"publish","type":"post","link":"https:\/\/www.europesays.com\/fr\/233493\/","title":{"rendered":"men\u00e9 deux sets \u00e0 z\u00e9ro, Sinner profite de l\u2019abandon d\u00e9chirant de Dimitrov pour rejoindre les quarts"},"content":{"rendered":"<p>Domin\u00e9 de la t\u00eate et des \u00e9paules par le Bulgare, l\u2019Italien se qualifie miraculeusement en quart ce lundi apr\u00e8s la blessure terrible de Grigor Dimitrov qui a d\u00fb abandonner au milieu du 3e set (3-6, 5-7, 2-2 ab).<\/p>\n<p class=\"fig-paragraph\">Un v\u00e9ritable cr\u00e8ve-c\u0153ur. Alors qu\u2019il menait deux manches \u00e0 rien contre le num\u00e9ro 1 mondial\u00a0<a href=\"http:\/\/www.lefigaro.fr\/sports\/tennis\/wimbledon\/wimbledon-nous-partageons-de-nombreuses-similitudes-en-termes-de-style-de-jeu-glisse-djokovic-a-propos-de-sinner-20250706\" data-fig-type=\"NewsFlash\" data-gtm-custom-categorie=\"navigation\" data-gtm-custom-action=\"crossclick\" data-gtm-custom-label=\"Contextuel\" data-gtm-event=\"customEventSPE\" data-fig-domain=\"LEFIGARO\" target=\"_blank\" rel=\"noopener\">Jannik Sinner<\/a>\u00a0en 8es de finale, Grigor Dimitrov a \u00e9t\u00e9 contraint d\u2019abandonner \u00e0 2-2 dans la troisi\u00e8me manche, visiblement victime d\u2019une blessure au muscle pectoral. Grima\u00e7ant de douleur et se palpant le torse pr\u00e8s de son \u00e9paule droite, apr\u00e8s avoir servi. Venu \u00e0 son chevet, Jannik Sinner, \u00e9tait forc\u00e9ment g\u00ean\u00e9 et mal \u00e0 l\u2019aise de ce coup du sort, alors qu\u2019il n\u2019avait pas encore trouv\u00e9 la solution contre son adversaire.<\/p>\n<p class=\"fig-paragraph\">Quittant le court quelques instants plus tard pour recevoir des soins, il n\u2019y a pas eu de miracle pour Dimitrov. En larmes, le Bulgare a annonc\u00e9 quelques minutes plus tard \u00e0 son adversaire qu\u2019il n\u2019\u00e9tait pas en mesure de reprendre la partie. Souvent plomb\u00e9 par des p\u00e9pins physiques, le joueur de 34 ans, encha\u00eene l\u00e0 son cinqui\u00e8me abandon d\u2019affil\u00e9e en Grand Chelem. Le Bulgare n\u2019a plus perdu les armes \u00e0 la main dans un des quatre Majeurs depuis sa d\u00e9faite contre&#8230; Jannik Sinner en quarts de finale de Roland-Garros en 2024.<\/p>\n<blockquote class=\"fig-quote&#10;    \">\n<p class=\"fig-quote__text\">Je ne consid\u00e8re pas du tout ce r\u00e9sultat comme une victoire<\/p>\n<p>            Jannik Sinner\n    <\/p><\/blockquote>\n<p>                                    <a class=\"fig-a11y-skip a11y-hidden\" href=\"#fig-a11y-skip-main-inarticle\"><br \/>\n        Passer la publicit\u00e9<br \/>\n    <\/a><\/p>\n<p class=\"fig-paragraph\">On ne saura jamais si l\u2019Italien aurait pu r\u00e9ussir une Remontada, alors que le toit du Central s\u2019\u00e9tait ferm\u00e9 \u00e0 l\u2019entame du 3e set. Une certitude\u00a0: le finaliste malheureux du dernier Roland-Garros ne s\u2019est pas montr\u00e9 tr\u00e8s rassurant durant les deux premiers actes face \u00e0 un Dimitrov des grands jours qui a pris l\u2019Italien \u00e0 la gorge avec une longueur parfaite en retour. et qui a servi 6 aces dans le premier set.<\/p>\n<p class=\"fig-paragraph\">\u00c0 l\u2019image de\u00a0<a href=\"http:\/\/www.lefigaro.fr\/sports\/tennis\/wimbledon\/wimbledon-j-ai-une-chance-de-gagner-le-tournoi-assure-djokovic-20250707\" data-fig-type=\"NewsFlash\" data-gtm-custom-categorie=\"navigation\" data-gtm-custom-action=\"crossclick\" data-gtm-custom-label=\"Contextuel\" data-gtm-event=\"customEventSPE\" data-fig-domain=\"LEFIGARO\" target=\"_blank\" rel=\"noopener\">Djokovic contre de Minaur<\/a>, le num\u00e9ro un mondial est de son c\u00f4t\u00e9 pass\u00e9 compl\u00e8tement \u00e0 travers de son d\u00e9but de match en \u00ab offrant\u00bb le break au Bulgare d\u2019un coup droit dans le filet. Pas en rythme, en difficult\u00e9 sur ses services, peu inspir\u00e9 en retour&#8230; et touch\u00e9 au coude droit apr\u00e8s une chute. Mais c\u2019est bien lui qui d\u00e9fiera Ben Shelton en quarts. \u00abJe ne consid\u00e8re pas du tout ce r\u00e9sultat comme une victoire\u00bb, a insist\u00e9 Sinner. \u00abC\u2019est un moment malheureux auquel aucun d\u2019entre nous n\u2019aime assister\u00bb, a r\u00e9agi \u00e0 chaud l\u2019Italien sur le Central, avant de faire applaudir son adversaire par le public.<\/p>\n","protected":false},"excerpt":{"rendered":"Domin\u00e9 de la t\u00eate et des \u00e9paules par le Bulgare, l\u2019Italien se qualifie miraculeusement en quart ce lundi&hellip;\n","protected":false},"author":2,"featured_media":233494,"comment_status":"","ping_status":"","sticky":false,"template":"","format":"standard","meta":{"footnotes":""},"categories":[1415],"tags":[1011,27,37224,20859,60,1467],"class_list":{"0":"post-233493","1":"post","2":"type-post","3":"status-publish","4":"format-standard","5":"has-post-thumbnail","7":"category-tennis","8":"tag-fr","9":"tag-france","10":"tag-grigor-dimitrov","11":"tag-jannik-sinner","12":"tag-sports","13":"tag-tennis"},"share_on_mastodon":{"url":"","error":""},"_links":{"self":[{"href":"https:\/\/www.europesays.com\/fr\/wp-json\/wp\/v2\/posts\/233493","targetHints":{"allow":["GET"]}}],"collection":[{"href":"https:\/\/www.europesays.com\/fr\/wp-json\/wp\/v2\/posts"}],"about":[{"href":"https:\/\/www.europesays.com\/fr\/wp-json\/wp\/v2\/types\/post"}],"author":[{"embeddable":true,"href":"https:\/\/www.europesays.com\/fr\/wp-json\/wp\/v2\/users\/2"}],"replies":[{"embeddable":true,"href":"https:\/\/www.europesays.com\/fr\/wp-json\/wp\/v2\/comments?post=233493"}],"version-history":[{"count":0,"href":"https:\/\/www.europesays.com\/fr\/wp-json\/wp\/v2\/posts\/233493\/revisions"}],"wp:featuredmedia":[{"embeddable":true,"href":"https:\/\/www.europesays.com\/fr\/wp-json\/wp\/v2\/media\/233494"}],"wp:attachment":[{"href":"https:\/\/www.europesays.com\/fr\/wp-json\/wp\/v2\/media?parent=233493"}],"wp:term":[{"taxonomy":"category","embeddable":true,"href":"https:\/\/www.europesays.com\/fr\/wp-json\/wp\/v2\/categories?post=233493"},{"taxonomy":"post_tag","embeddable":true,"href":"https:\/\/www.europesays.com\/fr\/wp-json\/wp\/v2\/tags?post=233493"}],"curies":[{"name":"wp","href":"https:\/\/api.w.org\/{rel}","templated":true}]}}